

{"id":28670,"date":"2017-03-02T19:48:24","date_gmt":"2017-03-02T22:48:24","guid":{"rendered":"http:\/\/portalfloresnoar.com\/floresnoar\/?p=28670"},"modified":"2017-05-06T11:58:34","modified_gmt":"2017-05-06T14:58:34","slug":"agenda-pe-iniciacao-em-deeksha-retiro-despertar-da-consciencia-dias-5-6-e-7-de-maio","status":"publish","type":"post","link":"https:\/\/portalfloresnoar.com\/floresnoar\/agenda-pe-iniciacao-em-deeksha-retiro-despertar-da-consciencia-dias-5-6-e-7-de-maio\/","title":{"rendered":"[AGENDA PE] Inicia\u00e7\u00e3o em Deeksha &#8211; Retiro Despertar da Consci\u00eancia, dias 5, 6 e 7 de maio"},"content":{"rendered":"<p style=\"text-align: left;\"><img decoding=\"async\" loading=\"lazy\" class=\"wp-image-28671 alignleft\" alt=\"deeksha_lazuli_foto free pixabay\" src=\"http:\/\/portalfloresnoar.com\/floresnoar\/wp-content\/uploads\/2017\/04\/deeksha_lazuli_foto-free-pixabay.jpg\" width=\"345\" height=\"230\" srcset=\"https:\/\/portalfloresnoar.com\/floresnoar\/wp-content\/uploads\/2017\/04\/deeksha_lazuli_foto-free-pixabay.jpg 718w, https:\/\/portalfloresnoar.com\/floresnoar\/wp-content\/uploads\/2017\/04\/deeksha_lazuli_foto-free-pixabay-300x199.jpg 300w\" sizes=\"(max-width: 345px) 100vw, 345px\" \/>O Lazuli Espa\u00e7o Terap\u00eautico promove, nos dias 5, 6 e 7 de maio de 2017, Retiro com Inicia\u00e7\u00e3o em Deeksha, ministrado pelo professor Setu Prem.<\/p>\n<p>A DEEKSHA ou Ben\u00e7\u00e3o da Unidade \u00e9 uma energia voltada para o despertar o desenvolvimento da consci\u00eancia. \u00c9 transmitida pelo DeekshaGiver \u2013 pessoa iniciada \u2013 atrav\u00e9s de uma breve imposi\u00e7\u00e3o de m\u00e3os sobre a cabe\u00e7a do receptor. A DEEKSHA atua em cada pessoa de maneira particular, provocando mudan\u00e7as que s\u00e3o espec\u00edficas de acordo com o que a pessoa necessite.<\/p>\n<p>A Deeksha surgiu na \u00cdndia e seus precursores s\u00e3o o casal de indianos Sri Amma Bhagavan, \u00a0que iniciou seu trabalho espiritual na d\u00e9cada de 80 com uma pequena escola no interior da \u00cdndia. L\u00e1 eles se preocupavam com a felicidade das crian\u00e7as, n\u00e3o apenas com seus conhecimentos t\u00e9cnicos. Ap\u00f3s isso, quando passaram a irradiar a energia da B\u00ean\u00e7\u00e3o da Unidade, come\u00e7ou o trabalho mundial que resultou na Oneness University.<\/p>\n<p><strong>Benef\u00edcios da Deeksha<\/strong><br \/>\n\u2013 Desperta potencialidades criativas, habilidades e intelig\u00eancia<br \/>\n\u2013 Resolve o conflito interior que conduz \u00e0 paz e \u00e0 harmonia interior<br \/>\n\u2013 Traz amor para os relacionamentos<br \/>\n\u2013 Cura feridas emocionais e reduz as cargas dos pensamentos<br \/>\n\u2013 Desperta compaix\u00e3o<br \/>\n\u2013 Relaxa o corpo e alivia o estresse<br \/>\n\u2013 Ajuda a construir amor e apre\u00e7o pelo corpo<br \/>\n\u2013 Invoca energias auspiciosas<br \/>\n\u2013 Remove bloqueios que impedem o sucesso<br \/>\n\u2013 Inicia uma jornada para o Despertar e a Realiza\u00e7\u00e3o em Deus<\/p>\n<p style=\"text-align: left;\"><strong><img decoding=\"async\" loading=\"lazy\" class=\"wp-image-28674 alignleft\" alt=\"Setu Prem_ Deeksha\" src=\"http:\/\/portalfloresnoar.com\/floresnoar\/wp-content\/uploads\/2017\/04\/Setu-Prem_-Deeksha.jpg\" width=\"171\" height=\"214\" srcset=\"https:\/\/portalfloresnoar.com\/floresnoar\/wp-content\/uploads\/2017\/04\/Setu-Prem_-Deeksha.jpg 317w, https:\/\/portalfloresnoar.com\/floresnoar\/wp-content\/uploads\/2017\/04\/Setu-Prem_-Deeksha-240x300.jpg 240w\" sizes=\"(max-width: 171px) 100vw, 171px\" \/><\/strong><\/p>\n<p>&nbsp;<\/p>\n<p style=\"text-align: left;\"><strong>O professor (Trainer)<\/strong><br \/>\nTerapeuta, Oneness Meditator, Deeksha Giver e Advanced Trainer Desperto, formado e certificado pela Oneness University \u2013\u00cdndia, compartilha no curso as suas experi\u00eancias pessoais como doador de Deeksha, como buscador espiritual e realizador de diversos trabalhos com essa energia maravilhosa.<\/p>\n<p><strong>Data e local do retiro com inicia\u00e7\u00e3o em Deeksha:<\/strong><br \/>\nSexta &#8211; \u00a005.05.17 (opcional)<br \/>\nS\u00e1bado &#8211; 06.05.17<br \/>\nDomingo &#8211; \u00a007.05.17<\/p>\n<p><strong>Local:<\/strong> Lazuli Aldeia (Ch\u00e1cara Esmeralda) \u00a0&#8211;\u00a0Rua Breno Martins, S\u00e3o Louren\u00e7o\/PE<br \/>\n(Acesso pela Estrada de Aldeia km 8,2)<\/p>\n<p>INVESTIMENTO<br \/>\n<em><strong>Op\u00e7\u00f5es de pagamento <\/strong>(Inclui retiro, inicia\u00e7\u00e3o em DEEKSHA e pernoite simples; n\u00e3o inclui as refei\u00e7\u00f5es):<\/em><\/p>\n<p><strong>Inscri\u00e7\u00e3o at\u00e9 o dia 10.04.17<\/strong><br \/>\n\u00c0 vista R$ 570,00 na inscri\u00e7\u00e3o<br \/>\nEm duas parcelas de R$ 320,00 \u2013 A primeira parcela na inscri\u00e7\u00e3o, a segunda no primeiro dia do curso\/retiro &#8211; 05 de maio<\/p>\n<p><strong>Inscri\u00e7\u00e3o ap\u00f3s o dia 10.04.17<\/strong><br \/>\n\u00c0 vista R$ 630,00 na inscri\u00e7\u00e3o<br \/>\nEm duas parcelas de R$ 350,00 \u2013 A primeira parcela na inscri\u00e7\u00e3o, a segunda em cheque pr\u00e9-datado para 30 dias ap\u00f3s o curso<\/p>\n<p><em>Obs.:<\/em> No caso de pessoas iniciadas que t\u00eam interesse na reciclagem tem 40% de desconto.<\/p>\n<p><strong>Informa\u00e7\u00f5es e inscri\u00e7\u00f5es:<\/strong><br \/>\nAura Gabriela \u2013 (81) 99600-4003 &#8211; auramaximiliano@gmail.com<br \/>\nGoretti Melo \u2013 (81) 98855-6581 \u2013 lazulirecife@gmail.com<br \/>\nRoberto Pagano \u2013(81) 98899-8261-robertopaganoluz@gmail.com<\/p>\n<p><strong>Acompanhe o evento pelo Facebook:<\/strong> <a href=\" https:\/\/www.facebook.com\/events\/141191649740128\/\" target=\"_blank\">https:\/\/www.facebook.com\/events\/141191649740128\/<\/a><\/p>\n<p><strong>Saiba mais sobre a Deeksha\u00a0 no v\u00eddeo abaixo:<\/strong><\/p>\n<div style=\"position: relative; height: 0; padding-bottom: 56.25%;\"><iframe loading=\"lazy\" style=\"position: absolute; width: 100%; height: 100%; left: 0;\" src=\"https:\/\/www.youtube.com\/embed\/iZQlSs1OB-k?ecver=2\" height=\"360\" width=\"640\" allowfullscreen=\"\" frameborder=\"0\"><\/iframe><\/div>\n<p>&nbsp;<\/p>\n<p><strong>Para saber mais sobre o Lazuli:<\/strong><br \/>\nFanpage: <a href=\"https:\/\/www.facebook.com\/lazulirecife\/\" target=\"_blank\">https:\/\/www.facebook.com\/lazulirecife\/<\/a><br \/>\nBlog: <a href=\"http:\/\/lapislazuli-recife.blogspot.com.br\/\" target=\"_blank\">http:\/\/lapislazuli-recife.blogspot.com.br\/<\/a><br \/>\nInstagram: <a href=\"https:\/\/www.instagram.com\/lazulirecife\/\" target=\"_blank\">https:\/\/www.instagram.com\/lazulirecife\/<\/a><\/p>\n","protected":false},"excerpt":{"rendered":"<p>O Lazuli Espa\u00e7o Terap\u00eautico promove, nos dias 5, 6 e 7 de maio de 2017, Retiro com Inicia\u00e7\u00e3o em Deeksha, ministrado pelo professor Setu Prem. A DEEKSHA ou Ben\u00e7\u00e3o da Unidade \u00e9 uma energia voltada para o despertar o desenvolvimento da consci\u00eancia. \u00c9 transmitida pelo DeekshaGiver \u2013 pessoa iniciada \u2013 atrav\u00e9s de uma breve imposi\u00e7\u00e3o [&hellip;]<\/p>\n","protected":false},"author":1,"featured_media":28671,"comment_status":"open","ping_status":"open","sticky":false,"template":"","format":"standard","meta":{"om_disable_all_campaigns":false,"_monsterinsights_skip_tracking":false,"_monsterinsights_sitenote_active":false,"_monsterinsights_sitenote_note":"","_monsterinsights_sitenote_category":0,"footnotes":""},"categories":[8,214],"tags":[299,493,396],"acf":[],"publishpress_future_action":{"enabled":false,"date":"1969-12-31 21:00:00","action":"","terms":[],"taxonomy":"","browser_timezone_offset":0},"_links":{"self":[{"href":"https:\/\/portalfloresnoar.com\/floresnoar\/wp-json\/wp\/v2\/posts\/28670"}],"collection":[{"href":"https:\/\/portalfloresnoar.com\/floresnoar\/wp-json\/wp\/v2\/posts"}],"about":[{"href":"https:\/\/portalfloresnoar.com\/floresnoar\/wp-json\/wp\/v2\/types\/post"}],"author":[{"embeddable":true,"href":"https:\/\/portalfloresnoar.com\/floresnoar\/wp-json\/wp\/v2\/users\/1"}],"replies":[{"embeddable":true,"href":"https:\/\/portalfloresnoar.com\/floresnoar\/wp-json\/wp\/v2\/comments?post=28670"}],"version-history":[{"count":0,"href":"https:\/\/portalfloresnoar.com\/floresnoar\/wp-json\/wp\/v2\/posts\/28670\/revisions"}],"wp:featuredmedia":[{"embeddable":true,"href":"https:\/\/portalfloresnoar.com\/floresnoar\/wp-json\/wp\/v2\/media\/28671"}],"wp:attachment":[{"href":"https:\/\/portalfloresnoar.com\/floresnoar\/wp-json\/wp\/v2\/media?parent=28670"}],"wp:term":[{"taxonomy":"category","embeddable":true,"href":"https:\/\/portalfloresnoar.com\/floresnoar\/wp-json\/wp\/v2\/categories?post=28670"},{"taxonomy":"post_tag","embeddable":true,"href":"https:\/\/portalfloresnoar.com\/floresnoar\/wp-json\/wp\/v2\/tags?post=28670"}],"curies":[{"name":"wp","href":"https:\/\/api.w.org\/{rel}","templated":true}]}}