

{"id":28616,"date":"2017-04-03T10:41:00","date_gmt":"2017-04-03T13:41:00","guid":{"rendered":"http:\/\/portalfloresnoar.com\/floresnoar\/?p=28616"},"modified":"2017-04-03T10:41:00","modified_gmt":"2017-04-03T13:41:00","slug":"agenda-go-povo-indigena-fulni-o-leva-sua-cultura-a-goiania-de-6-a-9-de-abril","status":"publish","type":"post","link":"https:\/\/portalfloresnoar.com\/floresnoar\/agenda-go-povo-indigena-fulni-o-leva-sua-cultura-a-goiania-de-6-a-9-de-abril\/","title":{"rendered":"[AGENDA GO] Povo ind\u00edgena Fulni-\u00f4 leva sua cultura a Goi\u00e2nia de 6 a 9 de abril"},"content":{"rendered":"<p><img decoding=\"async\" loading=\"lazy\" class=\"aligncenter size-full wp-image-28609\" alt=\"fulini-o goiania\" src=\"http:\/\/portalfloresnoar.com\/floresnoar\/wp-content\/uploads\/2017\/04\/fulini-o-goiania.jpg\" width=\"700\" height=\"700\" srcset=\"https:\/\/portalfloresnoar.com\/floresnoar\/wp-content\/uploads\/2017\/04\/fulini-o-goiania.jpg 700w, https:\/\/portalfloresnoar.com\/floresnoar\/wp-content\/uploads\/2017\/04\/fulini-o-goiania-150x150.jpg 150w, https:\/\/portalfloresnoar.com\/floresnoar\/wp-content\/uploads\/2017\/04\/fulini-o-goiania-300x300.jpg 300w, https:\/\/portalfloresnoar.com\/floresnoar\/wp-content\/uploads\/2017\/04\/fulini-o-goiania-100x100.jpg 100w\" sizes=\"(max-width: 700px) 100vw, 700px\" \/><\/p>\n<p>Um grupo de seis guerreiros Fulni-\u00f4 chega a Goi\u00e1s esta semana para realizar atividades em escolas de ensino regular e espa\u00e7os culturais. Na bagagem cultural, levar\u00e3o os belos artesanatos, Ritual de Limpeza e a for\u00e7a do tradicional Samba de Coco.<\/p>\n<p><span style=\"letter-spacing: 0em;\">A etnia Fulni-\u00f4, do munic\u00edpio de \u00c1guas Belas, em Pernambuco,\u00a0\u00e9 conhecida por ser a \u00fanica do nordeste brasileiro que mant\u00e9m viva a l\u00edngua m\u00e3e, o Ia-T\u00ea. Este povo possui diversas cren\u00e7as que incluem a realiza\u00e7\u00e3o de rituais, como o Ouricuri, que exige a mudan\u00e7a e o isolamento de todo o grupo para uma segunda aldeia por tr\u00eas meses.<\/span><\/p>\n<p>Com uma seca de mais de sete anos que devastou a agricultura de subsist\u00eancia, este povo passou a ter no artesanato e nas apresenta\u00e7\u00f5es culturais os principais caminhos para a manuten\u00e7\u00e3o econ\u00f4mica. Abril \u00e9 considerado um m\u00eas de &#8220;ca\u00e7a&#8221; para este povo que, sem \u00e1gua, tem na estrada o caminho para gerar renda \u00e0s suas fam\u00edlias que permanecem no pol\u00edgono das secas.<\/p>\n<p>CONFIRA A PROGRAMA\u00c7\u00c3O:<\/p>\n<p><strong>06 de Abril<\/strong> &#8211; Canto Pro Meu Povo. com o grupo Fulni-\u00f4 (PE), a mexicana Patr\u00edcia Ordaz (MX), Rodrigo Kaverna Kaverna Man Av\u00e1-Canoeiro, do Passarinhos do Cerrado (GO) e lan\u00e7amento do livro Otto &#8211; Atos do escritor Anderson Pereira.<br \/>\nLocal: Espa\u00e7o Sonhus, Goi\u00e2nia\/GO, \u00e0s 19h.<\/p>\n<p><strong>08 e 09 de Abril &#8211;<\/strong>\u00a0Ritual de Limpeza Energ\u00e9tica com \u00edndios Fulni-\u00f4 em Goi\u00e2nia<\/p>\n","protected":false},"excerpt":{"rendered":"<p>Um grupo de seis guerreiros Fulni-\u00f4 chega a Goi\u00e1s esta semana para realizar atividades em escolas de ensino regular e espa\u00e7os culturais. Na bagagem cultural, levar\u00e3o os belos artesanatos, Ritual de Limpeza e a for\u00e7a do tradicional Samba de Coco. A etnia Fulni-\u00f4, do munic\u00edpio de \u00c1guas Belas, em Pernambuco,\u00a0\u00e9 conhecida por ser a \u00fanica [&hellip;]<\/p>\n","protected":false},"author":1,"featured_media":28610,"comment_status":"open","ping_status":"open","sticky":false,"template":"","format":"standard","meta":{"om_disable_all_campaigns":false,"_monsterinsights_skip_tracking":false,"_monsterinsights_sitenote_active":false,"_monsterinsights_sitenote_note":"","_monsterinsights_sitenote_category":0,"footnotes":""},"categories":[8,335],"tags":[491,295,71],"acf":[],"publishpress_future_action":{"enabled":false,"date":"1969-12-31 21:00:00","action":"","terms":[],"taxonomy":"","browser_timezone_offset":0},"_links":{"self":[{"href":"https:\/\/portalfloresnoar.com\/floresnoar\/wp-json\/wp\/v2\/posts\/28616"}],"collection":[{"href":"https:\/\/portalfloresnoar.com\/floresnoar\/wp-json\/wp\/v2\/posts"}],"about":[{"href":"https:\/\/portalfloresnoar.com\/floresnoar\/wp-json\/wp\/v2\/types\/post"}],"author":[{"embeddable":true,"href":"https:\/\/portalfloresnoar.com\/floresnoar\/wp-json\/wp\/v2\/users\/1"}],"replies":[{"embeddable":true,"href":"https:\/\/portalfloresnoar.com\/floresnoar\/wp-json\/wp\/v2\/comments?post=28616"}],"version-history":[{"count":0,"href":"https:\/\/portalfloresnoar.com\/floresnoar\/wp-json\/wp\/v2\/posts\/28616\/revisions"}],"wp:featuredmedia":[{"embeddable":true,"href":"https:\/\/portalfloresnoar.com\/floresnoar\/wp-json\/wp\/v2\/media\/28610"}],"wp:attachment":[{"href":"https:\/\/portalfloresnoar.com\/floresnoar\/wp-json\/wp\/v2\/media?parent=28616"}],"wp:term":[{"taxonomy":"category","embeddable":true,"href":"https:\/\/portalfloresnoar.com\/floresnoar\/wp-json\/wp\/v2\/categories?post=28616"},{"taxonomy":"post_tag","embeddable":true,"href":"https:\/\/portalfloresnoar.com\/floresnoar\/wp-json\/wp\/v2\/tags?post=28616"}],"curies":[{"name":"wp","href":"https:\/\/api.w.org\/{rel}","templated":true}]}}