

{"id":28594,"date":"2017-03-31T11:16:02","date_gmt":"2017-03-31T14:16:02","guid":{"rendered":"http:\/\/portalfloresnoar.com\/floresnoar\/?p=28594"},"modified":"2022-02-04T16:21:19","modified_gmt":"2022-02-04T19:21:19","slug":"conversa-com-a-pedra","status":"publish","type":"post","link":"https:\/\/portalfloresnoar.com\/floresnoar\/conversa-com-a-pedra\/","title":{"rendered":"[A MULHER N\u00d4MADE] Conversa com a pedra"},"content":{"rendered":"<p><img decoding=\"async\" loading=\"lazy\" class=\" wp-image-40889 aligncenter\" src=\"http:\/\/portalfloresnoar.com\/floresnoar\/wp-content\/uploads\/2017\/03\/conversa-com-a-pedra-700x560.jpg\" alt=\"\" width=\"514\" height=\"411\" srcset=\"https:\/\/portalfloresnoar.com\/floresnoar\/wp-content\/uploads\/2017\/03\/conversa-com-a-pedra-700x560.jpg 700w, https:\/\/portalfloresnoar.com\/floresnoar\/wp-content\/uploads\/2017\/03\/conversa-com-a-pedra-300x240.jpg 300w, https:\/\/portalfloresnoar.com\/floresnoar\/wp-content\/uploads\/2017\/03\/conversa-com-a-pedra-768x614.jpg 768w, https:\/\/portalfloresnoar.com\/floresnoar\/wp-content\/uploads\/2017\/03\/conversa-com-a-pedra.jpg 1080w\" sizes=\"(max-width: 514px) 100vw, 514px\" \/><\/p>\n<pre>Por Kelly Saura<\/pre>\n<p><strong>Bato \u00e0 porta da pedra.<\/strong> <em>&#8211; Sou eu, deixa-me entrar. <\/em> <em>Quero penetrar no teu interior, <\/em> <em>olhar ao redor, <\/em> <em>prender-te como a respira\u00e7\u00e3o.<\/em><\/p>\n<p style=\"text-align: right;\"><em>&#8211; N\u00e3o tenho porta.<\/em> <strong>&#8211; diz a pedra.<\/strong><\/p>\n<p><strong>Bato \u00e0 porta da pedra.<\/strong> <em>&#8211; Sou eu, deixa-me entrar. <\/em> <em>Venho por curiosidade pura. <\/em> <em>A vida \u00e9 a \u00fanica ocasi\u00e3o para mim. <\/em> <em>N\u00e3o tenho muito tempo para tanto. <\/em> <em>Minha mortalidade deveria te comover.<\/em><\/p>\n<p style=\"text-align: right;\"><em>&#8211; Sai.<\/em> <strong>&#8211; diz a pedra.<\/strong><\/p>\n<p><strong>Bato \u00e0 porta da pedra.<\/strong> <em>&#8211; Sou eu, deixa-me entrar. <\/em> <em>N\u00e3o busco em ti um ref\u00fagio para a eternidade. <\/em> <em>N\u00e3o sou infeliz. <\/em> <em>N\u00e3o estou desabrigada. <\/em> <em>Meu mundo \u00e9 digno de retorno. <\/em> <em>Vou entrar e sair com as m\u00e3os vazias. <\/em> <em>E como prova de que realmente estive presente, <\/em> <em>n\u00e3o vou mostrar nada al\u00e9m de palavras <\/em> <em>\u00e0s quais ningu\u00e9m dar\u00e1 f\u00e9.<\/em><\/p>\n<p style=\"text-align: right;\"><em>&#8211; Sou hermeticamente fechada.<\/em> <strong>&#8211; diz a pedra.<\/strong> <em>Mesmo quebradas em peda\u00e7os <\/em> <em>vamos ficar hermeticamente fechadas. <\/em> <em>Mesmo trituradas em gr\u00e3os <\/em> <em>n\u00e3o vamos deixar ningu\u00e9m entrar.<\/em><\/p>\n<p style=\"text-align: left;\"><strong>Bato \u00e0 porta da pedra.<\/strong> <em>&#8211; Sou eu, deixa-me entrar. <\/em> <em>N\u00e3o posso esperar dois mil s\u00e9culos <\/em> <em>para entrar debaixo do teu teto.<\/em><\/p>\n<p><strong>Bato \u00e0 porta da pedra.<\/strong> <em>&#8211; Sou eu, deixa-me entrar.<\/em><\/p>\n<p style=\"text-align: right;\"><em>&#8211; Sou de pedra.<\/em> <strong>&#8211; diz a pedra.<\/strong><\/p>\n<p><em><strong>* editado do poema Conversa com a pedra, de Wislawa Szymborska.<\/strong><\/em><\/p>\n<p><em>Kelly Saura<\/em><br \/>\n<em> mulher, n\u00f4made (Recife-Brasil, 1986)<\/em><br \/>\n<em> artista visual, designer, curadora<\/em><br \/>\n<em> desenvolve e colabora com projetos culturais e sociais de m\u00eddia-t\u00e1tica<\/em><br \/>\n<em> articula tecnologias e linguagens do tempo<\/em><\/p>\n<p><strong>E-mail:<\/strong> Kellysaura@gmail.com<br \/>\n<strong>Instagram:<\/strong> <a href=\"https:\/\/www.instagram.com\/saura.kelly\/\" target=\"_blank\" rel=\"noopener\">@saura.kelly<\/a><\/p>\n","protected":false},"excerpt":{"rendered":"<p>Por Kelly Saura Bato \u00e0 porta da pedra. &#8211; Sou eu, deixa-me entrar. Quero penetrar no teu interior, olhar ao redor, prender-te como a respira\u00e7\u00e3o. &#8211; N\u00e3o tenho porta. &#8211; diz a pedra. Bato \u00e0 porta da pedra. &#8211; Sou eu, deixa-me entrar. Venho por curiosidade pura. A vida \u00e9 a \u00fanica ocasi\u00e3o para mim. [&hellip;]<\/p>\n","protected":false},"author":299,"featured_media":28603,"comment_status":"open","ping_status":"open","sticky":false,"template":"","format":"standard","meta":{"om_disable_all_campaigns":false,"_monsterinsights_skip_tracking":false,"_monsterinsights_sitenote_active":false,"_monsterinsights_sitenote_note":"","_monsterinsights_sitenote_category":0,"footnotes":""},"categories":[1092,220],"tags":[601,310,51],"acf":[],"publishpress_future_action":{"enabled":false,"date":"1969-12-31 21:00:00","action":"","terms":[],"taxonomy":"","browser_timezone_offset":0},"_links":{"self":[{"href":"https:\/\/portalfloresnoar.com\/floresnoar\/wp-json\/wp\/v2\/posts\/28594"}],"collection":[{"href":"https:\/\/portalfloresnoar.com\/floresnoar\/wp-json\/wp\/v2\/posts"}],"about":[{"href":"https:\/\/portalfloresnoar.com\/floresnoar\/wp-json\/wp\/v2\/types\/post"}],"author":[{"embeddable":true,"href":"https:\/\/portalfloresnoar.com\/floresnoar\/wp-json\/wp\/v2\/users\/299"}],"replies":[{"embeddable":true,"href":"https:\/\/portalfloresnoar.com\/floresnoar\/wp-json\/wp\/v2\/comments?post=28594"}],"version-history":[{"count":0,"href":"https:\/\/portalfloresnoar.com\/floresnoar\/wp-json\/wp\/v2\/posts\/28594\/revisions"}],"wp:featuredmedia":[{"embeddable":true,"href":"https:\/\/portalfloresnoar.com\/floresnoar\/wp-json\/wp\/v2\/media\/28603"}],"wp:attachment":[{"href":"https:\/\/portalfloresnoar.com\/floresnoar\/wp-json\/wp\/v2\/media?parent=28594"}],"wp:term":[{"taxonomy":"category","embeddable":true,"href":"https:\/\/portalfloresnoar.com\/floresnoar\/wp-json\/wp\/v2\/categories?post=28594"},{"taxonomy":"post_tag","embeddable":true,"href":"https:\/\/portalfloresnoar.com\/floresnoar\/wp-json\/wp\/v2\/tags?post=28594"}],"curies":[{"name":"wp","href":"https:\/\/api.w.org\/{rel}","templated":true}]}}