

{"id":28540,"date":"2017-02-24T15:06:38","date_gmt":"2017-02-24T18:06:38","guid":{"rendered":"http:\/\/portalfloresnoar.com\/floresnoar\/?p=28540"},"modified":"2017-04-10T12:04:35","modified_gmt":"2017-04-10T15:04:35","slug":"agenda-pe-curso-de-aquarela-para-iniciantes-e-arteiros-a-partir-de-4-de-abril-no-gerar","status":"publish","type":"post","link":"https:\/\/portalfloresnoar.com\/floresnoar\/agenda-pe-curso-de-aquarela-para-iniciantes-e-arteiros-a-partir-de-4-de-abril-no-gerar\/","title":{"rendered":"[AGENDA PE] Curso de Aquarela para iniciantes e arteiros"},"content":{"rendered":"<p>&nbsp;<\/p>\n<p><img decoding=\"async\" loading=\"lazy\" class=\"aligncenter size-full wp-image-28542\" alt=\"curso de aquarela\" src=\"http:\/\/portalfloresnoar.com\/floresnoar\/wp-content\/uploads\/2017\/03\/curso-de-aquarela.jpg\" width=\"600\" height=\"856\" srcset=\"https:\/\/portalfloresnoar.com\/floresnoar\/wp-content\/uploads\/2017\/03\/curso-de-aquarela.jpg 600w, https:\/\/portalfloresnoar.com\/floresnoar\/wp-content\/uploads\/2017\/03\/curso-de-aquarela-210x300.jpg 210w\" sizes=\"(max-width: 600px) 100vw, 600px\" \/><\/p>\n<p>A aquarelista Karla Gon\u00e7alves \u00a0inicia no dia 4 de abril, no espa\u00e7o Gerar, em Casa Forte, um Curso de Aquarela, voltado para iniciantes e arteiros. As aulas acontecer\u00e3o todas as ter\u00e7as-feiras do m\u00eas de abril,\u00a0das 14h \u00e0s 17h. N\u00e3o h\u00e1 pr\u00e9-requisitos para participar.<\/p>\n<p>&#8220;O curso tem como foco a pr\u00e1tica de t\u00e9cnicas iniciativas que auxiliam o desprender da m\u00e3o e da criatividade, combinado com viv\u00eancias de auto-observa\u00e7\u00e3o atrav\u00e9s da capacidade simb\u00f3lica e criativa provenientes das aguadas fluidas e experimentais da aquarela&#8221;, explica Karla.<\/p>\n<p>Karla Gon\u00e7alves \u00e9 mestranda em Artes Visuais na UFPE, aquarelista e, desde 2015, ministra cursos, viv\u00eancias e oficinas que visam facilitar um encontro verdadeiro, atrav\u00e9s da aquarela e de outras ferramentas, com a energia criativa e suas mil possibilidades.<\/p>\n<p>SERVI\u00c7O<br \/>\n<strong>Curso de Aquarela<\/strong><br \/>\n<strong>Quando:<\/strong> Todas as ter\u00e7as de abril de 2017 (a partir do dia 4 de abril)<br \/>\n<strong>Hora:<\/strong>\u00a0das 14h \u00e0s 17h<br \/>\n<strong>Local:<\/strong> Espa\u00e7o Gerar &#8211; Arteterapia e Bem-Estar: Rua Jorge de Albuquerque, 103, Casa Forte, Recife\/PE. Fone: 3268.1749.<br \/>\n<strong>Facilitadora:<\/strong> Karla Gon\u00e7alves<br \/>\n<strong>Investimento:<\/strong> R$ 350,00 \u00e0 vista (ou R$ 365,00 parcelado no cart\u00e3o)<br \/>\n<em>Obs.: Os materiais j\u00e1 est\u00e3o inclusos no valor do investimento<\/em><\/p>\n<p><strong>Inscri\u00e7\u00f5es atrav\u00e9s do formul\u00e1rio:<\/strong><a href=\" http:\/\/migre.me\/wiE4Y\" target=\"_blank\"> http:\/\/migre.me\/wiE4Y<\/a><\/p>\n<p>MAIS INFORMA\u00c7\u00d5ES<br \/>\naguasdakarla@gmail.com<br \/>\n@aguasdakarla<\/p>\n","protected":false},"excerpt":{"rendered":"<p>&nbsp; A aquarelista Karla Gon\u00e7alves \u00a0inicia no dia 4 de abril, no espa\u00e7o Gerar, em Casa Forte, um Curso de Aquarela, voltado para iniciantes e arteiros. As aulas acontecer\u00e3o todas as ter\u00e7as-feiras do m\u00eas de abril,\u00a0das 14h \u00e0s 17h. N\u00e3o h\u00e1 pr\u00e9-requisitos para participar. &#8220;O curso tem como foco a pr\u00e1tica de t\u00e9cnicas iniciativas que [&hellip;]<\/p>\n","protected":false},"author":1,"featured_media":28541,"comment_status":"open","ping_status":"open","sticky":false,"template":"","format":"standard","meta":{"om_disable_all_campaigns":false,"_monsterinsights_skip_tracking":false,"_monsterinsights_sitenote_active":false,"_monsterinsights_sitenote_note":"","_monsterinsights_sitenote_category":0,"footnotes":""},"categories":[8,214],"tags":[490,167,328,150],"acf":[],"publishpress_future_action":{"enabled":false,"date":"1969-12-31 21:00:00","action":"","terms":[],"taxonomy":"","browser_timezone_offset":0},"_links":{"self":[{"href":"https:\/\/portalfloresnoar.com\/floresnoar\/wp-json\/wp\/v2\/posts\/28540"}],"collection":[{"href":"https:\/\/portalfloresnoar.com\/floresnoar\/wp-json\/wp\/v2\/posts"}],"about":[{"href":"https:\/\/portalfloresnoar.com\/floresnoar\/wp-json\/wp\/v2\/types\/post"}],"author":[{"embeddable":true,"href":"https:\/\/portalfloresnoar.com\/floresnoar\/wp-json\/wp\/v2\/users\/1"}],"replies":[{"embeddable":true,"href":"https:\/\/portalfloresnoar.com\/floresnoar\/wp-json\/wp\/v2\/comments?post=28540"}],"version-history":[{"count":0,"href":"https:\/\/portalfloresnoar.com\/floresnoar\/wp-json\/wp\/v2\/posts\/28540\/revisions"}],"wp:featuredmedia":[{"embeddable":true,"href":"https:\/\/portalfloresnoar.com\/floresnoar\/wp-json\/wp\/v2\/media\/28541"}],"wp:attachment":[{"href":"https:\/\/portalfloresnoar.com\/floresnoar\/wp-json\/wp\/v2\/media?parent=28540"}],"wp:term":[{"taxonomy":"category","embeddable":true,"href":"https:\/\/portalfloresnoar.com\/floresnoar\/wp-json\/wp\/v2\/categories?post=28540"},{"taxonomy":"post_tag","embeddable":true,"href":"https:\/\/portalfloresnoar.com\/floresnoar\/wp-json\/wp\/v2\/tags?post=28540"}],"curies":[{"name":"wp","href":"https:\/\/api.w.org\/{rel}","templated":true}]}}