

{"id":28471,"date":"2017-05-07T19:46:15","date_gmt":"2017-05-07T22:46:15","guid":{"rendered":"http:\/\/portalfloresnoar.com\/floresnoar\/?p=28471"},"modified":"2017-05-10T10:39:48","modified_gmt":"2017-05-10T13:39:48","slug":"entrevista-livia-falcao-conta-sobre-a-terapia-do-casulo-que-ela-oferece-de-14-a-25-de-abril-em-cha-grandepe","status":"publish","type":"post","link":"https:\/\/portalfloresnoar.com\/floresnoar\/entrevista-livia-falcao-conta-sobre-a-terapia-do-casulo-que-ela-oferece-de-14-a-25-de-abril-em-cha-grandepe\/","title":{"rendered":"[ENTREVISTA] L\u00edvia Falc\u00e3o conta sobre a Terapia do Casulo"},"content":{"rendered":"<p><strong><em><img decoding=\"async\" loading=\"lazy\" class=\" wp-image-28487 alignleft\" alt=\"Livia Falcao_Casulo\" src=\"http:\/\/portalfloresnoar.com\/floresnoar\/wp-content\/uploads\/2017\/03\/Livia-Falcao_Casulo.jpg\" width=\"321\" height=\"534\" srcset=\"https:\/\/portalfloresnoar.com\/floresnoar\/wp-content\/uploads\/2017\/03\/Livia-Falcao_Casulo.jpg 401w, https:\/\/portalfloresnoar.com\/floresnoar\/wp-content\/uploads\/2017\/03\/Livia-Falcao_Casulo-180x300.jpg 180w\" sizes=\"(max-width: 321px) 100vw, 321px\" \/>&#8220;A Terapia do Casulo representa a volta para casa, o grande \u00fatero da M\u00e3e Divina e convida para a transforma\u00e7\u00e3o pessoal. Nesse espa\u00e7o criativo, amoroso, \u00famido, quente e protegido \u00e9 poss\u00edvel liberar dores e acessar curas atrav\u00e9s do perd\u00e3o&#8221;, conta a<strong><em>\u00a0terapeuta Hol\u00edstica e atriz L\u00edvia Falc\u00e3o<\/em><\/strong>. Confira <strong><em><strong><em>mais detalhes da Terapia do Casulo,\u00a0<\/em><\/strong><\/em><\/strong>na entrevista <strong><em>realizada pelo Portal Flores no Ar com L\u00edvia Falc\u00e3o.\u00a0<\/em><\/strong><strong><em><\/em><\/strong><br \/>\n<\/em><\/strong><\/p>\n<p><em><\/em><strong>O que \u00e9 a Terapia do Casulo? Como nasceu?\u00a0<\/strong><br \/>\nO Casulo \u00e9 uma linda terapia de realinhamento energ\u00e9tico, inspirada na tradi\u00e7\u00e3o ind\u00edgena, que harmoniza o ser consigo mesmo e com o Universo. O convite maior \u00e9 o do recolhimento e da observa\u00e7\u00e3o interior.<\/p>\n<p>A Terapia do Casulo teve como seu primeiro canal receptor, o mestre Ant\u00f4nio Alencar, analista e educador ambiental, al\u00e9m de raizeiro e criador do grupo da Caminhada da Troca de Saberes. Em seguida Antonio compartilhou e aperfei\u00e7oou a t\u00e9cnica com o terapeuta Marcio Porto que a difundiu juntamente com Rafael de Souza.<\/p>\n<p><strong>Quando voc\u00ea conheceu o Casulo e o que te tocou?<\/strong><br \/>\nConheci o Casulo em 2009, atrav\u00e9s de Rafael de Souza, terapeuta e amigo com quem caminhei bastante nos aprendizados do Caminho Vermelho dos \u00edndios norte americanos.<\/p>\n<p>A resson\u00e2ncia da terapia com meu esp\u00edrito foi imediata e desde essa data at\u00e9 a inicia\u00e7\u00e3o, em 2014, recebi muitas vezes o casulo em meu corpo (facilitado por Rafael e depois por Marcio Porto).<\/p>\n<p style=\"text-align: left;\"><img decoding=\"async\" loading=\"lazy\" class=\"wp-image-28491 alignright\" alt=\"terapia do casulo pernambuco\" src=\"http:\/\/portalfloresnoar.com\/floresnoar\/wp-content\/uploads\/2017\/03\/terapia-do-casulo-pernambuco.jpg\" width=\"346\" height=\"258\" srcset=\"https:\/\/portalfloresnoar.com\/floresnoar\/wp-content\/uploads\/2017\/03\/terapia-do-casulo-pernambuco.jpg 720w, https:\/\/portalfloresnoar.com\/floresnoar\/wp-content\/uploads\/2017\/03\/terapia-do-casulo-pernambuco-300x223.jpg 300w, https:\/\/portalfloresnoar.com\/floresnoar\/wp-content\/uploads\/2017\/03\/terapia-do-casulo-pernambuco-160x120.jpg 160w\" sizes=\"(max-width: 346px) 100vw, 346px\" \/>O que mais me encanta no Casulo \u00e9 facilidade que o \u00a0corpo encontra em liberar cargas desnecess\u00e1rias (conhecidas ou n\u00e3o) e alinhar-se com o Prop\u00f3sito Maior.<\/p>\n<p>Em 2013 recebi o chamado da Exist\u00eancia para fazer a Inicia\u00e7\u00e3o da Terapia do Casulo e ficar apta a facilitar a viv\u00eancia com outros. Fiz a Inicia\u00e7\u00e3o em 2014, tendo Marcio Porto &#8211; Jalal como mestre e guia. Professor com quem caminhei durante os 21 dias da inicia\u00e7\u00e3o e quase um ano mais em atendimentos do Casulo, em Ch\u00e3 Grande e no Rio de Janeiro.<\/p>\n<p>De l\u00e1 pra c\u00e1, n\u00e3o parei mais de atender pessoas que se interessam em receber o Casulo pelas minhas m\u00e3os.<\/p>\n<p><strong>Como acontece a sess\u00e3o?\u00a0<\/strong><\/p>\n<p><img decoding=\"async\" loading=\"lazy\" class=\"wp-image-28489 alignleft\" alt=\"terapia do casolo com livia falcao\" src=\"http:\/\/portalfloresnoar.com\/floresnoar\/wp-content\/uploads\/2017\/03\/terapia-do-casolo-com-livia-falcao.jpg\" width=\"246\" height=\"235\" srcset=\"https:\/\/portalfloresnoar.com\/floresnoar\/wp-content\/uploads\/2017\/03\/terapia-do-casolo-com-livia-falcao.jpg 714w, https:\/\/portalfloresnoar.com\/floresnoar\/wp-content\/uploads\/2017\/03\/terapia-do-casolo-com-livia-falcao-300x286.jpg 300w\" sizes=\"(max-width: 246px) 100vw, 246px\" \/>A sess\u00e3o inclui o feitio de um ch\u00e1 com as ervas e folhas escolhidas pela pessoa e pela terapeuta, que aquece cobertores que v\u00e3o trabalhar na regi\u00e3o do ventre da pessoa atendida.\u00a0A condu\u00e7\u00e3o \u00e9 feita com m\u00fasicas e aromas.<\/p>\n<p>A terapia do Casulo pode acontecer em 3 ou em 7 dias (pra quem j\u00e1 fez o casulo de 3 dias anteriormente), e cada sess\u00e3o tem entre 1h30 a 2h de dura\u00e7\u00e3o.<\/p>\n<p>A sugest\u00e3o inicial \u00e9 que a pessoa fa\u00e7a o casulo de 3 dias para que o trabalho possa avan\u00e7ar e completar-se num ciclo.<\/p>\n<p style=\"text-align: center;\"><img decoding=\"async\" loading=\"lazy\" class=\"wp-image-28488 alignright\" alt=\"preparo para Casulo\" src=\"http:\/\/portalfloresnoar.com\/floresnoar\/wp-content\/uploads\/2017\/03\/preparo-para-Casulo.jpg\" width=\"257\" height=\"220\" srcset=\"https:\/\/portalfloresnoar.com\/floresnoar\/wp-content\/uploads\/2017\/03\/preparo-para-Casulo.jpg 714w, https:\/\/portalfloresnoar.com\/floresnoar\/wp-content\/uploads\/2017\/03\/preparo-para-Casulo-300x257.jpg 300w\" sizes=\"(max-width: 257px) 100vw, 257px\" \/>Para quem n\u00e3o pode fazer os 3 dias seguidos e tem curiosidade de conhecer a t\u00e9cnica, abrimos a possibilidade de atendimentos de 1 ou 2 sess\u00f5es tamb\u00e9m.<\/p>\n<p>O casulo de 7 dias \u00e9 indicado pra quem j\u00e1 passou pelo de 3 e sente o chamado pra continuar a caminhada aprofundando o repouso, aumentando a escuta interna e trabalhando com energias mais sutis.<\/p>\n<p>MAIS INFORMA\u00c7\u00d5ES<br \/>\n<strong>E-mail:<\/strong> casulope@gmail.com<br \/>\n<strong>Fone\/Zap:<\/strong> (81) 99986.3170<\/p>\n<p><strong><em>\u00a0<\/em><\/strong><\/p>\n","protected":false},"excerpt":{"rendered":"<p>&#8220;A Terapia do Casulo representa a volta para casa, o grande \u00fatero da M\u00e3e Divina e convida para a transforma\u00e7\u00e3o pessoal. Nesse espa\u00e7o criativo, amoroso, \u00famido, quente e protegido \u00e9 poss\u00edvel liberar dores e acessar curas atrav\u00e9s do perd\u00e3o&#8221;, conta a\u00a0terapeuta Hol\u00edstica e atriz L\u00edvia Falc\u00e3o. Confira mais detalhes da Terapia do Casulo,\u00a0na entrevista realizada [&hellip;]<\/p>\n","protected":false},"author":1,"featured_media":28492,"comment_status":"open","ping_status":"open","sticky":false,"template":"","format":"standard","meta":{"om_disable_all_campaigns":false,"_monsterinsights_skip_tracking":false,"_monsterinsights_sitenote_active":false,"_monsterinsights_sitenote_note":"","_monsterinsights_sitenote_category":0,"footnotes":""},"categories":[11],"tags":[484,488,487],"acf":[],"publishpress_future_action":{"enabled":false,"date":"1969-12-31 21:00:00","action":"","terms":[],"taxonomy":"","browser_timezone_offset":0},"_links":{"self":[{"href":"https:\/\/portalfloresnoar.com\/floresnoar\/wp-json\/wp\/v2\/posts\/28471"}],"collection":[{"href":"https:\/\/portalfloresnoar.com\/floresnoar\/wp-json\/wp\/v2\/posts"}],"about":[{"href":"https:\/\/portalfloresnoar.com\/floresnoar\/wp-json\/wp\/v2\/types\/post"}],"author":[{"embeddable":true,"href":"https:\/\/portalfloresnoar.com\/floresnoar\/wp-json\/wp\/v2\/users\/1"}],"replies":[{"embeddable":true,"href":"https:\/\/portalfloresnoar.com\/floresnoar\/wp-json\/wp\/v2\/comments?post=28471"}],"version-history":[{"count":0,"href":"https:\/\/portalfloresnoar.com\/floresnoar\/wp-json\/wp\/v2\/posts\/28471\/revisions"}],"wp:featuredmedia":[{"embeddable":true,"href":"https:\/\/portalfloresnoar.com\/floresnoar\/wp-json\/wp\/v2\/media\/28492"}],"wp:attachment":[{"href":"https:\/\/portalfloresnoar.com\/floresnoar\/wp-json\/wp\/v2\/media?parent=28471"}],"wp:term":[{"taxonomy":"category","embeddable":true,"href":"https:\/\/portalfloresnoar.com\/floresnoar\/wp-json\/wp\/v2\/categories?post=28471"},{"taxonomy":"post_tag","embeddable":true,"href":"https:\/\/portalfloresnoar.com\/floresnoar\/wp-json\/wp\/v2\/tags?post=28471"}],"curies":[{"name":"wp","href":"https:\/\/api.w.org\/{rel}","templated":true}]}}