

{"id":28444,"date":"2017-02-07T14:53:09","date_gmt":"2017-02-07T17:53:09","guid":{"rendered":"http:\/\/portalfloresnoar.com\/floresnoar\/?p=28444"},"modified":"2017-03-31T11:51:59","modified_gmt":"2017-03-31T14:51:59","slug":"agenda-pe-grupo-de-constelacao-com-cavalos-dia-303-no-centro-elohim","status":"publish","type":"post","link":"https:\/\/portalfloresnoar.com\/floresnoar\/agenda-pe-grupo-de-constelacao-com-cavalos-dia-303-no-centro-elohim\/","title":{"rendered":"[AGENDA PE] Grupo de Constela\u00e7\u00e3o com Cavalos dia 30\/3 no Centro Elohim"},"content":{"rendered":"<p><img decoding=\"async\" loading=\"lazy\" class=\"aligncenter size-full wp-image-28445\" alt=\"Constela\u00e7\u00e3o com cavalos\" src=\"http:\/\/portalfloresnoar.com\/floresnoar\/wp-content\/uploads\/2017\/03\/Constela\u00e7\u00e3o-com-cavalos.png\" width=\"650\" height=\"650\" srcset=\"https:\/\/portalfloresnoar.com\/floresnoar\/wp-content\/uploads\/2017\/03\/Constela\u00e7\u00e3o-com-cavalos.png 650w, https:\/\/portalfloresnoar.com\/floresnoar\/wp-content\/uploads\/2017\/03\/Constela\u00e7\u00e3o-com-cavalos-150x150.png 150w, https:\/\/portalfloresnoar.com\/floresnoar\/wp-content\/uploads\/2017\/03\/Constela\u00e7\u00e3o-com-cavalos-300x300.png 300w, https:\/\/portalfloresnoar.com\/floresnoar\/wp-content\/uploads\/2017\/03\/Constela\u00e7\u00e3o-com-cavalos-100x100.png 100w\" sizes=\"(max-width: 650px) 100vw, 650px\" \/><\/p>\n<p style=\"text-align: right;\"><em>&#8220;Cavalos revelam se estamos em resson\u00e2ncia com o que nos \u00e9 dado, com o que somos: nossa fam\u00edlia, nossas habilidades, nossas falhas e nossos desejos.&#8221;<\/em> (Ruud Knaapen)<\/p>\n<p>No pr\u00f3ximo dia 30 de mar\u00e7o, \u00e0s 19h, \u00a0ser\u00e1 realizado encontro do Grupo de Constela\u00e7\u00e3o com Cavalos, no Centro Elohim de Equoterapia (CEEQ\/PE), no Recife.<\/p>\n<p>Baseado nas Constela\u00e7\u00f5es Sist\u00eamicas Familiares, o \u00a0Grupo de Constela\u00e7\u00e3o com Cavalos tem como objetivo despertar a percep\u00e7\u00e3o de padr\u00f5es de comportamento que interferem no fluxo da vida, seja na sa\u00fade, no trabalho, nas rela\u00e7\u00f5es e nas aptid\u00f5es pessoais. &#8220;Essa abordagem possibilita a tomada de consci\u00eancia, e em consequ\u00eancia, a mudan\u00e7a necess\u00e1ria&#8221;, declara a facilitadora do grupo, Ana Paula N\u00f3brega, consteladora Sist\u00eamica Familiar e diretora do\u00a0CEEQ\/PE.<\/p>\n<p><strong>Dia:<\/strong> 30\/03\/2017<br \/>\n<strong>Hora:<\/strong> 19h<br \/>\n<strong>Local:<\/strong> Centro Elohim &#8211;\u00a0Parque de Exposi\u00e7\u00f5es do Cordeiro<\/p>\n<p><strong>Formul\u00e1rio de inscri\u00e7\u00e3o:<\/strong><a href=\"https:\/\/docs.google.com\/forms\/d\/e\/1FAIpQLSfFronoOmYalLrAvf640GRpEegeKhfbgihTeL0Ava7P-yXGmQ\/viewform?c=0&amp;w=1\" target=\"_blank\">\u00a0https:\/\/docs.google.com\/forms\/d\/e\/1FAIpQLSfFronoOmYalLrAvf640GRpEegeKhfbgihTeL0Ava7P-yXGmQ\/viewform?c=0&amp;w=1<\/a><\/p>\n<p><strong>Investimento:<\/strong> R$ 60,00 (pagamento no local) ou R$ 50,00 (pagamento antecipado com dep\u00f3sito*)<\/p>\n<p><em>*Dados banc\u00e1rios:<\/em><br \/>\n<em> CAIXA Econ\u00f4mica Federal<\/em><br \/>\n<em> C\/C 1638-1 Ag:1028 Op: 003<\/em><br \/>\n<em> CNPJ: 08.698.577\/0002-01 (DOC ou TEF)<\/em><\/p>\n<p>Obs.: Ap\u00f3s o dep\u00f3sito enviar mensagem informando para\u00a0ceeqpe@hotmail.com\/ (81) 99830-7293, ou leve o comprovante no dia do encontro.<\/p>\n<p>MAIS INFORMA\u00c7\u00d5ES<br \/>\n(81) 3227.0056\/ 99683.9427 (WhatsApp apenas)<\/p>\n","protected":false},"excerpt":{"rendered":"<p>&#8220;Cavalos revelam se estamos em resson\u00e2ncia com o que nos \u00e9 dado, com o que somos: nossa fam\u00edlia, nossas habilidades, nossas falhas e nossos desejos.&#8221; (Ruud Knaapen) No pr\u00f3ximo dia 30 de mar\u00e7o, \u00e0s 19h, \u00a0ser\u00e1 realizado encontro do Grupo de Constela\u00e7\u00e3o com Cavalos, no Centro Elohim de Equoterapia (CEEQ\/PE), no Recife. Baseado nas Constela\u00e7\u00f5es [&hellip;]<\/p>\n","protected":false},"author":1,"featured_media":28446,"comment_status":"open","ping_status":"open","sticky":false,"template":"","format":"standard","meta":{"om_disable_all_campaigns":false,"_monsterinsights_skip_tracking":false,"_monsterinsights_sitenote_active":false,"_monsterinsights_sitenote_note":"","_monsterinsights_sitenote_category":0,"footnotes":""},"categories":[8,214],"tags":[151,480,302,389],"acf":[],"publishpress_future_action":{"enabled":false,"date":"1969-12-31 21:00:00","action":"","terms":[],"taxonomy":"","browser_timezone_offset":0},"_links":{"self":[{"href":"https:\/\/portalfloresnoar.com\/floresnoar\/wp-json\/wp\/v2\/posts\/28444"}],"collection":[{"href":"https:\/\/portalfloresnoar.com\/floresnoar\/wp-json\/wp\/v2\/posts"}],"about":[{"href":"https:\/\/portalfloresnoar.com\/floresnoar\/wp-json\/wp\/v2\/types\/post"}],"author":[{"embeddable":true,"href":"https:\/\/portalfloresnoar.com\/floresnoar\/wp-json\/wp\/v2\/users\/1"}],"replies":[{"embeddable":true,"href":"https:\/\/portalfloresnoar.com\/floresnoar\/wp-json\/wp\/v2\/comments?post=28444"}],"version-history":[{"count":0,"href":"https:\/\/portalfloresnoar.com\/floresnoar\/wp-json\/wp\/v2\/posts\/28444\/revisions"}],"wp:featuredmedia":[{"embeddable":true,"href":"https:\/\/portalfloresnoar.com\/floresnoar\/wp-json\/wp\/v2\/media\/28446"}],"wp:attachment":[{"href":"https:\/\/portalfloresnoar.com\/floresnoar\/wp-json\/wp\/v2\/media?parent=28444"}],"wp:term":[{"taxonomy":"category","embeddable":true,"href":"https:\/\/portalfloresnoar.com\/floresnoar\/wp-json\/wp\/v2\/categories?post=28444"},{"taxonomy":"post_tag","embeddable":true,"href":"https:\/\/portalfloresnoar.com\/floresnoar\/wp-json\/wp\/v2\/tags?post=28444"}],"curies":[{"name":"wp","href":"https:\/\/api.w.org\/{rel}","templated":true}]}}