

{"id":28434,"date":"2017-03-01T15:40:09","date_gmt":"2017-03-01T18:40:09","guid":{"rendered":"http:\/\/portalfloresnoar.com\/floresnoar\/?p=28434"},"modified":"2017-05-06T11:59:16","modified_gmt":"2017-05-06T14:59:16","slug":"agenda-pe-grupo-de-autoconhecimento-e-saberes-do-feminino-a-partir-de-65-no-recife","status":"publish","type":"post","link":"https:\/\/portalfloresnoar.com\/floresnoar\/agenda-pe-grupo-de-autoconhecimento-e-saberes-do-feminino-a-partir-de-65-no-recife\/","title":{"rendered":"[AGENDA PE] Grupo de Autoconhecimento e Saberes do Feminino, a partir de 6\/5, no Recife"},"content":{"rendered":"<p><img decoding=\"async\" loading=\"lazy\" class=\"aligncenter size-full wp-image-28448\" alt=\"Grupo de Autoconhecimento e Saberes do Feminino\" src=\"http:\/\/portalfloresnoar.com\/floresnoar\/wp-content\/uploads\/2017\/03\/Grupo-de-Autoconhecimento-e-Saberes-do-Feminino.jpg\" width=\"700\" height=\"1050\" srcset=\"https:\/\/portalfloresnoar.com\/floresnoar\/wp-content\/uploads\/2017\/03\/Grupo-de-Autoconhecimento-e-Saberes-do-Feminino.jpg 700w, https:\/\/portalfloresnoar.com\/floresnoar\/wp-content\/uploads\/2017\/03\/Grupo-de-Autoconhecimento-e-Saberes-do-Feminino-200x300.jpg 200w, https:\/\/portalfloresnoar.com\/floresnoar\/wp-content\/uploads\/2017\/03\/Grupo-de-Autoconhecimento-e-Saberes-do-Feminino-682x1024.jpg 682w\" sizes=\"(max-width: 700px) 100vw, 700px\" \/><\/p>\n<p>A psicoterapeuta Mirtiline Leit\u00e3o d\u00e1 in\u00edcio no dia 6 de maio a um grupo de introdu\u00e7\u00e3o a estudos e viv\u00eancias dos saberes do feminino. Inicialmente ser\u00e3o quatro encontros, aos s\u00e1bados, cada um \u00a0com tr\u00eas horas de dura\u00e7\u00e3o.<\/p>\n<p><span style=\"letter-spacing: 0em;\">&#8220;Atrav\u00e9s de leitura e t\u00e9cnicas psicoterap\u00eauticas, o Grupo de Autoconhecimento e Saberes do Feminino tem como objetivo trabalhar de forma introdut\u00f3ria para despertar o potencial intuitivo e a criatividade. Em uni\u00e3o com o estudo antropol\u00f3gico dos saberes ancestrais do feminino e o conhecimento de mitos e arqu\u00e9tipos, o grupo pretende ativar a autoconfian\u00e7a e despertar a natureza instintiva das mulheres, para promover o equil\u00edbrio bio-psico-social e a uni\u00e3o entre o feminino e o masculino que habita dentro de n\u00f3s e nas rela\u00e7\u00f5es&#8221;, explica Mirtiline.<\/span><\/p>\n<p><strong>Grupo de Autoconhecimento e Saberes do Feminino<\/strong><br \/>\n<strong>Dias:<\/strong> 6, 13, 20 e 27 de maio de 2017<br \/>\n<strong>Hor\u00e1rio:<\/strong> 14 \u00e0s 17h<br \/>\n<strong>Local:<\/strong> Despertar Terapias Integrativas &#8211; Av. Rosa e Silva, 670, Empresarial C\u00f3rdoba, sala 504.<br \/>\n<strong>Investimento:<\/strong>\u00a0R$ 200,00 (incluso os 4 m\u00f3dulos)<\/p>\n<p>INSCRI\u00c7\u00d5ES E INFORMA\u00c7\u00d5ES<br \/>\n<strong>Fone:<\/strong> 99657.3067<br \/>\n<strong>E-mail: <\/strong>mirtiline@gmail.com<\/p>\n","protected":false},"excerpt":{"rendered":"<p>A psicoterapeuta Mirtiline Leit\u00e3o d\u00e1 in\u00edcio no dia 6 de maio a um grupo de introdu\u00e7\u00e3o a estudos e viv\u00eancias dos saberes do feminino. Inicialmente ser\u00e3o quatro encontros, aos s\u00e1bados, cada um \u00a0com tr\u00eas horas de dura\u00e7\u00e3o. &#8220;Atrav\u00e9s de leitura e t\u00e9cnicas psicoterap\u00eauticas, o Grupo de Autoconhecimento e Saberes do Feminino tem como objetivo trabalhar [&hellip;]<\/p>\n","protected":false},"author":1,"featured_media":28449,"comment_status":"open","ping_status":"open","sticky":false,"template":"","format":"standard","meta":{"om_disable_all_campaigns":false,"_monsterinsights_skip_tracking":false,"_monsterinsights_sitenote_active":false,"_monsterinsights_sitenote_note":"","_monsterinsights_sitenote_category":0,"footnotes":""},"categories":[8,214],"tags":[136,423,137,22,238],"acf":[],"publishpress_future_action":{"enabled":false,"date":"1969-12-31 21:00:00","action":"","terms":[],"taxonomy":"","browser_timezone_offset":0},"_links":{"self":[{"href":"https:\/\/portalfloresnoar.com\/floresnoar\/wp-json\/wp\/v2\/posts\/28434"}],"collection":[{"href":"https:\/\/portalfloresnoar.com\/floresnoar\/wp-json\/wp\/v2\/posts"}],"about":[{"href":"https:\/\/portalfloresnoar.com\/floresnoar\/wp-json\/wp\/v2\/types\/post"}],"author":[{"embeddable":true,"href":"https:\/\/portalfloresnoar.com\/floresnoar\/wp-json\/wp\/v2\/users\/1"}],"replies":[{"embeddable":true,"href":"https:\/\/portalfloresnoar.com\/floresnoar\/wp-json\/wp\/v2\/comments?post=28434"}],"version-history":[{"count":0,"href":"https:\/\/portalfloresnoar.com\/floresnoar\/wp-json\/wp\/v2\/posts\/28434\/revisions"}],"wp:featuredmedia":[{"embeddable":true,"href":"https:\/\/portalfloresnoar.com\/floresnoar\/wp-json\/wp\/v2\/media\/28449"}],"wp:attachment":[{"href":"https:\/\/portalfloresnoar.com\/floresnoar\/wp-json\/wp\/v2\/media?parent=28434"}],"wp:term":[{"taxonomy":"category","embeddable":true,"href":"https:\/\/portalfloresnoar.com\/floresnoar\/wp-json\/wp\/v2\/categories?post=28434"},{"taxonomy":"post_tag","embeddable":true,"href":"https:\/\/portalfloresnoar.com\/floresnoar\/wp-json\/wp\/v2\/tags?post=28434"}],"curies":[{"name":"wp","href":"https:\/\/api.w.org\/{rel}","templated":true}]}}