

{"id":28426,"date":"2017-03-15T11:13:03","date_gmt":"2017-03-15T14:13:03","guid":{"rendered":"http:\/\/portalfloresnoar.com\/floresnoar\/?p=28426"},"modified":"2017-03-15T11:15:42","modified_gmt":"2017-03-15T14:15:42","slug":"entrevista-henrique-pereira-psicologo-junguiano-fala-sobre-o-minicurso-que-ministrara-em-maio-no-recife","status":"publish","type":"post","link":"https:\/\/portalfloresnoar.com\/floresnoar\/entrevista-henrique-pereira-psicologo-junguiano-fala-sobre-o-minicurso-que-ministrara-em-maio-no-recife\/","title":{"rendered":"[ENTREVISTA] Henrique Pereira, psic\u00f3logo junguiano, fala sobre o minicurso que ministrar\u00e1 em maio no Recife"},"content":{"rendered":"<p><img decoding=\"async\" loading=\"lazy\" class=\" wp-image-28427 alignleft\" alt=\"Henrique Pereira\" src=\"http:\/\/portalfloresnoar.com\/floresnoar\/wp-content\/uploads\/2017\/03\/Henrique-Pereira.jpg\" width=\"280\" height=\"421\" srcset=\"https:\/\/portalfloresnoar.com\/floresnoar\/wp-content\/uploads\/2017\/03\/Henrique-Pereira.jpg 350w, https:\/\/portalfloresnoar.com\/floresnoar\/wp-content\/uploads\/2017\/03\/Henrique-Pereira-199x300.jpg 199w\" sizes=\"(max-width: 280px) 100vw, 280px\" \/><strong><em>O psic\u00f3logo cl\u00ednico junguiano e doutor em Psicologia Social, Henrique Pereira (RJ), vem ao Recife ministrar, nos dias 12 e 13 de maio de 2017, o <a href=\"http:\/\/portalfloresnoar.com\/floresnoar\/agenda-pe-minicurso-com-o-psicologo-junguiano-henrique-pereira-dias-12-e-13-de-maio-no-recife\/\" target=\"_blank\"><span style=\"text-decoration: underline;\">Minicurso \u2018Os Deuses tornaram-se doen\u00e7as: em busca de uma psicopatologia arquet\u00edpica<\/span>\u2019<\/a>. Para saber um pouco mais sobre o minicurso e conhecer melhor Henrique Pereira, confira a entrevista realizada pela psic\u00f3loga <strong><em>Alessandra Guimar\u00e3es, e<\/em><\/strong>specialista em Teoria e Pr\u00e1tica Junguiana.<\/em><\/strong><\/p>\n<p><strong>Quem \u00e9 Henrique Pereira e com o que voc\u00ea trabalha?<\/strong><br \/>\nSou um carioca com ra\u00edzes mineiras. Me formei em Psicologia pela UFRJ e obtive doutorado em Psicologia Social pela UERJ. Coordenei uma especializa\u00e7\u00e3o em Psicologia Junguiana na Universidade Santa \u00darsula. Atualmente trabalho como psic\u00f3logo cl\u00ednico em consult\u00f3rio particular e leciono Psicopatologia e Psicologia Anal\u00edtica na Universidade Est\u00e1cio de S\u00e1, no Rio de Janeiro, cidade onde vivo. Ofere\u00e7o cursos e semin\u00e1rios sobre a Psicologia Anal\u00edtica de Jung no Rio de Janeiro e em outras cidades. Tamb\u00e9m escrevo artigos e ensaios na \u00e1rea da Psicologia Junguiana. Tenho um livro publicado, cujo t\u00edtulo \u00e9 &#8216;Jung e o laborat\u00f3rio da alma: a psicologia anal\u00edtica examinada pela teoria do ator-rede&#8217; (Ed. Juru\u00e1).<\/p>\n<p><strong>Como voc\u00ea se interessou pela abordagem junguiana e pela psicopatologia?<\/strong><br \/>\nDescobri Jung ainda adolescente ao ler &#8216;Mem\u00f3rias, sonhos, reflex\u00f5es&#8217;. Alguma coisa que n\u00e3o sei definir me capturou, ent\u00e3o, naquele texto; algo que at\u00e9 hoje estou tentando entender! (rs) O fato \u00e9 que a leitura daquele livro me motivou a cursar a faculdade de Psicologia. Hoje, eu diria que o que me atrai na psicologia de Jung \u00e9 primeiro sua concep\u00e7\u00e3o de uma psique fundamentalmente multifacetada, isto \u00e9, dividida em diferentes complexos e sujeita \u00e0 influ\u00eancia de diversos padr\u00f5es de fantasia (os arqu\u00e9tipos). O sujeito para Jung \u00e9 portanto plural. Me interessa tamb\u00e9m \u2013 e este ponto \u00e9 consequ\u00eancia do anterior \u2013 a abertura de Jung ao \u201coutro\u201d: teoricamente, a Psicologia Anal\u00edtica \u00e9 um enfoque que n\u00e3o se pretende \u00fanico, absoluto, mas, em vez disso, reconhece a necessidade epistemol\u00f3gica de outras teorias para que tenhamos uma compreens\u00e3o mais ampla da psique. E do ponto de vista pr\u00e1tico, \u00e9 not\u00e1vel a postura igualmente antidogm\u00e1tica de Jung de buscar adaptar a terapia para cada paciente em particular, respeitando assim a sua singularidade. Jung me atrai finalmente por sua coragem \u2013 seu car\u00e1ter \u201cdaim\u00f4nico\u201d, diria James Hillman \u2013 de abordar temas malditos pela ci\u00eancia, como a Alquimia, e por ter se aproximado de figuras tamb\u00e9m malditas, geniais, como Freud e Nietzsche (este \u00faltimo, ao n\u00edvel te\u00f3rico).<\/p>\n<p>A Psicopatologia \u00e9 literalmente a ci\u00eancia que estuda o sofrimento ps\u00edquico. A abordagem psicopatol\u00f3gica da Psiquiatria, porque fundada num modelo m\u00e9dico, visa a grosso modo separar o sofrimento ps\u00edquico \u201canormal\u201d do restante do conjunto da psique, tal como um corpo estranho, maligno, que deve ser extirpado do organismo. O enfoque de Jung \u00e9 diverso: ele n\u00e3o divide inteiramente o <em>pathos<\/em> (sofrimento) da<em> psych\u00e9<\/em> (alma), mas encara o paciente em sua totalidade complexa. Chegou mesmo a dizer que \u201cn\u00e3o \u00e9 [a neurose] que \u00e9 curada, mas \u00e9 ela que nos cura\u201d, sugerindo com isso que pode haver algo de significativo e de valor no sofrimento da alma. Hillman, por sua vez, identificou uma disposi\u00e7\u00e3o espont\u00e2nea, natural, na psique de enxergar uma parte de si como doente, an\u00f4mala. A psique nesse sentido teria habitualmente uma tend\u00eancia a encarar o pr\u00f3prio indiv\u00edduo e o mundo de uma perspectiva aflitiva, m\u00f3rbida, que ele denominou \u201cpatologizar\u201d. Tanto Jung quanto Hillman aportam algo de \u201ctr\u00e1gico\u201d ao entendimento da Psicopatologia, afastando-se portanto do modelo m\u00e9dico, apol\u00edneo, da psiquiatria reinante.<\/p>\n<p><strong>O que o minicurso pretende abordar?<\/strong><br \/>\nEste minicurso pretende apresentar a Psicopatologia da perspectiva da Psicologia Junguiana. Vivemos numa \u00e9poca de espetaculares e velozes inova\u00e7\u00f5es tecnocient\u00edficas, algo jamais visto anteriormente na hist\u00f3ria da humanidade. A neuroci\u00eancia tamb\u00e9m avan\u00e7ou no conhecimento do c\u00e9rebro nas \u00faltimas d\u00e9cadas, contribuindo para o desenvolvimento de uma psicopatologia psiqui\u00e1trica fortemente materialista, biol\u00f3gica. Assim, na pr\u00e1tica cl\u00ednica de psiquiatras e cl\u00ednicos gerais, cada vez mais o sofrimento an\u00edmico tem sido reduzido a um problema org\u00e2nico e consequentemente tratado com a prescri\u00e7\u00e3o de drogas. O efeito disto \u00e9 no m\u00ednimo duvidoso, segundo v\u00e1rios especialistas. Mas o que a Psicologia Junguiana tem a oferecer diante de tal quadro? Aqui entramos mais precisamente no conte\u00fado do minicurso. Sem negar o poss\u00edvel papel do corpo, a Psicologia Junguiana entende que devemos incluir a trama de fatores ps\u00edquicos individuais, culturais e arquet\u00edpicos na forma\u00e7\u00e3o das doen\u00e7as mentais. O curso abordar\u00e1 ent\u00e3o condi\u00e7\u00f5es como histeria, ansiedade e depress\u00e3o desta perspectiva psicol\u00f3gica mais ampla, profunda, complexa. Se \u00e9 verdade que \u201cos deuses tornaram-se doen\u00e7as\u201d, como disse Jung, qual \u00e9 ent\u00e3o o \u201cdeus\u201d por tr\u00e1s de um quadro, por ex., de histeria ou depress\u00e3o? Que quer a psique quando se encontra angustiada, aflita, deprimida? S\u00e3o estes os tipos de quest\u00e3o que o curso pretende discutir.<\/p>\n<h4><a href=\"http:\/\/portalfloresnoar.com\/floresnoar\/agenda-pe-minicurso-com-o-psicologo-junguiano-henrique-pereira-dias-12-e-13-de-maio-no-recife\/\" target=\"_blank\">Clique aqui para mais informa\u00e7\u00f5es sobre o\u00a0Minicurso \u2018Os Deuses tornaram-se doen\u00e7as: em busca de uma psicopatologia arquet\u00edpica\u2019.\u00a0<\/a><\/h4>\n","protected":false},"excerpt":{"rendered":"<p>O psic\u00f3logo cl\u00ednico junguiano e doutor em Psicologia Social, Henrique Pereira (RJ), vem ao Recife ministrar, nos dias 12 e 13 de maio de 2017, o Minicurso \u2018Os Deuses tornaram-se doen\u00e7as: em busca de uma psicopatologia arquet\u00edpica\u2019. Para saber um pouco mais sobre o minicurso e conhecer melhor Henrique Pereira, confira a entrevista realizada pela [&hellip;]<\/p>\n","protected":false},"author":1,"featured_media":28428,"comment_status":"open","ping_status":"open","sticky":false,"template":"","format":"standard","meta":{"om_disable_all_campaigns":false,"_monsterinsights_skip_tracking":false,"_monsterinsights_sitenote_active":false,"_monsterinsights_sitenote_note":"","_monsterinsights_sitenote_category":0,"footnotes":""},"categories":[11],"tags":[479,60,478],"acf":[],"publishpress_future_action":{"enabled":false,"date":"1969-12-31 21:00:00","action":"","terms":[],"taxonomy":"","browser_timezone_offset":0},"_links":{"self":[{"href":"https:\/\/portalfloresnoar.com\/floresnoar\/wp-json\/wp\/v2\/posts\/28426"}],"collection":[{"href":"https:\/\/portalfloresnoar.com\/floresnoar\/wp-json\/wp\/v2\/posts"}],"about":[{"href":"https:\/\/portalfloresnoar.com\/floresnoar\/wp-json\/wp\/v2\/types\/post"}],"author":[{"embeddable":true,"href":"https:\/\/portalfloresnoar.com\/floresnoar\/wp-json\/wp\/v2\/users\/1"}],"replies":[{"embeddable":true,"href":"https:\/\/portalfloresnoar.com\/floresnoar\/wp-json\/wp\/v2\/comments?post=28426"}],"version-history":[{"count":0,"href":"https:\/\/portalfloresnoar.com\/floresnoar\/wp-json\/wp\/v2\/posts\/28426\/revisions"}],"wp:featuredmedia":[{"embeddable":true,"href":"https:\/\/portalfloresnoar.com\/floresnoar\/wp-json\/wp\/v2\/media\/28428"}],"wp:attachment":[{"href":"https:\/\/portalfloresnoar.com\/floresnoar\/wp-json\/wp\/v2\/media?parent=28426"}],"wp:term":[{"taxonomy":"category","embeddable":true,"href":"https:\/\/portalfloresnoar.com\/floresnoar\/wp-json\/wp\/v2\/categories?post=28426"},{"taxonomy":"post_tag","embeddable":true,"href":"https:\/\/portalfloresnoar.com\/floresnoar\/wp-json\/wp\/v2\/tags?post=28426"}],"curies":[{"name":"wp","href":"https:\/\/api.w.org\/{rel}","templated":true}]}}