

{"id":28394,"date":"2017-04-13T07:54:48","date_gmt":"2017-04-13T10:54:48","guid":{"rendered":"http:\/\/portalfloresnoar.com\/floresnoar\/?p=28394"},"modified":"2017-04-20T16:41:16","modified_gmt":"2017-04-20T19:41:16","slug":"agenda-pe-minicurso-com-o-psicologo-junguiano-henrique-pereira-dias-12-e-13-de-maio-no-recife","status":"publish","type":"post","link":"https:\/\/portalfloresnoar.com\/floresnoar\/agenda-pe-minicurso-com-o-psicologo-junguiano-henrique-pereira-dias-12-e-13-de-maio-no-recife\/","title":{"rendered":"[AGENDA PE] Minicurso com o psic\u00f3logo junguiano Henrique Pereira, dias 12 e 13 de maio, no Recife"},"content":{"rendered":"<p><span style=\"letter-spacing: 0em;\"><img decoding=\"async\" loading=\"lazy\" class=\"size-full wp-image-28397 alignleft\" alt=\"curso psicologo henrique pereira no recife\" src=\"http:\/\/portalfloresnoar.com\/floresnoar\/wp-content\/uploads\/2017\/03\/curso-psicologo-henrique-pereira-no-recife.jpg\" width=\"336\" height=\"339\" srcset=\"https:\/\/portalfloresnoar.com\/floresnoar\/wp-content\/uploads\/2017\/03\/curso-psicologo-henrique-pereira-no-recife.jpg 336w, https:\/\/portalfloresnoar.com\/floresnoar\/wp-content\/uploads\/2017\/03\/curso-psicologo-henrique-pereira-no-recife-150x150.jpg 150w, https:\/\/portalfloresnoar.com\/floresnoar\/wp-content\/uploads\/2017\/03\/curso-psicologo-henrique-pereira-no-recife-297x300.jpg 297w, https:\/\/portalfloresnoar.com\/floresnoar\/wp-content\/uploads\/2017\/03\/curso-psicologo-henrique-pereira-no-recife-100x100.jpg 100w\" sizes=\"(max-width: 336px) 100vw, 336px\" \/>O psic\u00f3logo cl\u00ednico junguiano e doutor em Psicologia Social, Henrique Pereira (RJ), vem ao Recife ministrar, nos dias 12 e 13 de maio, o Minicurso &#8216;Os Deuses tornaram-se doen\u00e7as: em busca de uma psicopatologia arquet\u00edpica&#8217;. O minicurso \u00e9 promovido pelo Lumen Novum, em parceria com o Espa\u00e7o Rizoma.<\/span><\/p>\n<p><strong>Minicurso &#8216;Os Deuses tornaram-se doen\u00e7as: em busca de uma psicopatologia arquet\u00edpica&#8217;<\/strong><br \/>\n<strong>Data:<\/strong> 12 e 13 de maio de 2017<br \/>\n<strong>Hor\u00e1rio:<\/strong> sexta (12), das 18h30 \u00e0s 20h30 | s\u00e1bado (13), das 9h \u00e0s 17h<br \/>\n<strong>Local:<\/strong> ESPA\u00c7O RIZOMA &#8211; Rua Marechal Rondon, 256, Casa Forte, Recife\/PE<br \/>\n<strong>Investimento:<\/strong> R$ 200 (estudante) e R$ 230 (profissional)<\/p>\n<p><strong>Informa\u00e7\u00f5es e inscri\u00e7\u00f5es:<\/strong> (81) 3266.3044 e 99659.6131<\/p>\n<h4><a href=\"http:\/\/portalfloresnoar.com\/floresnoar\/entrevista-henrique-pereira-psicologo-junguiano-fala-sobre-o-minicurso-que-ministrara-em-maio-no-recife\/\" target=\"_blank\">Confira entrevista com Henrique Pereira e conhe\u00e7a sua trajet\u00f3ria na Psicologia, assim como mais detalhes do minicurso!<\/a><\/h4>\n<p>&nbsp;<\/p>\n","protected":false},"excerpt":{"rendered":"<p>O psic\u00f3logo cl\u00ednico junguiano e doutor em Psicologia Social, Henrique Pereira (RJ), vem ao Recife ministrar, nos dias 12 e 13 de maio, o Minicurso &#8216;Os Deuses tornaram-se doen\u00e7as: em busca de uma psicopatologia arquet\u00edpica&#8217;. O minicurso \u00e9 promovido pelo Lumen Novum, em parceria com o Espa\u00e7o Rizoma. Minicurso &#8216;Os Deuses tornaram-se doen\u00e7as: em busca [&hellip;]<\/p>\n","protected":false},"author":1,"featured_media":28395,"comment_status":"open","ping_status":"open","sticky":false,"template":"","format":"standard","meta":{"om_disable_all_campaigns":false,"_monsterinsights_skip_tracking":false,"_monsterinsights_sitenote_active":false,"_monsterinsights_sitenote_note":"","_monsterinsights_sitenote_category":0,"footnotes":""},"categories":[8,224,214],"tags":[167,60,478],"acf":[],"publishpress_future_action":{"enabled":false,"date":"1969-12-31 21:00:00","action":"","terms":[],"taxonomy":"","browser_timezone_offset":0},"_links":{"self":[{"href":"https:\/\/portalfloresnoar.com\/floresnoar\/wp-json\/wp\/v2\/posts\/28394"}],"collection":[{"href":"https:\/\/portalfloresnoar.com\/floresnoar\/wp-json\/wp\/v2\/posts"}],"about":[{"href":"https:\/\/portalfloresnoar.com\/floresnoar\/wp-json\/wp\/v2\/types\/post"}],"author":[{"embeddable":true,"href":"https:\/\/portalfloresnoar.com\/floresnoar\/wp-json\/wp\/v2\/users\/1"}],"replies":[{"embeddable":true,"href":"https:\/\/portalfloresnoar.com\/floresnoar\/wp-json\/wp\/v2\/comments?post=28394"}],"version-history":[{"count":0,"href":"https:\/\/portalfloresnoar.com\/floresnoar\/wp-json\/wp\/v2\/posts\/28394\/revisions"}],"wp:featuredmedia":[{"embeddable":true,"href":"https:\/\/portalfloresnoar.com\/floresnoar\/wp-json\/wp\/v2\/media\/28395"}],"wp:attachment":[{"href":"https:\/\/portalfloresnoar.com\/floresnoar\/wp-json\/wp\/v2\/media?parent=28394"}],"wp:term":[{"taxonomy":"category","embeddable":true,"href":"https:\/\/portalfloresnoar.com\/floresnoar\/wp-json\/wp\/v2\/categories?post=28394"},{"taxonomy":"post_tag","embeddable":true,"href":"https:\/\/portalfloresnoar.com\/floresnoar\/wp-json\/wp\/v2\/tags?post=28394"}],"curies":[{"name":"wp","href":"https:\/\/api.w.org\/{rel}","templated":true}]}}