

{"id":28390,"date":"2017-03-13T11:49:18","date_gmt":"2017-03-13T14:49:18","guid":{"rendered":"http:\/\/portalfloresnoar.com\/floresnoar\/?p=28390"},"modified":"2017-03-14T10:37:03","modified_gmt":"2017-03-14T13:37:03","slug":"agenda-pe-roda-de-fiar-bordado-a-mao-reinicia-oficinas-e-aulas-no-recife","status":"publish","type":"post","link":"https:\/\/portalfloresnoar.com\/floresnoar\/agenda-pe-roda-de-fiar-bordado-a-mao-reinicia-oficinas-e-aulas-no-recife\/","title":{"rendered":"[AGENDA PE] &#8216;Roda de Fiar Bordado \u00e0 M\u00e3o&#8217; reinicia oficinas e aulas no Recife"},"content":{"rendered":"<p><img decoding=\"async\" loading=\"lazy\" class=\"aligncenter size-full wp-image-28391\" alt=\"roda de fiar\" src=\"http:\/\/portalfloresnoar.com\/floresnoar\/wp-content\/uploads\/2017\/03\/roda-de-fiar.jpg\" width=\"720\" height=\"405\" srcset=\"https:\/\/portalfloresnoar.com\/floresnoar\/wp-content\/uploads\/2017\/03\/roda-de-fiar.jpg 720w, https:\/\/portalfloresnoar.com\/floresnoar\/wp-content\/uploads\/2017\/03\/roda-de-fiar-300x168.jpg 300w\" sizes=\"(max-width: 720px) 100vw, 720px\" \/><\/p>\n<p>A partir deste m\u00eas de mar\u00e7o, a bordadeira, arteterapeuta e psic\u00f3loga Maria Herminia Martins reinicia as oficinas e aulas da Roda de Fiar Bordado \u00e0 M\u00e3o. O primeiro m\u00f3dulo da oficina tem in\u00edcio no dia 23 de mar\u00e7o. J\u00e1 as aulas de bordado, podem ser individual ou coletiva, com hora marcada.<\/p>\n<p>&#8220;Durante o ano de 2016, a Roda de Fiar Bordado se fortaleceu no prop\u00f3sito de resgatar e potencializar o trabalho manual do bordado nos tempos de hoje, ressaltando o fazer feminino, livre e criativo em todos os espa\u00e7os. No depoimento de participantes da Roda de Fiar Bordado, as mulheres falavam sobre o encantamento de bordar, e como o bordar remete \u00e0 terapia e medita\u00e7\u00e3o&#8221;, declara Herm\u00ednia.<\/p>\n<p>CALEND\u00c1RIO DAS OFICINAS<br \/>\nM\u00f3dulo 1 &#8211; \u00a023 e 30 de mar\u00e7o e 06 e 13 de abril de 2017<br \/>\nM\u00f3dulo 2 &#8211; 2\u00b0- 20 e 27 de abril e 04 e 11 de maio\u00a0de 2017<br \/>\nM\u00f3dulo 3 &#8211; 18 e 25 de maio e 01 e 08 de junho de 2017<br \/>\nM\u00f3dulo 4 &#8211; \u00a006, 13, 20 e 27 de julho de 2017<br \/>\n<em>Obs: total de 04 oficinas por cada m\u00f3dulo. O participante matr\u00edcula-se para os 04 encontros. Caso deseje aprofundamento, faz nova matr\u00edcula.<\/em><\/p>\n<p>Hor\u00e1rio: das 15 \u00e0s 17h<br \/>\nLocal: Equilibre &#8211; Pr\u00e1ticas Sist\u00eamicas &#8211; Rua An\u00edbal Falc\u00e3o, 151, Gra\u00e7as, Recife\/PE<br \/>\nValor da oficina (m\u00f3dulo com 4 encontros): R$ 300,00 (em at\u00e9 2x)<br \/>\nObs: Est\u00e3o inclusos alguns materiais.<\/p>\n<p><em>Vagas: limitadas!<\/em><\/p>\n<p>MAIS INFORMA\u00c7\u00d5ES<br \/>\n<strong>Fone:<\/strong> 99924 0665 (WhatsApp)<\/p>\n","protected":false},"excerpt":{"rendered":"<p>A partir deste m\u00eas de mar\u00e7o, a bordadeira, arteterapeuta e psic\u00f3loga Maria Herminia Martins reinicia as oficinas e aulas da Roda de Fiar Bordado \u00e0 M\u00e3o. O primeiro m\u00f3dulo da oficina tem in\u00edcio no dia 23 de mar\u00e7o. J\u00e1 as aulas de bordado, podem ser individual ou coletiva, com hora marcada. &#8220;Durante o ano de [&hellip;]<\/p>\n","protected":false},"author":1,"featured_media":28391,"comment_status":"open","ping_status":"open","sticky":false,"template":"","format":"standard","meta":{"om_disable_all_campaigns":false,"_monsterinsights_skip_tracking":false,"_monsterinsights_sitenote_active":false,"_monsterinsights_sitenote_note":"","_monsterinsights_sitenote_category":0,"footnotes":""},"categories":[8,224,214],"tags":[355,358,455,137,22,238],"acf":[],"publishpress_future_action":{"enabled":false,"date":"1969-12-31 21:00:00","action":"","terms":[],"taxonomy":"","browser_timezone_offset":0},"_links":{"self":[{"href":"https:\/\/portalfloresnoar.com\/floresnoar\/wp-json\/wp\/v2\/posts\/28390"}],"collection":[{"href":"https:\/\/portalfloresnoar.com\/floresnoar\/wp-json\/wp\/v2\/posts"}],"about":[{"href":"https:\/\/portalfloresnoar.com\/floresnoar\/wp-json\/wp\/v2\/types\/post"}],"author":[{"embeddable":true,"href":"https:\/\/portalfloresnoar.com\/floresnoar\/wp-json\/wp\/v2\/users\/1"}],"replies":[{"embeddable":true,"href":"https:\/\/portalfloresnoar.com\/floresnoar\/wp-json\/wp\/v2\/comments?post=28390"}],"version-history":[{"count":0,"href":"https:\/\/portalfloresnoar.com\/floresnoar\/wp-json\/wp\/v2\/posts\/28390\/revisions"}],"wp:featuredmedia":[{"embeddable":true,"href":"https:\/\/portalfloresnoar.com\/floresnoar\/wp-json\/wp\/v2\/media\/28391"}],"wp:attachment":[{"href":"https:\/\/portalfloresnoar.com\/floresnoar\/wp-json\/wp\/v2\/media?parent=28390"}],"wp:term":[{"taxonomy":"category","embeddable":true,"href":"https:\/\/portalfloresnoar.com\/floresnoar\/wp-json\/wp\/v2\/categories?post=28390"},{"taxonomy":"post_tag","embeddable":true,"href":"https:\/\/portalfloresnoar.com\/floresnoar\/wp-json\/wp\/v2\/tags?post=28390"}],"curies":[{"name":"wp","href":"https:\/\/api.w.org\/{rel}","templated":true}]}}