

{"id":28368,"date":"2017-03-10T10:52:51","date_gmt":"2017-03-10T13:52:51","guid":{"rendered":"http:\/\/portalfloresnoar.com\/floresnoar\/?p=28368"},"modified":"2017-03-10T10:52:51","modified_gmt":"2017-03-10T13:52:51","slug":"agenda-pe-atendimentos-psicologicos-e-arteterapeuticos-no-bairro-das-gracas","status":"publish","type":"post","link":"https:\/\/portalfloresnoar.com\/floresnoar\/agenda-pe-atendimentos-psicologicos-e-arteterapeuticos-no-bairro-das-gracas\/","title":{"rendered":"[AGENDA PE] Atendimentos psicol\u00f3gicos e arteterap\u00eauticos no bairro das Gra\u00e7as"},"content":{"rendered":"<p><img decoding=\"async\" loading=\"lazy\" class=\"aligncenter size-full wp-image-28369\" alt=\"psicoterapia e arteterapia no Recife\" src=\"http:\/\/portalfloresnoar.com\/floresnoar\/wp-content\/uploads\/2017\/03\/psicoterapia-e-arteterapia-no-Recife.jpg\" width=\"700\" height=\"393\" srcset=\"https:\/\/portalfloresnoar.com\/floresnoar\/wp-content\/uploads\/2017\/03\/psicoterapia-e-arteterapia-no-Recife.jpg 700w, https:\/\/portalfloresnoar.com\/floresnoar\/wp-content\/uploads\/2017\/03\/psicoterapia-e-arteterapia-no-Recife-300x168.jpg 300w\" sizes=\"(max-width: 700px) 100vw, 700px\" \/><\/p>\n<p>A psic\u00f3loga, arteterapeuta e bordadeira Maria Herm\u00ednia Martins est\u00e1 oferecendo atendimentos psicol\u00f3gicos e arteterap\u00eauticos para todos os p\u00fablicos, no Espa\u00e7o Equilibre &#8211; Praticas Sist\u00eamicas, no bairro das Gra\u00e7as.<\/p>\n<p>&#8220;Quando decidimos fazer terapia, estamos decidindo por ter um &#8216;espa\u00e7o singular, s\u00f3 meu, um espa\u00e7o onde posso ser eu, como estou no momento presente&#8217; e neste lugar &#8216;s\u00f3 meu&#8217;, tem outra pessoa (terapeuta) que est\u00e1 junto para acolher, com sensibilidade e t\u00e9cnica para realizar a escuta, para caminhar junto&#8221;, declara Herm\u00ednia.<\/p>\n<p>&#8220;No trabalho de atendimento, a Arteterapia como foco de abordagem terap\u00eautica, vem contribuir para a fluidez do Processo Criativo que todos n\u00f3s temos e de que precisamos dele para estarmos inteiros na supera\u00e7\u00e3o de nossas dificuldades pessoais e interpessoais.&#8221;<\/p>\n<p>Um dado inovador \u00e9 que os atendimentos poder\u00e3o tamb\u00e9m serem agendados em car\u00e1ter de consulta de urg\u00eancia psicol\u00f3gica, ou seja, na presen\u00e7a de sofrimento ps\u00edquico intenso, a pessoa poder\u00e1 proceder com agendamento, para ser acolhido em sua demanda, sem necessariamente se submeter a um processo terap\u00eautico, caso n\u00e3o deseje continuidade de tal procedimento.<\/p>\n<p>Tamb\u00e9m s\u00e3o oferecidos os servi\u00e7os de atendimento de Bordado Terap\u00eautico, atrav\u00e9s do qual, a pessoa que j\u00e1 borda ou a que deseje aprender a bordar tem ao seu dispor, atrav\u00e9s das t\u00e9cnicas do Bordado \u00e0 M\u00e3o Livre, um instrumento de autoconhecimento.<\/p>\n<p><strong>Local de atendimento:<\/strong> Espa\u00e7o Equilibre &#8211; Praticas Sist\u00eamicas, na Rua An\u00edbal Falc\u00e3o, 151 Gra\u00e7as, Recife\/PE<\/p>\n<p><strong>Agendamento da consulta:<\/strong> (81) 99924 0665<\/p>\n","protected":false},"excerpt":{"rendered":"<p>A psic\u00f3loga, arteterapeuta e bordadeira Maria Herm\u00ednia Martins est\u00e1 oferecendo atendimentos psicol\u00f3gicos e arteterap\u00eauticos para todos os p\u00fablicos, no Espa\u00e7o Equilibre &#8211; Praticas Sist\u00eamicas, no bairro das Gra\u00e7as. &#8220;Quando decidimos fazer terapia, estamos decidindo por ter um &#8216;espa\u00e7o singular, s\u00f3 meu, um espa\u00e7o onde posso ser eu, como estou no momento presente&#8217; e neste lugar [&hellip;]<\/p>\n","protected":false},"author":1,"featured_media":28370,"comment_status":"open","ping_status":"open","sticky":false,"template":"","format":"standard","meta":{"om_disable_all_campaigns":false,"_monsterinsights_skip_tracking":false,"_monsterinsights_sitenote_active":false,"_monsterinsights_sitenote_note":"","_monsterinsights_sitenote_category":0,"footnotes":""},"categories":[8,224,214],"tags":[34,325,355,476],"acf":[],"publishpress_future_action":{"enabled":false,"date":"1969-12-31 21:00:00","action":"","terms":[],"taxonomy":"","browser_timezone_offset":0},"_links":{"self":[{"href":"https:\/\/portalfloresnoar.com\/floresnoar\/wp-json\/wp\/v2\/posts\/28368"}],"collection":[{"href":"https:\/\/portalfloresnoar.com\/floresnoar\/wp-json\/wp\/v2\/posts"}],"about":[{"href":"https:\/\/portalfloresnoar.com\/floresnoar\/wp-json\/wp\/v2\/types\/post"}],"author":[{"embeddable":true,"href":"https:\/\/portalfloresnoar.com\/floresnoar\/wp-json\/wp\/v2\/users\/1"}],"replies":[{"embeddable":true,"href":"https:\/\/portalfloresnoar.com\/floresnoar\/wp-json\/wp\/v2\/comments?post=28368"}],"version-history":[{"count":0,"href":"https:\/\/portalfloresnoar.com\/floresnoar\/wp-json\/wp\/v2\/posts\/28368\/revisions"}],"wp:featuredmedia":[{"embeddable":true,"href":"https:\/\/portalfloresnoar.com\/floresnoar\/wp-json\/wp\/v2\/media\/28370"}],"wp:attachment":[{"href":"https:\/\/portalfloresnoar.com\/floresnoar\/wp-json\/wp\/v2\/media?parent=28368"}],"wp:term":[{"taxonomy":"category","embeddable":true,"href":"https:\/\/portalfloresnoar.com\/floresnoar\/wp-json\/wp\/v2\/categories?post=28368"},{"taxonomy":"post_tag","embeddable":true,"href":"https:\/\/portalfloresnoar.com\/floresnoar\/wp-json\/wp\/v2\/tags?post=28368"}],"curies":[{"name":"wp","href":"https:\/\/api.w.org\/{rel}","templated":true}]}}