

{"id":28364,"date":"2017-02-08T23:01:23","date_gmt":"2017-02-09T02:01:23","guid":{"rendered":"http:\/\/portalfloresnoar.com\/floresnoar\/?p=28364"},"modified":"2017-03-21T10:36:00","modified_gmt":"2017-03-21T13:36:00","slug":"agenda-pe-oficina-de-introducao-ao-soulcollage-dia-203-no-garuda-yoga-em-setubal","status":"publish","type":"post","link":"https:\/\/portalfloresnoar.com\/floresnoar\/agenda-pe-oficina-de-introducao-ao-soulcollage-dia-203-no-garuda-yoga-em-setubal\/","title":{"rendered":"[AGENDA PE] Oficina de Introdu\u00e7\u00e3o ao SoulCollage\u00ae dia 20\/3 no Garuda Yoga, em Set\u00fabal"},"content":{"rendered":"<p><img decoding=\"async\" loading=\"lazy\" class=\"aligncenter size-full wp-image-28365\" alt=\"Oficina de SoulCollage no Recife\" src=\"http:\/\/portalfloresnoar.com\/floresnoar\/wp-content\/uploads\/2017\/03\/Oficina-de-SoulCollage-no-Recife.jpg\" width=\"700\" height=\"700\" srcset=\"https:\/\/portalfloresnoar.com\/floresnoar\/wp-content\/uploads\/2017\/03\/Oficina-de-SoulCollage-no-Recife.jpg 700w, https:\/\/portalfloresnoar.com\/floresnoar\/wp-content\/uploads\/2017\/03\/Oficina-de-SoulCollage-no-Recife-150x150.jpg 150w, https:\/\/portalfloresnoar.com\/floresnoar\/wp-content\/uploads\/2017\/03\/Oficina-de-SoulCollage-no-Recife-300x300.jpg 300w, https:\/\/portalfloresnoar.com\/floresnoar\/wp-content\/uploads\/2017\/03\/Oficina-de-SoulCollage-no-Recife-100x100.jpg 100w\" sizes=\"(max-width: 700px) 100vw, 700px\" \/><\/p>\n<p>A facilitadora de SoulCollage\u00ae Juliana Lombardi realiza no dia 20 de mar\u00e7o, das 19h \u00e0s 21h30, no Garuda Yoga, em Set\u00fabal, a Oficina de Introdu\u00e7\u00e3o ao SoulCollage\u00ae. Juliana \u00e9 fot\u00f3grafa, arteterapeuta em forma\u00e7\u00e3o e acad\u00eamica em Psicologia.<\/p>\n<p>\u201cO SoulCollage\u00ae \u00e9 um m\u00e9todo te\u00f3rico-vivencial que utiliza a colagem para dar voz e forma \u00e0s imagens do inconsciente. Uma experi\u00eancia que n\u00e3o exige pr\u00e9-requisitos nem t\u00e9cnicas especiais. Nesta oficina, cada participante poder\u00e1 fazer o seu pr\u00f3prio cart\u00e3o de SoulCollage\u00ae de forma livre e intuitiva, abrindo espa\u00e7o para a criatividade, o autoconhecimento e a sabedoria interior, de forma simples e profunda\u201d, explica Juliana.<\/p>\n<p>\u201c\u00c9 uma forma l\u00fadica de estimular a intui\u00e7\u00e3o, a imagina\u00e7\u00e3o e a criatividade, (re) descobrindo a diversidade da nossa alma a partir de um di\u00e1logo com os nossos personagens interiores.\u201d<\/p>\n<p><strong>Oficina de Introdu\u00e7\u00e3o ao SoulCollage\u00ae<\/strong><br \/>\n<strong>Data:<\/strong> 20\/3\/2017 (segunda-feira)<br \/>\n<strong>Hora:<\/strong> 19h \u00e0s 21h30<br \/>\n<strong>Local:<\/strong>\u00a0 GARUDA YOGA &#8211;\u00a0Rua Libia de Castro Assis, 59\/101, Centro Empresarial Jardim, \u00a0Set\u00fabal, Recife\/PE<br \/>\n<strong>Investimento:<\/strong> R$ 75,00 (material incluso)<br \/>\n<strong>Vagas:<\/strong> 12<\/p>\n<p>INSCRI\u00c7\u00d5ES E MAIS INFORMA\u00c7\u00d5ES:<br \/>\n<strong>Fone:<\/strong> (81) 98730.1118 (fone\/whatsapp)<br \/>\n<strong>E-mail:<\/strong> juflombardi@gmail.com<\/p>\n","protected":false},"excerpt":{"rendered":"<p>A facilitadora de SoulCollage\u00ae Juliana Lombardi realiza no dia 20 de mar\u00e7o, das 19h \u00e0s 21h30, no Garuda Yoga, em Set\u00fabal, a Oficina de Introdu\u00e7\u00e3o ao SoulCollage\u00ae. Juliana \u00e9 fot\u00f3grafa, arteterapeuta em forma\u00e7\u00e3o e acad\u00eamica em Psicologia. \u201cO SoulCollage\u00ae \u00e9 um m\u00e9todo te\u00f3rico-vivencial que utiliza a colagem para dar voz e forma \u00e0s imagens do [&hellip;]<\/p>\n","protected":false},"author":1,"featured_media":27722,"comment_status":"open","ping_status":"open","sticky":false,"template":"","format":"standard","meta":{"om_disable_all_campaigns":false,"_monsterinsights_skip_tracking":false,"_monsterinsights_sitenote_active":false,"_monsterinsights_sitenote_note":"","_monsterinsights_sitenote_category":0,"footnotes":""},"categories":[8,214],"tags":[328,233],"acf":[],"publishpress_future_action":{"enabled":false,"date":"1969-12-31 21:00:00","action":"","terms":[],"taxonomy":"","browser_timezone_offset":0},"_links":{"self":[{"href":"https:\/\/portalfloresnoar.com\/floresnoar\/wp-json\/wp\/v2\/posts\/28364"}],"collection":[{"href":"https:\/\/portalfloresnoar.com\/floresnoar\/wp-json\/wp\/v2\/posts"}],"about":[{"href":"https:\/\/portalfloresnoar.com\/floresnoar\/wp-json\/wp\/v2\/types\/post"}],"author":[{"embeddable":true,"href":"https:\/\/portalfloresnoar.com\/floresnoar\/wp-json\/wp\/v2\/users\/1"}],"replies":[{"embeddable":true,"href":"https:\/\/portalfloresnoar.com\/floresnoar\/wp-json\/wp\/v2\/comments?post=28364"}],"version-history":[{"count":0,"href":"https:\/\/portalfloresnoar.com\/floresnoar\/wp-json\/wp\/v2\/posts\/28364\/revisions"}],"wp:featuredmedia":[{"embeddable":true,"href":"https:\/\/portalfloresnoar.com\/floresnoar\/wp-json\/wp\/v2\/media\/27722"}],"wp:attachment":[{"href":"https:\/\/portalfloresnoar.com\/floresnoar\/wp-json\/wp\/v2\/media?parent=28364"}],"wp:term":[{"taxonomy":"category","embeddable":true,"href":"https:\/\/portalfloresnoar.com\/floresnoar\/wp-json\/wp\/v2\/categories?post=28364"},{"taxonomy":"post_tag","embeddable":true,"href":"https:\/\/portalfloresnoar.com\/floresnoar\/wp-json\/wp\/v2\/tags?post=28364"}],"curies":[{"name":"wp","href":"https:\/\/api.w.org\/{rel}","templated":true}]}}