

{"id":28331,"date":"2017-02-27T19:50:10","date_gmt":"2017-02-27T22:50:10","guid":{"rendered":"http:\/\/portalfloresnoar.com\/floresnoar\/?p=28331"},"modified":"2017-03-15T11:51:14","modified_gmt":"2017-03-15T14:51:14","slug":"agenda-pe-inscricoes-abertas-para-grupo-de-autoconhecimento-com-constelacao-familiar-inicio-no-dia-153","status":"publish","type":"post","link":"https:\/\/portalfloresnoar.com\/floresnoar\/agenda-pe-inscricoes-abertas-para-grupo-de-autoconhecimento-com-constelacao-familiar-inicio-no-dia-153\/","title":{"rendered":"[AGENDA PE] Inscri\u00e7\u00f5es abertas para Grupo de Autoconhecimento com Constela\u00e7\u00e3o Familiar. In\u00edcio no dia 15\/3!"},"content":{"rendered":"<p><img decoding=\"async\" loading=\"lazy\" class=\"aligncenter size-full wp-image-28348\" alt=\"grupo de contela\u00e7\u00e3o familiar no recife\" src=\"http:\/\/portalfloresnoar.com\/floresnoar\/wp-content\/uploads\/2017\/03\/grupo-de-contela\u00e7\u00e3o-familiar-no-recife.jpg\" width=\"630\" height=\"891\" srcset=\"https:\/\/portalfloresnoar.com\/floresnoar\/wp-content\/uploads\/2017\/03\/grupo-de-contela\u00e7\u00e3o-familiar-no-recife.jpg 630w, https:\/\/portalfloresnoar.com\/floresnoar\/wp-content\/uploads\/2017\/03\/grupo-de-contela\u00e7\u00e3o-familiar-no-recife-212x300.jpg 212w\" sizes=\"(max-width: 630px) 100vw, 630px\" \/><\/p>\n<p>A terapeuta Carla de Paula Campos inicia no dia 15 de mar\u00e7o de 2017, no Recife, mais um Grupo de Autoconhecimento com Constela\u00e7\u00e3o Familiar. Os encontros ser\u00e3o realizados em quatro quartas-feiras, das 18h30 \u00e0s 21h30, no sConstTear, bairro do Espinheiro.<\/p>\n<p>&#8220;Este trabalho vem sendo feito com interessados\/as em conhecer a Constela\u00e7\u00e3o Familiar Sist\u00eamica e tamb\u00e9m para quem j\u00e1 conhece o m\u00e9todo. O grupo cria uma energia de crescimento entre si, cultivando a sabedoria de cura coletiva que a Constela\u00e7\u00e3o Familiar Sist\u00eamica oferece. Para quem j\u00e1 conhece, \u00e9 poss\u00edvel se aprofundar um pouco mais nessa filosofia e pr\u00e1tica que foi criada pelo alem\u00e3o Bert Hellinger&#8221;, explica a terapeuta.<\/p>\n<p>&#8220;Atrav\u00e9s de exerc\u00edcios em pequenos grupos, os participantes entram em contato com seu campo energ\u00e9tico de acordo com cada tema e, assim, podem se trabalhar para o equil\u00edbrio, al\u00e9m de poder alcan\u00e7ar a tomada de consci\u00eancia com os exerc\u00edcios, com as partilhas e com os ensinamentos. A Constela\u00e7\u00e3o Sist\u00eamica \u00e9 uma terapia de reconex\u00e3o com o nosso lugar de for\u00e7a, retirando-nos de desequil\u00edbrios e emaranhados que n\u00e3o s\u00e3o pr\u00f3prios da nossa vida&#8221;, declara Carla.<\/p>\n<p>As inscri\u00e7\u00f5es devem ser feitas antecipadamente, pois h\u00e1 limite de vagas<\/p>\n<p><strong>1\u00ba Encontro: 15\/03<\/strong><br \/>\n<em>A Consci\u00eancia do Eu,\u00a0do grupo, da alma<\/em><br \/>\n\u2022 Ancestralidade<br \/>\n\u2022 O dom da vida<\/p>\n<p><strong>2\u00ba Encontro: 22\/03<\/strong><br \/>\n<em>Dar e receber,\u00a0somos seres sociais<\/em><br \/>\n\u2022 O equil\u00edbrio nas rela\u00e7\u00f5es<br \/>\n\u2022 O dom da ajuda<\/p>\n<p><strong>3\u00ba Encontro: 29\/03<\/strong><br \/>\n<em>Relacionamentos \u00edntimos<\/em><br \/>\n\u2022 Liberando o passado<br \/>\n\u2022 Amor, Sexualidade,<br \/>\nSensualidade<br \/>\n\u2022 Masculino e Feminino<\/p>\n<p><strong>4\u00ba Encontro: 05\/04<\/strong><br \/>\n<em>O caminho,\u00a0as oportunidades,\u00a0a prosperidade<\/em><br \/>\n\u2022 O livre caminhar<br \/>\n\u2022 Expans\u00e3o\/retraimento<br \/>\ndos planos<br \/>\n\u2022 A prosperidade<\/p>\n<p><strong>Quando:<\/strong> Quartas-feiras, das 18h30 \u00e0s 21h30<br \/>\n<strong>Inscri\u00e7\u00e3o individual:<\/strong> R$ 100<br \/>\n<strong>Inscri\u00e7\u00e3o em dupla:<\/strong> R$ 170 \u2013 colegas; amigos\/as; casal; parentes (a consultar)<br \/>\n<strong>Facilitadora:<\/strong> Carla de Paula Campos<br \/>\n<strong>Local:<\/strong> sConstTear &#8211; Rua Nicar\u00e1gua, 85, sala 2d2, Espinheiro, Recife (na rua do \u201cMedical\u201d da Avenida Agamenon Magalh\u00e3es)<\/p>\n<p><strong>Informa\u00e7\u00f5es\/Inscri\u00e7\u00f5es:<\/strong><br \/>\ncarladepaulacampos@gmail.com<br \/>\n99655.0212 (Tim e Whatsapp)<br \/>\n<a href=\"https:\/\/www.facebook.com\/CSX-Sconsttear-1066800696729898\">https:\/\/www.facebook.com\/CSX-Sconsttear-1066800696729898<\/a><\/p>\n","protected":false},"excerpt":{"rendered":"<p>A terapeuta Carla de Paula Campos inicia no dia 15 de mar\u00e7o de 2017, no Recife, mais um Grupo de Autoconhecimento com Constela\u00e7\u00e3o Familiar. Os encontros ser\u00e3o realizados em quatro quartas-feiras, das 18h30 \u00e0s 21h30, no sConstTear, bairro do Espinheiro. &#8220;Este trabalho vem sendo feito com interessados\/as em conhecer a Constela\u00e7\u00e3o Familiar Sist\u00eamica e tamb\u00e9m [&hellip;]<\/p>\n","protected":false},"author":1,"featured_media":28347,"comment_status":"open","ping_status":"open","sticky":false,"template":"","format":"standard","meta":{"om_disable_all_campaigns":false,"_monsterinsights_skip_tracking":false,"_monsterinsights_sitenote_active":false,"_monsterinsights_sitenote_note":"","_monsterinsights_sitenote_category":0,"footnotes":""},"categories":[8,214],"tags":[302,389,137],"acf":[],"publishpress_future_action":{"enabled":false,"date":"1969-12-31 21:00:00","action":"","terms":[],"taxonomy":"","browser_timezone_offset":0},"_links":{"self":[{"href":"https:\/\/portalfloresnoar.com\/floresnoar\/wp-json\/wp\/v2\/posts\/28331"}],"collection":[{"href":"https:\/\/portalfloresnoar.com\/floresnoar\/wp-json\/wp\/v2\/posts"}],"about":[{"href":"https:\/\/portalfloresnoar.com\/floresnoar\/wp-json\/wp\/v2\/types\/post"}],"author":[{"embeddable":true,"href":"https:\/\/portalfloresnoar.com\/floresnoar\/wp-json\/wp\/v2\/users\/1"}],"replies":[{"embeddable":true,"href":"https:\/\/portalfloresnoar.com\/floresnoar\/wp-json\/wp\/v2\/comments?post=28331"}],"version-history":[{"count":0,"href":"https:\/\/portalfloresnoar.com\/floresnoar\/wp-json\/wp\/v2\/posts\/28331\/revisions"}],"wp:featuredmedia":[{"embeddable":true,"href":"https:\/\/portalfloresnoar.com\/floresnoar\/wp-json\/wp\/v2\/media\/28347"}],"wp:attachment":[{"href":"https:\/\/portalfloresnoar.com\/floresnoar\/wp-json\/wp\/v2\/media?parent=28331"}],"wp:term":[{"taxonomy":"category","embeddable":true,"href":"https:\/\/portalfloresnoar.com\/floresnoar\/wp-json\/wp\/v2\/categories?post=28331"},{"taxonomy":"post_tag","embeddable":true,"href":"https:\/\/portalfloresnoar.com\/floresnoar\/wp-json\/wp\/v2\/tags?post=28331"}],"curies":[{"name":"wp","href":"https:\/\/api.w.org\/{rel}","templated":true}]}}