

{"id":283,"date":"2010-05-31T18:22:00","date_gmt":"2010-05-31T21:22:00","guid":{"rendered":"http:\/\/portalfloresnoar.hospedagemdesites.ws\/floresnoar\/?p=283"},"modified":"2017-07-30T18:13:11","modified_gmt":"2017-07-30T21:13:11","slug":"acredito-que-tenho-a-missao-de-colaborar-para-a-difusao-e-o-esclarecimento-dos-calendarios-maiamesoamericanos-2","status":"publish","type":"post","link":"https:\/\/portalfloresnoar.com\/floresnoar\/acredito-que-tenho-a-missao-de-colaborar-para-a-difusao-e-o-esclarecimento-dos-calendarios-maiamesoamericanos-2\/","title":{"rendered":"&#8220;Acredito que tenho a miss\u00e3o de colaborar para a difus\u00e3o e o esclarecimento dos Calend\u00e1rios Maia\/MesoAmericanos&#8221;"},"content":{"rendered":"<p><img decoding=\"async\" loading=\"lazy\" id=\"BLOGGER_PHOTO_ID_5477564741613326706\" class=\"alignleft\" style=\"height: 150px; margin: 0px 10px 10px 0px; width: 200px; border: 0px;\" src=\"http:\/\/4.bp.blogspot.com\/_EkvISJvFcDA\/TAQ4HHIREXI\/AAAAAAAAAOQ\/lOB7dp92b0U\/s200\/thiagocavalcanti.JPG\" alt=\"\" width=\"200\" height=\"150\" border=\"0\" \/><span style=\"color: #990000; font-weight: bold;\">Flores no Ar<\/span> &#8211; Quem \u00e9 voc\u00ea,Thiago? O que faz? Em que acredita?&#8230;<\/p>\n<p><span style=\"color: #003300; font-weight: bold;\">Thiago<\/span> &#8211; Eu sou um jovem admirador de culturas ancestrais, desenvolvo um trabalho pioneiro no Brasil e acredito que tenho a miss\u00e3o de colaborar para a difus\u00e3o e o esclarecimento dos Calend\u00e1rios Maias\/MesoAmericanos.<\/p>\n<p><span style=\"color: #990000; font-weight: bold;\">Flores no Ar<\/span> &#8211; Como voc\u00ea come\u00e7ou a se interessar pelo estudo dos calend\u00e1rios mesoamericanos? O que te chamou aten\u00e7\u00e3o para esses calend\u00e1rios?<\/p>\n<p><span style=\"color: #003300; font-weight: bold;\">Thiago<\/span> &#8211; No come\u00e7o da d\u00e9cada passada, tive a oportunidade de escolher o tema de um trabalho escolar. Escolhi astronomia, e um dos aspectos abordados seria a (arqueo) astronomia pr\u00e9-colombiana. A partir da\u00ed, entrei em contato com a matem\u00e1tica maia e a contagem longa, o resto \u00e9 hist\u00f3ria. S\u00f3 o fato de ser uma l\u00f3gica matem\u00e1tica de contagem de tempo ancestral e ao mesmo tempo aparentemente complexa e misteriosa j\u00e1 atraiu minha aten\u00e7\u00e3o.<!--more--><\/p>\n<p><span style=\"color: #990000; font-weight: bold;\">Flores no Ar<\/span> &#8211; Como funciona o Calend\u00e1rio Maia?<\/p>\n<p><span style=\"color: #003300; font-weight: bold;\">Thiago<\/span> &#8211; Em poucas palavras, \u00e9 um emaranhado de infinitos ciclos que correm paralelamente uns aos outros e se relacionam matematicamente.<\/p>\n<p><span style=\"color: #990000; font-weight: bold;\">Flores no Ar<\/span> &#8211; O que \u00e9 o projeto CMAIA?<\/p>\n<p><span style=\"color: #003300; font-weight: bold;\">Thiago<\/span> &#8211; O Projeto CMAIA (Calend\u00e1rio MesoAmericano Independente e Aberto) foi criado em 2006 para difundir a informa\u00e7\u00e3o a respeito dos calend\u00e1rios mesoamericanos, sendo politicamente independente e aberto \u00e0s possibilidades e colabora\u00e7\u00f5es, bem como aos &#8220;detalhes&#8221; que at\u00e9 ent\u00e3o eram ignorados\/ocultados pelo calend\u00e1rio que dominava o mercado brasileiro usando de uma falsa propaganda que o coloca como maia.<\/p>\n<p><span style=\"color: #990000; font-weight: bold;\">Flores no Ar<\/span> &#8211; Qual a import\u00e2ncia de conhecermos e vivenciarmos o Calend\u00e1rio Maia?<\/p>\n<p><span style=\"color: #003300; font-weight: bold;\">Thiago<\/span> &#8211; Depende dos interesses e do ponto de vista de cada um definir at\u00e9 mesmo se h\u00e1 uma import\u00e2ncia. Se voc\u00ea \u00e9 do tipo que se interessa por culturas antigas, astronomia, matem\u00e1tica, contagens de tempo, talvez isso possa ganhar alguma import\u00e2ncia pra voc\u00ea. Se \u00e9 do tipo que gosta de autoconhecimento, tem um prato cheio. Se \u00e9 do tipo que gosta de or\u00e1culos, \u00e9 prefer\u00edvel olhar tamb\u00e9m para a matem\u00e1tica. Se \u00e9 do tipo impaciente, desista. Tudo que v\u00e1 al\u00e9m da base do calend\u00e1rio pode ser subjetivo, especialmente a viv\u00eancia, a maneira com que cada um se relaciona com o calend\u00e1rio e o que ele significa para a pessoa. Claro que eu gostaria de ver mais e mais pessoas seguindo o Calend\u00e1rio Maia e podendo descrever sua rela\u00e7\u00e3o com ele, mas eu estaria me contradizendo se &#8220;pregasse&#8221; o uso do calend\u00e1rio como &#8220;ferramenta salvadora&#8221; ou coisa do tipo.<\/p>\n<p><span style=\"color: #990000; font-weight: bold;\">Flores no Ar<\/span> &#8211; Quais as diferen\u00e7a entre o Calend\u00e1rio Maia Nativo e o Calend\u00e1rio da Paz?<\/p>\n<p><span style=\"color: #003300; font-weight: bold;\">Thiago<\/span> &#8211; O Calend\u00e1rio da Paz prende os ciclos maias ao Calend\u00e1rio Gregoriano, &#8220;prega&#8221; o famoso ciclo de 2012 ao mesmo tempo em que desrespeita as bases do mesmo, mantendo apenas a equival\u00eancia da data gregoriana para o fim do ciclo. As raz\u00f5es para Jos\u00e9 Arg\u00fcelles, criador do Calend\u00e1rio da Paz, ter feito isso s\u00e3o especuladas, pois oficialmente as raz\u00f5es tendem para o lado da f\u00e9, como normalmente ocorre quando o assunto \u00e9 esse calend\u00e1rio. Como eu j\u00e1 possu\u00eda a base matem\u00e1tica da contagem longa, que \u00e9 o calend\u00e1rio engendrado pela matem\u00e1tica e atrav\u00e9s do qual se determina o ciclo de 2012, pude atestar por mim mesmo que o Calend\u00e1rio da Paz desrespeitava essa mesma base, o que foi decisivo, al\u00e9m de ter tido tamb\u00e9m em especial o apoio do meu amigo Luis Gon\u00e7alves.<\/p>\n<p><span style=\"color: #990000; font-weight: bold;\">Flores no Ar<\/span> &#8211; Al\u00e9m da mudan\u00e7a nos c\u00e1lculos, h\u00e1 mudan\u00e7as nas caracter\u00edsticas dos glifos (selos) e n\u00fameros (tons)?<\/p>\n<p><span style=\"color: #003300; font-weight: bold;\">Thiago<\/span> &#8211; Sim, especialmente nos momentos em que no Calend\u00e1rio da Paz os glifos s\u00e3o associados a planetas e os n\u00fameros ganham nomes. Quer dizer, o que o n\u00famero 10 tem de <span style=\"font-style: italic;\">planet\u00e1rio<\/span> que os outros n\u00e3o? \u00c9 subjetivo e n\u00e3o parece ter base nativa.<\/p>\n<p><span style=\"color: #990000; font-weight: bold;\">Flores no Ar<\/span> &#8211; Como voc\u00ea vem divulgando as informa\u00e7\u00f5es do Calend\u00e1rio Maia Nativo?<\/p>\n<p><span style=\"color: #003300; font-weight: bold;\">Thiago<\/span> &#8211; Venho divulgando de v\u00e1rias formas, mas principalmente atrav\u00e9s da internet, no site CalendarioSagrado.ORG (<a href=\"http:\/\/www.calendariosagrado.org\/\"><strong><span style=\"color: #990000;\">www.calendariosagrado.org<\/span><\/strong><\/a>), e isso se expandir\u00e1 para fora das fronteiras virtuais atrav\u00e9s de um livro que est\u00e1 &#8220;no forno&#8221;, apesar de j\u00e1 ter realizado mais de dez palestras (incluindo duas vezes na UFRRJ).<\/p>\n<p><span style=\"color: #990000; font-weight: bold;\">Flores no Ar<\/span> &#8211; Como estudiosos e buscadores, na sua opini\u00e3o, devemos levar em considera\u00e7\u00e3o o nosso selo do Calend\u00e1rio da Paz?<\/p>\n<p><span style=\"color: #003300; font-weight: bold;\">Thiago<\/span> &#8211; Como estudioso, n\u00e3o sei, minha resposta \u00e9 referente ao que eu entendo como &#8220;estudioso&#8221;. O Calend\u00e1rio da Paz tem tanto valor quanto qualquer outra ferramenta criada por movimentos m\u00edsticos, esot\u00e9ricos e da &#8220;Nova Era&#8221; (que, sem ofensas, s\u00e3o sabidamente fontes cujas teorias na maioria das vezes s\u00e3o embasadas mais pela f\u00e9 do que por qualquer outra coisa), com o agravante de que dali emerge mais um novo &#8220;l\u00edder espiritual&#8221; com seus preceitos, dogmas e tudo mais. Isso, por si s\u00f3, j\u00e1 deveria fazer aquele que \u00e9 realmente um estudioso ter ainda mais cuidado, olhar cr\u00edtico e c\u00e9tico. Uma vez que a base mais s\u00f3lida do Calend\u00e1rio da Paz \u00e9 a f\u00e9 em Jos\u00e9 Arg\u00fcelles, o estudioso talvez acabe buscando mais a motiva\u00e7\u00e3o da mudan\u00e7a da ordem dos dias do que considerando a ordem do Calend\u00e1rio da Paz em si, coisa que poderia olhar mais por curiosidade do que outra coisa.<\/p>\n<p>J\u00e1 os buscadores, tamb\u00e9m sob o meu ponto de vista, s\u00e3o mais livres e experimentadores, menos c\u00e9ticos e cr\u00edticos (ainda que possam ser tamb\u00e9m estudiosos), podem at\u00e9 considerar a ordem dos dias proposta pelo Calend\u00e1rio da Paz e segui-la, desde que estejam conscientes de que n\u00e3o se trata do Calend\u00e1rio Maia e que, mesmo que ele &#8220;sinta&#8221; que o Calend\u00e1rio da Paz &#8220;d\u00e1 certo&#8221;, isso n\u00e3o quer dizer muita coisa e n\u00e3o justifica a desinforma\u00e7\u00e3o. Como bem disse John Major Jenkins, que j\u00e1 desmistifica o Calend\u00e1rio da Paz h\u00e1 pelo menos duas d\u00e9cadas: &#8220;O Calend\u00e1rio Sagrado \u00e9 um or\u00e1culo, e responder\u00e1 como todo or\u00e1culo quando voc\u00ea coloca energia nele&#8221;. Podemos tamb\u00e9m tra\u00e7ar uma analogia com o tarot, sobre o qual eu nem conhe\u00e7o muito: existem v\u00e1rias formas de jogar e v\u00e1rios tipos de baralho. Voc\u00ea n\u00e3o pode colocar qualquer baralho, jogar de qualquer forma e dizer que \u00e9 o &#8220;tarot de marselha&#8221;. Certo? Dizer que o Calend\u00e1rio da Paz \u00e9 maia \u00e9 o mesmo que dizer que hoje (dia 31 de Maio de 2010) \u00e9 30 de Janeiro de 2006 e continuar chamando essa nova vers\u00e3o de Calend\u00e1rio Gregoriano. Certamente ningu\u00e9m me levaria a s\u00e9rio, at\u00e9 pelo fato de que eu n\u00e3o tenho nenhum argumento real pra modificar o Calend\u00e1rio Gregoriano. O mesmo acontece com o Calend\u00e1rio da Paz.<\/p>\n<p><span style=\"color: #990000; font-weight: bold;\">Flores no Ar<\/span> &#8211; Voc\u00ea est\u00e1 finalizando um livro. Fala um pouco sobre o livro e nos diz quando ser\u00e1 lan\u00e7ado. J\u00e1 teremos ele aqui no Recife na sua vinda?<\/p>\n<p><span style=\"color: #003300; font-weight: bold;\">Thiago<\/span> &#8211; O livro proporciona a abertura de um horizonte at\u00e9 ent\u00e3o n\u00e3o explorado em l\u00edngua portuguesa. Trata sobre a base matem\u00e1tica, os principais ciclos mesoamericanos, as marcas religiosas presentes nos ciclos, al\u00e9m de incentivar as pessoas a calcularem seus pr\u00f3prios ciclos e esclarecer sobre 2012 e outras quest\u00f5es, como o pr\u00f3prio Calend\u00e1rio da Paz. O livro n\u00e3o tem previs\u00e3o para ser lan\u00e7ado, mas talvez seja publicado no segundo semestre de 2010. O ideal, claro, seria a publica\u00e7\u00e3o por uma editora que pudesse colocar o assunto mais em evid\u00eancia, investindo numa abordagem que n\u00e3o \u00e9 t\u00e3o m\u00edstica e subjetiva quanto a imagem criada a respeito. At\u00e9 o momento, n\u00e3o h\u00e1 nenhuma conversa para a publica\u00e7\u00e3o e, portanto, tudo \u00e9 uma inc\u00f3gnita a esse respeito. Quem sabe eu possa voltar a Recife para lan\u00e7\u00e1-lo oficialmente? Por outro lado, se n\u00e3o posso levar o livro ainda, estou levando, para os interessados, CDs de (muitos) dados e tamb\u00e9m e de m\u00fasica maia (digno de colecionador).<\/p>\n<p><span style=\"color: #990000;\"><strong><br \/>\n<\/strong><\/span><\/p>\n","protected":false},"excerpt":{"rendered":"<p>Flores no Ar &#8211; Quem \u00e9 voc\u00ea,Thiago? O que faz? Em que acredita?&#8230; Thiago &#8211; Eu sou um jovem admirador de culturas ancestrais, desenvolvo um trabalho pioneiro no Brasil e acredito que tenho a miss\u00e3o de colaborar para a difus\u00e3o e o esclarecimento dos Calend\u00e1rios Maias\/MesoAmericanos. Flores no Ar &#8211; Como voc\u00ea come\u00e7ou a se [&hellip;]<\/p>\n","protected":false},"author":1,"featured_media":0,"comment_status":"open","ping_status":"open","sticky":false,"template":"","format":"standard","meta":{"om_disable_all_campaigns":false,"_monsterinsights_skip_tracking":false,"_monsterinsights_sitenote_active":false,"_monsterinsights_sitenote_note":"","_monsterinsights_sitenote_category":0,"footnotes":""},"categories":[11],"tags":[36],"acf":[],"publishpress_future_action":{"enabled":false,"date":"1969-12-31 21:00:00","action":"","terms":[],"taxonomy":"","browser_timezone_offset":0},"_links":{"self":[{"href":"https:\/\/portalfloresnoar.com\/floresnoar\/wp-json\/wp\/v2\/posts\/283"}],"collection":[{"href":"https:\/\/portalfloresnoar.com\/floresnoar\/wp-json\/wp\/v2\/posts"}],"about":[{"href":"https:\/\/portalfloresnoar.com\/floresnoar\/wp-json\/wp\/v2\/types\/post"}],"author":[{"embeddable":true,"href":"https:\/\/portalfloresnoar.com\/floresnoar\/wp-json\/wp\/v2\/users\/1"}],"replies":[{"embeddable":true,"href":"https:\/\/portalfloresnoar.com\/floresnoar\/wp-json\/wp\/v2\/comments?post=283"}],"version-history":[{"count":0,"href":"https:\/\/portalfloresnoar.com\/floresnoar\/wp-json\/wp\/v2\/posts\/283\/revisions"}],"wp:attachment":[{"href":"https:\/\/portalfloresnoar.com\/floresnoar\/wp-json\/wp\/v2\/media?parent=283"}],"wp:term":[{"taxonomy":"category","embeddable":true,"href":"https:\/\/portalfloresnoar.com\/floresnoar\/wp-json\/wp\/v2\/categories?post=283"},{"taxonomy":"post_tag","embeddable":true,"href":"https:\/\/portalfloresnoar.com\/floresnoar\/wp-json\/wp\/v2\/tags?post=283"}],"curies":[{"name":"wp","href":"https:\/\/api.w.org\/{rel}","templated":true}]}}