

{"id":2829,"date":"2012-09-23T21:32:08","date_gmt":"2012-09-24T00:32:08","guid":{"rendered":"http:\/\/portalfloresnoar.hospedagemdesites.ws\/floresnoar\/?p=2829"},"modified":"2012-09-23T21:32:38","modified_gmt":"2012-09-24T00:32:38","slug":"primavera-simboliza-ciclo-de-prosperidade","status":"publish","type":"post","link":"https:\/\/portalfloresnoar.com\/floresnoar\/primavera-simboliza-ciclo-de-prosperidade\/","title":{"rendered":"&#8216;Primavera simboliza ciclo de prosperidade&#8217;"},"content":{"rendered":"<p><em>(Por Adriana Feij\u00f3, do site <a href=\"http:\/\/www.personare.com.br\/primavera-simboliza-ciclo-de-prosperidade-m2815\">Personare<\/a>)<\/em><\/p>\n<p><img decoding=\"async\" loading=\"lazy\" class=\"size-thumbnail wp-image-2830 alignleft\" title=\"Primavera\" src=\"http:\/\/portalfloresnoar.hospedagemdesites.ws\/floresnoar\/wp-content\/uploads\/2012\/09\/Primavera-290x290.jpg\" alt=\"\" width=\"290\" height=\"290\" \/><\/p>\n<p>O fluxo das esta\u00e7\u00f5es e as fases da Lua afetam a vida no campo, o nosso \u00e2nimo e as mudan\u00e7as no tempo. Na verdade, os quatro ciclos das esta\u00e7\u00f5es indicam pontos de mudan\u00e7a da energia da natureza dentro de n\u00f3s mesmos. Por\u00e9m, nas grandes cidades, o movimento da for\u00e7a sutil n\u00e3o \u00e9 percebido com tanta consci\u00eancia.<\/p>\n<p>A Primavera &#8211; que tem in\u00edcio neste s\u00e1bado (22) &#8211; \u00e9 o come\u00e7o de um novo ciclo, que representa o &#8220;nascimento&#8221;. \u00c9 o per\u00edodo de regar nossos jardins e plantar sementes para o nosso processo de renascimento. Durante o equin\u00f3cio de Primavera &#8211; quando a for\u00e7a do dia e da noite tornam-se iguais &#8211; devemos nos integrar conscientemente \u00e0 &#8220;M\u00e3e Terra&#8221; que todo ano renova seu ciclo de nascimento e ressurrei\u00e7\u00e3o, muito favor\u00e1vel a novos in\u00edcios.<\/p>\n<p>Na primavera, a primeira manifesta\u00e7\u00e3o de energia vital \u00e9 o nascer e brotar da vegeta\u00e7\u00e3o. Trata-se de um momento de prosperidade e crescimento. \u00c9 uma esta\u00e7\u00e3o excelente para trabalhar a comunica\u00e7\u00e3o, a abund\u00e2ncia e a fertilidade em nosso caminhar individual. No Xamanismo celebramos a &#8220;M\u00e3e Terra&#8221;, honrando os esp\u00edritos da natureza e aben\u00e7oando as sementes. As crian\u00e7as representam as sementes do futuro e est\u00e3o muito presentes com sua alegria e disposi\u00e7\u00e3o dentro deste processo.<\/p>\n<p>De acordo com antigas tribos ind\u00edgenas, a primavera \u00e9 a esta\u00e7\u00e3o do despertar. \u00c9 quando enxergamos atrav\u00e9s da ilus\u00e3o, ou quando descobrimos novas informa\u00e7\u00f5es, trazendo clareza para o caos ou confus\u00e3o. Desse modo, recome\u00e7amos rompendo velhos padr\u00f5es, renovamos nossa inten\u00e7\u00e3o, prop\u00f3sitos e nos preparamos para um novo ciclo, que traz o equil\u00edbrio entre o masculino e o feminino em nossas energias.<\/p>\n<p>Leia o texto completo<strong><span style=\"color: #ff0000;\"><a href=\"http:\/\/www.personare.com.br\/primavera-simboliza-ciclo-de-prosperidade-m2815\"><span style=\"color: #ff0000;\"> aqui<\/span><\/a><\/span><\/strong>!<\/p>\n","protected":false},"excerpt":{"rendered":"<p>(Por Adriana Feij\u00f3, do site Personare) O fluxo das esta\u00e7\u00f5es e as fases da Lua afetam a vida no campo, o nosso \u00e2nimo e as mudan\u00e7as no tempo. Na verdade, os quatro ciclos das esta\u00e7\u00f5es indicam pontos de mudan\u00e7a da energia da natureza dentro de n\u00f3s mesmos. Por\u00e9m, nas grandes cidades, o movimento da for\u00e7a [&hellip;]<\/p>\n","protected":false},"author":1,"featured_media":2830,"comment_status":"open","ping_status":"open","sticky":false,"template":"","format":"standard","meta":{"om_disable_all_campaigns":false,"_monsterinsights_skip_tracking":false,"_monsterinsights_sitenote_active":false,"_monsterinsights_sitenote_note":"","_monsterinsights_sitenote_category":0,"footnotes":""},"categories":[88],"tags":[],"acf":[],"publishpress_future_action":{"enabled":false,"date":"1969-12-31 21:00:00","action":"","terms":[],"taxonomy":"","browser_timezone_offset":0},"_links":{"self":[{"href":"https:\/\/portalfloresnoar.com\/floresnoar\/wp-json\/wp\/v2\/posts\/2829"}],"collection":[{"href":"https:\/\/portalfloresnoar.com\/floresnoar\/wp-json\/wp\/v2\/posts"}],"about":[{"href":"https:\/\/portalfloresnoar.com\/floresnoar\/wp-json\/wp\/v2\/types\/post"}],"author":[{"embeddable":true,"href":"https:\/\/portalfloresnoar.com\/floresnoar\/wp-json\/wp\/v2\/users\/1"}],"replies":[{"embeddable":true,"href":"https:\/\/portalfloresnoar.com\/floresnoar\/wp-json\/wp\/v2\/comments?post=2829"}],"version-history":[{"count":0,"href":"https:\/\/portalfloresnoar.com\/floresnoar\/wp-json\/wp\/v2\/posts\/2829\/revisions"}],"wp:featuredmedia":[{"embeddable":true,"href":"https:\/\/portalfloresnoar.com\/floresnoar\/wp-json\/wp\/v2\/media\/2830"}],"wp:attachment":[{"href":"https:\/\/portalfloresnoar.com\/floresnoar\/wp-json\/wp\/v2\/media?parent=2829"}],"wp:term":[{"taxonomy":"category","embeddable":true,"href":"https:\/\/portalfloresnoar.com\/floresnoar\/wp-json\/wp\/v2\/categories?post=2829"},{"taxonomy":"post_tag","embeddable":true,"href":"https:\/\/portalfloresnoar.com\/floresnoar\/wp-json\/wp\/v2\/tags?post=2829"}],"curies":[{"name":"wp","href":"https:\/\/api.w.org\/{rel}","templated":true}]}}