

{"id":28259,"date":"2017-02-24T14:53:35","date_gmt":"2017-02-24T17:53:35","guid":{"rendered":"http:\/\/portalfloresnoar.com\/floresnoar\/?p=28259"},"modified":"2017-03-02T18:04:15","modified_gmt":"2017-03-02T21:04:15","slug":"campanha-aconteceunocarnaval-une-as-mulheres-contra-o-assedio-no-carnaval","status":"publish","type":"post","link":"https:\/\/portalfloresnoar.com\/floresnoar\/campanha-aconteceunocarnaval-une-as-mulheres-contra-o-assedio-no-carnaval\/","title":{"rendered":"Campanha #AconteceuNoCarnaval une as mulheres contra o ass\u00e9dio no Carnaval"},"content":{"rendered":"<p><img decoding=\"async\" loading=\"lazy\" class=\"aligncenter size-full wp-image-28260\" alt=\"#aconteceunocarnaval\" src=\"http:\/\/portalfloresnoar.com\/floresnoar\/wp-content\/uploads\/2017\/02\/aconteceunocarnaval.jpg\" width=\"693\" height=\"384\" srcset=\"https:\/\/portalfloresnoar.com\/floresnoar\/wp-content\/uploads\/2017\/02\/aconteceunocarnaval.jpg 693w, https:\/\/portalfloresnoar.com\/floresnoar\/wp-content\/uploads\/2017\/02\/aconteceunocarnaval-300x166.jpg 300w, https:\/\/portalfloresnoar.com\/floresnoar\/wp-content\/uploads\/2017\/02\/aconteceunocarnaval-672x372.jpg 672w\" sizes=\"(max-width: 693px) 100vw, 693px\" \/><\/p>\n<p>O Carnaval sempre foi conhecido por muito oba-oba e pouco respeito as vontades e corpos das mulheres. Pra deixar claro que o corpo das mulheres (cis ou trans) n\u00e3o \u00e9 dom\u00ednio p\u00fablico na folia, as redes colaborativas <a href=\"https:\/\/www.facebook.com\/MeuRecife\" target=\"_blank\">Meu Recife<\/a> e <a href=\"https:\/\/www.facebook.com\/appmeteacolher\" target=\"_blank\">Mete a Colher<\/a> est\u00e3o realizando a campanha <span style=\"text-decoration: underline;\"><strong><a href=\"http:\/\/www.aconteceunocarnaval.meurecife.org.br\/\" target=\"_blank\">#AconteceuNoCarnaval<\/a><\/strong><\/span>. Voc\u00ea foi assediada? O boy quis for\u00e7ar aquela ficada? Se sentiu pressionada a fazer o que n\u00e3o tava afim? N\u00e3o lembra como terminou a noite com aquela pessoa?\u00a0Fa\u00e7a <span style=\"text-decoration: underline;\"><strong><a href=\"http:\/\/www.aconteceunocarnaval.meurecife.org.br\/\" target=\"_blank\">aqui<\/a><\/strong><\/span> anonimamente o seu relato e ajude a mudar o rumo do ciclo de ass\u00e9dio nos dias de folia!<\/p>\n<p>Voc\u00ea tamb\u00e9m pode denunciar nas redes sociais usando a #AconteceuNoCarnaval<\/p>\n<p>At\u00e9 o dia 05\/03, a campanha <a href=\"http:\/\/www.aconteceunocarnaval.meurecife.org.br\/\" target=\"_blank\"><strong><span style=\"text-decoration: underline;\">#AconteceuNoCarnaval<\/span><\/strong>\u00a0<\/a>ir\u00e1 receber relatos de ass\u00e9dio sofridos no per\u00edodo carnavalesco e tamb\u00e9m reunir den\u00fancias a respeito da falta de comprometimento da pol\u00edcia em solucionar o caso, ou ao menos gerar um boletim de ocorr\u00eancia. Esses relatos vir\u00e3o a ser um diagn\u00f3stico sobre a falta de pol\u00edticas p\u00fablicas do estado para prevenir a viol\u00eancia de g\u00eanero no carnaval.<\/p>\n<p>Durante a Parada Internacional de Mulheres, que vai acontecer no dia 08\/03 a partir das 14h, no Parque 13 de Maio, ser\u00e1 realizada uma interven\u00e7\u00e3o com base no relatos recebidos, com um grande grito de BASTA de ass\u00e9dio e abuso no Carnaval.<\/p>\n","protected":false},"excerpt":{"rendered":"<p>O Carnaval sempre foi conhecido por muito oba-oba e pouco respeito as vontades e corpos das mulheres. Pra deixar claro que o corpo das mulheres (cis ou trans) n\u00e3o \u00e9 dom\u00ednio p\u00fablico na folia, as redes colaborativas Meu Recife e Mete a Colher est\u00e3o realizando a campanha #AconteceuNoCarnaval. Voc\u00ea foi assediada? O boy quis for\u00e7ar [&hellip;]<\/p>\n","protected":false},"author":1,"featured_media":28260,"comment_status":"open","ping_status":"open","sticky":false,"template":"","format":"standard","meta":{"om_disable_all_campaigns":false,"_monsterinsights_skip_tracking":false,"_monsterinsights_sitenote_active":false,"_monsterinsights_sitenote_note":"","_monsterinsights_sitenote_category":0,"footnotes":""},"categories":[9],"tags":[466,108,244,22],"acf":[],"publishpress_future_action":{"enabled":false,"date":"1969-12-31 21:00:00","action":"","terms":[],"taxonomy":"","browser_timezone_offset":0},"_links":{"self":[{"href":"https:\/\/portalfloresnoar.com\/floresnoar\/wp-json\/wp\/v2\/posts\/28259"}],"collection":[{"href":"https:\/\/portalfloresnoar.com\/floresnoar\/wp-json\/wp\/v2\/posts"}],"about":[{"href":"https:\/\/portalfloresnoar.com\/floresnoar\/wp-json\/wp\/v2\/types\/post"}],"author":[{"embeddable":true,"href":"https:\/\/portalfloresnoar.com\/floresnoar\/wp-json\/wp\/v2\/users\/1"}],"replies":[{"embeddable":true,"href":"https:\/\/portalfloresnoar.com\/floresnoar\/wp-json\/wp\/v2\/comments?post=28259"}],"version-history":[{"count":0,"href":"https:\/\/portalfloresnoar.com\/floresnoar\/wp-json\/wp\/v2\/posts\/28259\/revisions"}],"wp:featuredmedia":[{"embeddable":true,"href":"https:\/\/portalfloresnoar.com\/floresnoar\/wp-json\/wp\/v2\/media\/28260"}],"wp:attachment":[{"href":"https:\/\/portalfloresnoar.com\/floresnoar\/wp-json\/wp\/v2\/media?parent=28259"}],"wp:term":[{"taxonomy":"category","embeddable":true,"href":"https:\/\/portalfloresnoar.com\/floresnoar\/wp-json\/wp\/v2\/categories?post=28259"},{"taxonomy":"post_tag","embeddable":true,"href":"https:\/\/portalfloresnoar.com\/floresnoar\/wp-json\/wp\/v2\/tags?post=28259"}],"curies":[{"name":"wp","href":"https:\/\/api.w.org\/{rel}","templated":true}]}}