

{"id":28241,"date":"2017-02-05T15:03:39","date_gmt":"2017-02-05T18:03:39","guid":{"rendered":"http:\/\/portalfloresnoar.com\/floresnoar\/?p=28241"},"modified":"2017-03-08T21:02:48","modified_gmt":"2017-03-09T00:02:48","slug":"agenda-pe-cursos-de-iniciacao-em-reiki-i-e-ii-dias-18-e-19-de-marco-no-lapis-lazuli","status":"publish","type":"post","link":"https:\/\/portalfloresnoar.com\/floresnoar\/agenda-pe-cursos-de-iniciacao-em-reiki-i-e-ii-dias-18-e-19-de-marco-no-lapis-lazuli\/","title":{"rendered":"[AGENDA PE] Cursos de Inicia\u00e7\u00e3o em Reiki I e II dias 18 e 19 de mar\u00e7o no Lapis Lazuli"},"content":{"rendered":"<p><img decoding=\"async\" loading=\"lazy\" class=\"aligncenter size-full wp-image-27361\" alt=\"curso-reiki-lapis-lazuli\" src=\"http:\/\/portalfloresnoar.com\/floresnoar\/wp-content\/uploads\/2016\/12\/curso-reiki-lapis-lazuli.jpg\" width=\"511\" height=\"468\" srcset=\"https:\/\/portalfloresnoar.com\/floresnoar\/wp-content\/uploads\/2016\/12\/curso-reiki-lapis-lazuli.jpg 511w, https:\/\/portalfloresnoar.com\/floresnoar\/wp-content\/uploads\/2016\/12\/curso-reiki-lapis-lazuli-300x274.jpg 300w\" sizes=\"(max-width: 511px) 100vw, 511px\" \/><\/p>\n<p>O Espa\u00e7o Terap\u00eautico Lapis Lazuli promove, nos dias 18 e 19 de mar\u00e7o de 2017, \u00a0os cursos de Inicia\u00e7\u00e3o em Reiki I e II, com o instrutor de Reiki Roberto Pagano.<\/p>\n<p>O Reiki \u00e9 uma terapia baseada na canaliza\u00e7\u00e3o da energia universal atrav\u00e9s da imposi\u00e7\u00e3o das m\u00e3os, com o objetivo de restabelecer o equil\u00edbrio energ\u00e9tico vital.<\/p>\n<p>\u201cO Reiki n\u00e3o \u00e9 ensinado do mesmo modo que as outras t\u00e9cnicas de cura s\u00e3o ensinadas. Ele \u00e9 passado para o estudante pelo Mestre de Reiki durante o processo de inicia\u00e7\u00e3o. Esse processo abre os chakras da coroa, cora\u00e7\u00e3o e palmas das m\u00e3os, e cria uma liga\u00e7\u00e3o especial entre o aluno e a fonte de Reiki\u201d.<\/p>\n<p>FACILITADOR<br \/>\n<strong>Roberto Pagano <\/strong>\u2013 \u00c9 su\u00ed\u00e7o, professor de Reiki desde 1998, facilitador de Biodan\u00e7a, facilitador\u00a0Pathwork, terapeuta de Frequ\u00eancias de Brilho e Alinhamento Sexual Multidimensional.<\/p>\n<p><b><\/b>DATAS E VALORES<br \/>\n\u2022 <strong>Reiki I<\/strong> \u2013 18.03.17 (S\u00e1bado) \u2013 9h \u00e0s 17h \u2013 R$ 120,00 \u2013 inclui certificado e apostila.<\/p>\n<p>\u2022 <strong>Reiki II<\/strong> \u2013 19.03.17 (Domingo) \u2013 9h \u00e0s 17h \u2013 R$ 130,00 \u2013 inclui certificado e apostila.<\/p>\n<p><em>Obs:<\/em> Reservas de vagas mediante pagamento de 50% do valor da Oficina.<\/p>\n<p><b>Local:<\/b> Espa\u00e7o Terap\u00eautico Lapis Lazuli &#8211; Rua da Coragem, 130\u00aa Encruzilhada \u2013 Recife-PE.<br \/>\nAcesse o mapa no endere\u00e7o: <a href=\"https:\/\/goo.gl\/maps\/bH8Ht\" target=\"_blank\">https:\/\/goo.gl\/maps\/bH8Ht<\/a><\/p>\n<p>INFORMA\u00c7\u00d5ES E INSCRI\u00c7\u00d5ES<br \/>\n<strong>Fones:<\/strong> (81) 3033-1289 | (81) 98855.6581 (Goretti Melo) | (81) 98899.8261 (Roberto Pagano)<br \/>\n<strong>E-mail:\u00a0<\/strong>lazulirecife@gmail.com<\/p>\n<p>MAIS INFORMA\u00c7\u00d5ES SOBRE O LAPIS LAZULI:<br \/>\n<strong>Facebook:<\/strong>\u00a0<a href=\"http:\/\/www.facebook.com\/espacolapislazuli\" target=\"_blank\">www.facebook.com\/espacolapislazuli<\/a><br \/>\n<strong>Blog:<\/strong>\u00a0<a href=\"http:\/\/lapislazuli-recife.blogspot.com.br\/\" target=\"_blank\">http:\/\/lapislazuli-recife.blogspot.com.br\/<\/a><br \/>\n<strong>Instagram:\u00a0<\/strong><a href=\"https:\/\/www.instagram.com\/lazulirecife\/\" target=\"_blank\">https:\/\/www.instagram.com\/lazulirecife\/<\/a><\/p>\n","protected":false},"excerpt":{"rendered":"<p>O Espa\u00e7o Terap\u00eautico Lapis Lazuli promove, nos dias 18 e 19 de mar\u00e7o de 2017, \u00a0os cursos de Inicia\u00e7\u00e3o em Reiki I e II, com o instrutor de Reiki Roberto Pagano. O Reiki \u00e9 uma terapia baseada na canaliza\u00e7\u00e3o da energia universal atrav\u00e9s da imposi\u00e7\u00e3o das m\u00e3os, com o objetivo de restabelecer o equil\u00edbrio energ\u00e9tico [&hellip;]<\/p>\n","protected":false},"author":301,"featured_media":27360,"comment_status":"open","ping_status":"open","sticky":false,"template":"","format":"standard","meta":{"om_disable_all_campaigns":false,"_monsterinsights_skip_tracking":false,"_monsterinsights_sitenote_active":false,"_monsterinsights_sitenote_note":"","_monsterinsights_sitenote_category":0,"footnotes":""},"categories":[8,214],"tags":[167,37],"acf":[],"publishpress_future_action":{"enabled":false,"date":"1969-12-31 21:00:00","action":"","terms":[],"taxonomy":"","browser_timezone_offset":0},"_links":{"self":[{"href":"https:\/\/portalfloresnoar.com\/floresnoar\/wp-json\/wp\/v2\/posts\/28241"}],"collection":[{"href":"https:\/\/portalfloresnoar.com\/floresnoar\/wp-json\/wp\/v2\/posts"}],"about":[{"href":"https:\/\/portalfloresnoar.com\/floresnoar\/wp-json\/wp\/v2\/types\/post"}],"author":[{"embeddable":true,"href":"https:\/\/portalfloresnoar.com\/floresnoar\/wp-json\/wp\/v2\/users\/301"}],"replies":[{"embeddable":true,"href":"https:\/\/portalfloresnoar.com\/floresnoar\/wp-json\/wp\/v2\/comments?post=28241"}],"version-history":[{"count":0,"href":"https:\/\/portalfloresnoar.com\/floresnoar\/wp-json\/wp\/v2\/posts\/28241\/revisions"}],"wp:featuredmedia":[{"embeddable":true,"href":"https:\/\/portalfloresnoar.com\/floresnoar\/wp-json\/wp\/v2\/media\/27360"}],"wp:attachment":[{"href":"https:\/\/portalfloresnoar.com\/floresnoar\/wp-json\/wp\/v2\/media?parent=28241"}],"wp:term":[{"taxonomy":"category","embeddable":true,"href":"https:\/\/portalfloresnoar.com\/floresnoar\/wp-json\/wp\/v2\/categories?post=28241"},{"taxonomy":"post_tag","embeddable":true,"href":"https:\/\/portalfloresnoar.com\/floresnoar\/wp-json\/wp\/v2\/tags?post=28241"}],"curies":[{"name":"wp","href":"https:\/\/api.w.org\/{rel}","templated":true}]}}