

{"id":28228,"date":"2017-02-02T16:38:49","date_gmt":"2017-02-02T19:38:49","guid":{"rendered":"http:\/\/portalfloresnoar.com\/floresnoar\/?p=28228"},"modified":"2017-03-05T07:41:29","modified_gmt":"2017-03-05T10:41:29","slug":"agenda-pe-vivencias-voltadas-as-mulheres-movimentam-a-feira-agroecologica-de-setubal-no-dia-43","status":"publish","type":"post","link":"https:\/\/portalfloresnoar.com\/floresnoar\/agenda-pe-vivencias-voltadas-as-mulheres-movimentam-a-feira-agroecologica-de-setubal-no-dia-43\/","title":{"rendered":"[AGENDA PE] Viv\u00eancias voltadas \u00e0s mulheres movimentam a Feira Agroecol\u00f3gica de Set\u00fabal no dia 4\/3"},"content":{"rendered":"<figure id=\"attachment_28232\" aria-describedby=\"caption-attachment-28232\" style=\"width: 720px\" class=\"wp-caption aligncenter\"><img decoding=\"async\" loading=\"lazy\" class=\"size-full wp-image-28232 \" alt=\"luiza cavalcante\" src=\"http:\/\/portalfloresnoar.com\/floresnoar\/wp-content\/uploads\/2017\/02\/luiza-cavalcante.jpg\" width=\"720\" height=\"480\" srcset=\"https:\/\/portalfloresnoar.com\/floresnoar\/wp-content\/uploads\/2017\/02\/luiza-cavalcante.jpg 720w, https:\/\/portalfloresnoar.com\/floresnoar\/wp-content\/uploads\/2017\/02\/luiza-cavalcante-300x200.jpg 300w\" sizes=\"(max-width: 720px) 100vw, 720px\" \/><figcaption id=\"caption-attachment-28232\" class=\"wp-caption-text\">A agricultora Luiza Cavalcante facilitar\u00e1 uma roda de di\u00e1logos com o tema &#8216;A Mulher na Agroecologia&#8217;. Foto: Andr\u00e9a Alice<\/figcaption><\/figure>\n<p>As mulheres s\u00e3o as homenageadas do pr\u00f3ximo evento Set\u00fabal Agroecol\u00f3gico, que acontece no dia 4 de mar\u00e7o, das 8h \u00e0s 11h, na Feira Agroecol\u00f3gica de Set\u00fabal. Haver\u00e1 roda de di\u00e1logo, viv\u00eancia e a Feira do Desapego. A participa\u00e7\u00e3o \u00e9 gratuita!<\/p>\n<p>Para abrir o evento, \u00e0s 8h, a agricultora Luiza Cavalcante, militante do movimento de reforma agr\u00e1ria em Pernambuco, far\u00e1 uma roda de conversas sobre o tema &#8216;A Mulher na Agroecologia&#8217;. Formada em Agroecologia pelo Servi\u00e7o de Tecnologia Alternativa (Serta), Luiza fomenta encontros e mutir\u00f5es no S\u00edtio Agatha (assentamento Chico Mendes), reunindo estudantes, pesquisadores e agricultores para discutir e promover um futuro mais sustent\u00e1vel atrav\u00e9s da agroecologia.<\/p>\n<p>Em seguida, \u00e0s 9h30, a terapeuta Adriana Brindeiro Kairava facilitar\u00e1 uma viv\u00eancia inspirada em \u00c1rtemis, a deusa grega ligada \u00e0 vida selvagem. Para participar da viv\u00eancia, que contar\u00e1 com dan\u00e7a circular e medita\u00e7\u00e3o, basta levar uma canga ou almofada e uma fruta (que pode ser adquirida l\u00e1 mesmo na feira).<\/p>\n<p>Durante toda a manh\u00e3 tamb\u00e9m ser\u00e1 realizada a Feira do Desapego, onde moradores de Set\u00fabal e arredores, trocam roupas, sapatos, bijuterias, livros, discos, brinquedos, entre outros objetos. A ideia \u00e9 incentivar as pessoas a desapegarem de objetos em bom estado, mas que est\u00e3o sem uso, estimulando a partilha. Para participar, basta separar os itens e levar pra feira no dia 4\/3 pra trocar por outras pe\u00e7as. A a\u00e7\u00e3o movimenta a energia parada e traz renova\u00e7\u00e3o.<\/p>\n<p>Este ano, a Feira do Desapego passa a acontecer em todas as edi\u00e7\u00f5es do Set\u00fabal Agroecol\u00f3gico, que \u00e9 realizado sempre no primeiro s\u00e1bado do m\u00eas na Feira Agroecol\u00f3gica de Set\u00fabal, numa parceria da Feira com o Coletivo Set\u00fabal, contando com o apoio da UFRPE e Portal Flores no Ar.<\/p>\n<p>A Feira Agroecol\u00f3gica de Set\u00fabal acontece todo s\u00e1bado, das 7h \u00e0s 10h30, localizada no Canal do Rio Jord\u00e3o, atr\u00e1s da Escola Americana do Recife, em Set\u00fabal. No local s\u00e3o comercializadas hortali\u00e7as e frutas org\u00e2nicas e diversos produtos naturais, como p\u00e3es, bolos, sandu\u00edches, mel, sucos e fitoter\u00e1picos. A feira \u00e9 realizada pela Associa\u00e7\u00e3o Agroflorestal Terra &amp; Vida, Agroflor, Amarftsa, Mocot\u00f3 e Acampamento Chico Mendes.<\/p>\n<p>Confira no mapa abaixo a localiza\u00e7\u00e3o da Feira!<\/p>\n<p><img decoding=\"async\" loading=\"lazy\" class=\"aligncenter\" alt=\"mapa feira 2\" src=\"http:\/\/portalfloresnoar.com\/floresnoar\/wp-content\/uploads\/2016\/06\/mapa-feira-2.jpg\" width=\"519\" height=\"406\" \/><\/p>\n","protected":false},"excerpt":{"rendered":"<p>As mulheres s\u00e3o as homenageadas do pr\u00f3ximo evento Set\u00fabal Agroecol\u00f3gico, que acontece no dia 4 de mar\u00e7o, das 8h \u00e0s 11h, na Feira Agroecol\u00f3gica de Set\u00fabal. Haver\u00e1 roda de di\u00e1logo, viv\u00eancia e a Feira do Desapego. A participa\u00e7\u00e3o \u00e9 gratuita! Para abrir o evento, \u00e0s 8h, a agricultora Luiza Cavalcante, militante do movimento de reforma [&hellip;]<\/p>\n","protected":false},"author":1,"featured_media":28232,"comment_status":"open","ping_status":"open","sticky":false,"template":"","format":"standard","meta":{"om_disable_all_campaigns":false,"_monsterinsights_skip_tracking":false,"_monsterinsights_sitenote_active":false,"_monsterinsights_sitenote_note":"","_monsterinsights_sitenote_category":0,"footnotes":""},"categories":[8,214],"tags":[241,295,329],"acf":[],"publishpress_future_action":{"enabled":false,"date":"1969-12-31 21:00:00","action":"","terms":[],"taxonomy":"","browser_timezone_offset":0},"_links":{"self":[{"href":"https:\/\/portalfloresnoar.com\/floresnoar\/wp-json\/wp\/v2\/posts\/28228"}],"collection":[{"href":"https:\/\/portalfloresnoar.com\/floresnoar\/wp-json\/wp\/v2\/posts"}],"about":[{"href":"https:\/\/portalfloresnoar.com\/floresnoar\/wp-json\/wp\/v2\/types\/post"}],"author":[{"embeddable":true,"href":"https:\/\/portalfloresnoar.com\/floresnoar\/wp-json\/wp\/v2\/users\/1"}],"replies":[{"embeddable":true,"href":"https:\/\/portalfloresnoar.com\/floresnoar\/wp-json\/wp\/v2\/comments?post=28228"}],"version-history":[{"count":0,"href":"https:\/\/portalfloresnoar.com\/floresnoar\/wp-json\/wp\/v2\/posts\/28228\/revisions"}],"wp:featuredmedia":[{"embeddable":true,"href":"https:\/\/portalfloresnoar.com\/floresnoar\/wp-json\/wp\/v2\/media\/28232"}],"wp:attachment":[{"href":"https:\/\/portalfloresnoar.com\/floresnoar\/wp-json\/wp\/v2\/media?parent=28228"}],"wp:term":[{"taxonomy":"category","embeddable":true,"href":"https:\/\/portalfloresnoar.com\/floresnoar\/wp-json\/wp\/v2\/categories?post=28228"},{"taxonomy":"post_tag","embeddable":true,"href":"https:\/\/portalfloresnoar.com\/floresnoar\/wp-json\/wp\/v2\/tags?post=28228"}],"curies":[{"name":"wp","href":"https:\/\/api.w.org\/{rel}","templated":true}]}}