

{"id":28202,"date":"2017-02-13T21:25:17","date_gmt":"2017-02-14T00:25:17","guid":{"rendered":"http:\/\/portalfloresnoar.com\/floresnoar\/?p=28202"},"modified":"2017-03-01T14:30:29","modified_gmt":"2017-03-01T17:30:29","slug":"agenda-pe-espetaculo-nosso-lar-caminhos-para-evolucao-faz-unica-apresentacao-dia-173-no-recife","status":"publish","type":"post","link":"https:\/\/portalfloresnoar.com\/floresnoar\/agenda-pe-espetaculo-nosso-lar-caminhos-para-evolucao-faz-unica-apresentacao-dia-173-no-recife\/","title":{"rendered":"[AGENDA PE] Espet\u00e1culo Nosso Lar \u2013 Caminhos Para Evolu\u00e7\u00e3o faz \u00fanica apresenta\u00e7\u00e3o dia 17\/3 no Recife"},"content":{"rendered":"<p><img decoding=\"async\" loading=\"lazy\" class=\"aligncenter size-full wp-image-28206\" alt=\"representacao nosso lar\" src=\"http:\/\/portalfloresnoar.com\/floresnoar\/wp-content\/uploads\/2017\/02\/representacao-nosso-lar.jpg\" width=\"700\" height=\"430\" srcset=\"https:\/\/portalfloresnoar.com\/floresnoar\/wp-content\/uploads\/2017\/02\/representacao-nosso-lar.jpg 700w, https:\/\/portalfloresnoar.com\/floresnoar\/wp-content\/uploads\/2017\/02\/representacao-nosso-lar-300x184.jpg 300w\" sizes=\"(max-width: 700px) 100vw, 700px\" \/><\/p>\n<p>Adapta\u00e7\u00e3o do livro \u2018Nosso Lar\u2019, de Andr\u00e9 Luiz, psicografado por Chico Xavier, o espet\u00e1culo \u201cNosso Lar \u2013 Caminhos Para Evolu\u00e7\u00e3o\u201d ser\u00e1 encenado dia 17 de mar\u00e7o, no Teatro de Santa Isabel.<\/p>\n<p>A obra, lan\u00e7ada em 1944, narra a chegada do m\u00e9dico Andr\u00e9 Luiz \u00e0 col\u00f4nia espiritual onde os esp\u00edritos aprendem sobre a imortalidade da alma e t\u00eam a oportunidade de aperfei\u00e7oar suas exist\u00eancias, baseando-se na Lei Universal de Causa e Efeito, a qual todos os seres vivos, encarnados e desencarnados, est\u00e3o submetidos, segundo o Kardecismo. O romance serviu de inspira\u00e7\u00e3o \u00e1 novela \u201cA Viagem\u201d, de Ivani Ribeiro, e em 2010, sob a dire\u00e7\u00e3o de Wagner de Assis, chegou \u00e0s telas do cinema.<\/p>\n<p>No palco, cenas fortes como a chegada de Andr\u00e9 Luiz ao Umbral, local onde esp\u00edritos, ainda em profundo sofrimento e desorienta\u00e7\u00e3o, encontram-se em desespero, e cenas de profunda beleza onde s\u00e3o repassados para o m\u00e9dico os ensinamentos necess\u00e1rios para o aperfei\u00e7oamento de sua exist\u00eancia. Os que conhecem a obra ver\u00e3o no espet\u00e1culo Nosso Lar \u2013 Caminhos para Evolu\u00e7\u00e3o, as cenas mais impactantes descritas por Andr\u00e9 Luiz. Para quem ainda n\u00e3o conhece a hist\u00f3ria, esta \u00e9 uma oportunidade de assistir a um dos maiores cl\u00e1ssicos da literatura esp\u00edrita adaptado para o teatro.<\/p>\n<p>NOSSO LAR<br \/>\nA adapta\u00e7\u00e3o do livro \u00e9 de Izaltino Caetano, que tamb\u00e9m assina a ilumina\u00e7\u00e3o e a dire\u00e7\u00e3o da montagem. O diretor teve \u00a0a consultoria de Carlos Pereira, reconhecido defensor e pesquisador da Doutrina Esp\u00edrita. Carlos j\u00e1 lan\u00e7ou v\u00e1rios livros, alguns ditados por Dom H\u00e9lder C\u00e2mara. No elenco est\u00e3o Emanuel David D\u2019 Lucard, Feliciano F\u00e9lix, Beto Silva, Frances de Souza, M\u00e9ri Lins, Patr\u00edcia Breda, Wilson Aguiar e Erdras Aguiar. Ap\u00f3s apresenta\u00e7\u00e3o no Santa Isabel, o espet\u00e1culo segue em turn\u00ea pelo Nordeste.<\/p>\n<p>SERVI\u00c7O<br \/>\n<strong>Nosso Lar &#8211; Caminhos Para Evolu\u00e7\u00e3o<\/strong><br \/>\n<strong>Data:<\/strong> 17 de mar\u00e7o de 2017<br \/>\n<strong>Hor\u00e1rio:<\/strong> 20h30<br \/>\n<strong>Local:<\/strong> Teatro de Santa Isabel, no Recife<br \/>\n<strong>Ingressos:<\/strong> R$ 60 e R$ 30 (dispon\u00edveis na Federa\u00e7\u00e3o Esp\u00edrita de Pernambuco e bilheteria do Teatro de Santa Isabel)<\/p>\n","protected":false},"excerpt":{"rendered":"<p>Adapta\u00e7\u00e3o do livro \u2018Nosso Lar\u2019, de Andr\u00e9 Luiz, psicografado por Chico Xavier, o espet\u00e1culo \u201cNosso Lar \u2013 Caminhos Para Evolu\u00e7\u00e3o\u201d ser\u00e1 encenado dia 17 de mar\u00e7o, no Teatro de Santa Isabel. A obra, lan\u00e7ada em 1944, narra a chegada do m\u00e9dico Andr\u00e9 Luiz \u00e0 col\u00f4nia espiritual onde os esp\u00edritos aprendem sobre a imortalidade da alma [&hellip;]<\/p>\n","protected":false},"author":301,"featured_media":28206,"comment_status":"open","ping_status":"open","sticky":false,"template":"","format":"standard","meta":{"om_disable_all_campaigns":false,"_monsterinsights_skip_tracking":false,"_monsterinsights_sitenote_active":false,"_monsterinsights_sitenote_note":"","_monsterinsights_sitenote_category":0,"footnotes":""},"categories":[8,214],"tags":[295,64],"acf":[],"publishpress_future_action":{"enabled":false,"date":"1969-12-31 21:00:00","action":"","terms":[],"taxonomy":"","browser_timezone_offset":0},"_links":{"self":[{"href":"https:\/\/portalfloresnoar.com\/floresnoar\/wp-json\/wp\/v2\/posts\/28202"}],"collection":[{"href":"https:\/\/portalfloresnoar.com\/floresnoar\/wp-json\/wp\/v2\/posts"}],"about":[{"href":"https:\/\/portalfloresnoar.com\/floresnoar\/wp-json\/wp\/v2\/types\/post"}],"author":[{"embeddable":true,"href":"https:\/\/portalfloresnoar.com\/floresnoar\/wp-json\/wp\/v2\/users\/301"}],"replies":[{"embeddable":true,"href":"https:\/\/portalfloresnoar.com\/floresnoar\/wp-json\/wp\/v2\/comments?post=28202"}],"version-history":[{"count":0,"href":"https:\/\/portalfloresnoar.com\/floresnoar\/wp-json\/wp\/v2\/posts\/28202\/revisions"}],"wp:featuredmedia":[{"embeddable":true,"href":"https:\/\/portalfloresnoar.com\/floresnoar\/wp-json\/wp\/v2\/media\/28206"}],"wp:attachment":[{"href":"https:\/\/portalfloresnoar.com\/floresnoar\/wp-json\/wp\/v2\/media?parent=28202"}],"wp:term":[{"taxonomy":"category","embeddable":true,"href":"https:\/\/portalfloresnoar.com\/floresnoar\/wp-json\/wp\/v2\/categories?post=28202"},{"taxonomy":"post_tag","embeddable":true,"href":"https:\/\/portalfloresnoar.com\/floresnoar\/wp-json\/wp\/v2\/tags?post=28202"}],"curies":[{"name":"wp","href":"https:\/\/api.w.org\/{rel}","templated":true}]}}