

{"id":28183,"date":"2017-01-07T07:47:08","date_gmt":"2017-01-07T10:47:08","guid":{"rendered":"http:\/\/portalfloresnoar.com\/floresnoar\/?p=28183"},"modified":"2017-04-07T15:53:18","modified_gmt":"2017-04-07T18:53:18","slug":"inscricoes-abertas-para-o-curso-online-salto-quantico-com-wallace-liimaa","status":"publish","type":"post","link":"https:\/\/portalfloresnoar.com\/floresnoar\/inscricoes-abertas-para-o-curso-online-salto-quantico-com-wallace-liimaa\/","title":{"rendered":"Inscri\u00e7\u00f5es reabertas at\u00e9 9\/3 para o Curso Online Salto Qu\u00e2ntico, com Wallace Liimaa"},"content":{"rendered":"<p style=\"text-align: center;\"><img decoding=\"async\" loading=\"lazy\" class=\"aligncenter  wp-image-28184\" alt=\"salto quantico wallace liimaa\" src=\"http:\/\/portalfloresnoar.com\/floresnoar\/wp-content\/uploads\/2017\/02\/salto-quantico-wallace-liimaa.jpg\" width=\"750\" height=\"312\" srcset=\"https:\/\/portalfloresnoar.com\/floresnoar\/wp-content\/uploads\/2017\/02\/salto-quantico-wallace-liimaa.jpg 1286w, https:\/\/portalfloresnoar.com\/floresnoar\/wp-content\/uploads\/2017\/02\/salto-quantico-wallace-liimaa-300x124.jpg 300w, https:\/\/portalfloresnoar.com\/floresnoar\/wp-content\/uploads\/2017\/02\/salto-quantico-wallace-liimaa-1024x425.jpg 1024w\" sizes=\"(max-width: 750px) 100vw, 750px\" \/><\/p>\n<p>Est\u00e3o reabertas, at\u00e9 quinta-feira de mar\u00e7o de 2017, as inscri\u00e7\u00f5es para a<a href=\"https:\/\/go.hotmart.com\/W3322185L\" target=\"_blank\"> <span style=\"text-decoration: underline;\"><strong>7\u00aa turma do Curso Online Salto Qu\u00e2ntico<\/strong><\/span>,<\/a> ministrado pelo pesquisador e consultor em Sa\u00fade Qu\u00e2ntica Wallace Liimaa.<\/p>\n<p>Atrav\u00e9s da aplica\u00e7\u00e3o dos ensinamentos da F\u00edsica Qu\u00e2ntica, Epigen\u00e9tica, Neuroci\u00eancia e tradi\u00e7\u00f5es ancestrais, o curso visa capacitar cada participante a ativar o seu poder pessoal e a sua capacidade de autocura, gerando prosperidade e qualidade de vida.<\/p>\n<p>&#8220;A perspectiva da Sa\u00fade Qu\u00e2ntica \u00e9 a de que precisamos validar uma Nova Cultura em Sa\u00fade, visto que a cultura atual possui como foco as doen\u00e7as e a supress\u00e3o dos sintomas, mantendo intactas as suas causas. Para isso, \u00e9 necess\u00e1rio compreender que vivemos num universo em que tudo \u00e9 energia, que possui uma qualidade vibracional associada a sua frequ\u00eancia&#8221;, explica Wallace.<\/p>\n<p>O olhar para o ser humano integral, em todas as dimens\u00f5es, \u00e9 a base do modelo qu\u00e2ntico de sa\u00fade, o qual \u00e9 coerente com conhecimentos ancestrais oriundos da Medicina Ayurv\u00e9dica, Chinesa e Tibetana. No mundo contempor\u00e2neo, a Medicina Antropos\u00f3fica, e a Homeop\u00e1tica tamb\u00e9m seguem esses princ\u00edpios, dentro dos quais a doen\u00e7a passa a ser uma oportunidade do ser humano se melhorar e, de prefer\u00eancia, buscar meios naturais e n\u00e3o invasivos de cura, de modo a n\u00e3o agredir o corpo com medicamentos que, na grande maioria dos casos, possuem in\u00fameros efeitos colaterais prejudiciais.<\/p>\n<p>S\u00e3o 11 m\u00f3dulos gravados + aulas ao vivo quinzenais (para tirar d\u00favidas), al\u00e9m de 10 b\u00f4nus. O Curso \u00e9 100% online e voc\u00ea pode acessar todas as aulas e b\u00f4nus de qualquer lugar e a qualquer momento, basta ter uma conex\u00e3o com a internet! As aulas s\u00e3o liberadas semanalmente, \u00e0s quintas, at\u00e9 que tudo seja disponibilizado. S\u00e3o aproximadamente 13 semanas, mas o participante pode fazer tudo no seu pr\u00f3prio tempo, pois todo o conte\u00fado fica dispon\u00edvel por 2 anos.<\/p>\n<p>Os inscritos participara\u00e3o, ainda de uma comunidade no Facebook com os outros alunos e com a assessoria do professor Wallace Liimaa, que responder\u00e1 100% das perguntas em que \u00e9 marcado. Tamb\u00e9m ser\u00e1 disponibilizado os slides das aulas em PDF para baixar, al\u00e9m de todos os \u00e1udios em MP3 para baixar e ouvir no computador, no carro ou no celular.<\/p>\n<p style=\"text-align: center;\"><img decoding=\"async\" loading=\"lazy\" class=\"wp-image-23635 alignleft\" alt=\"wallace lima\" src=\"http:\/\/portalfloresnoar.com\/floresnoar\/wp-content\/uploads\/2016\/02\/wallace-lima.jpg\" width=\"244\" height=\"163\" srcset=\"https:\/\/portalfloresnoar.com\/floresnoar\/wp-content\/uploads\/2016\/02\/wallace-lima.jpg 580w, https:\/\/portalfloresnoar.com\/floresnoar\/wp-content\/uploads\/2016\/02\/wallace-lima-300x200.jpg 300w\" sizes=\"(max-width: 244px) 100vw, 244px\" \/><\/p>\n<p style=\"text-align: left;\">Wallace Liimaa \u00e9 professor e pesquisador da Sa\u00fade Qu\u00e2ntica e Desenvolvimento Pessoal. Organizador do Simp\u00f3sio Internacional de Sa\u00fade Qu\u00e2ntica e Qualidade de Vida, o maior evento do mundo sobre o tema, que j\u00e1 atendeu a mais de 30 mil pessoas em suas 4 edi\u00e7\u00f5es. Laureado com a Noetic Medal for Consciousness and Brain Research, do Instituto de Estudos No\u00e9ticos Avan\u00e7ados da Calif\u00f3rnia\/2009 e com o pr\u00eamio Kokhmah\u00e1 &#8211; Sabedoria, no 7\u00ba Encontro Estadual de Terapeutas e Profissionais Hol\u00edsticos\/2012. \u00c9 criador do M\u00e9todo Salto Qu\u00e2ntico na Mente, que nos \u00faltimos dois anos j\u00e1 ajudou mais de 1.350 pessoas a transformarem suas vidas e criarem uma realidade livre do sofrimento das doen\u00e7as e da tortura das emo\u00e7\u00f5es negativas.<\/p>\n<h3><span style=\"text-decoration: underline;\"><a href=\"https:\/\/go.hotmart.com\/W3322185L\" target=\"_blank\"><strong>Mais informa\u00e7\u00f5es e inscri\u00e7\u00f5es AQUI!<\/strong><\/a><\/span><\/h3>\n","protected":false},"excerpt":{"rendered":"<p>Est\u00e3o reabertas, at\u00e9 quinta-feira de mar\u00e7o de 2017, as inscri\u00e7\u00f5es para a 7\u00aa turma do Curso Online Salto Qu\u00e2ntico, ministrado pelo pesquisador e consultor em Sa\u00fade Qu\u00e2ntica Wallace Liimaa. Atrav\u00e9s da aplica\u00e7\u00e3o dos ensinamentos da F\u00edsica Qu\u00e2ntica, Epigen\u00e9tica, Neuroci\u00eancia e tradi\u00e7\u00f5es ancestrais, o curso visa capacitar cada participante a ativar o seu poder pessoal e [&hellip;]<\/p>\n","protected":false},"author":1,"featured_media":28185,"comment_status":"open","ping_status":"open","sticky":false,"template":"","format":"standard","meta":{"om_disable_all_campaigns":false,"_monsterinsights_skip_tracking":false,"_monsterinsights_sitenote_active":false,"_monsterinsights_sitenote_note":"","_monsterinsights_sitenote_category":0,"footnotes":""},"categories":[9],"tags":[374,25,422],"acf":[],"publishpress_future_action":{"enabled":false,"date":"1969-12-31 21:00:00","action":"","terms":[],"taxonomy":"","browser_timezone_offset":0},"_links":{"self":[{"href":"https:\/\/portalfloresnoar.com\/floresnoar\/wp-json\/wp\/v2\/posts\/28183"}],"collection":[{"href":"https:\/\/portalfloresnoar.com\/floresnoar\/wp-json\/wp\/v2\/posts"}],"about":[{"href":"https:\/\/portalfloresnoar.com\/floresnoar\/wp-json\/wp\/v2\/types\/post"}],"author":[{"embeddable":true,"href":"https:\/\/portalfloresnoar.com\/floresnoar\/wp-json\/wp\/v2\/users\/1"}],"replies":[{"embeddable":true,"href":"https:\/\/portalfloresnoar.com\/floresnoar\/wp-json\/wp\/v2\/comments?post=28183"}],"version-history":[{"count":0,"href":"https:\/\/portalfloresnoar.com\/floresnoar\/wp-json\/wp\/v2\/posts\/28183\/revisions"}],"wp:featuredmedia":[{"embeddable":true,"href":"https:\/\/portalfloresnoar.com\/floresnoar\/wp-json\/wp\/v2\/media\/28185"}],"wp:attachment":[{"href":"https:\/\/portalfloresnoar.com\/floresnoar\/wp-json\/wp\/v2\/media?parent=28183"}],"wp:term":[{"taxonomy":"category","embeddable":true,"href":"https:\/\/portalfloresnoar.com\/floresnoar\/wp-json\/wp\/v2\/categories?post=28183"},{"taxonomy":"post_tag","embeddable":true,"href":"https:\/\/portalfloresnoar.com\/floresnoar\/wp-json\/wp\/v2\/tags?post=28183"}],"curies":[{"name":"wp","href":"https:\/\/api.w.org\/{rel}","templated":true}]}}