

{"id":28095,"date":"2017-03-03T12:21:08","date_gmt":"2017-03-03T15:21:08","guid":{"rendered":"http:\/\/portalfloresnoar.com\/floresnoar\/?p=28095"},"modified":"2017-03-15T11:56:42","modified_gmt":"2017-03-15T14:56:42","slug":"agenda-pe-atendimentos-de-yoga-massagem-ayurvedica-no-recife-e-em-aldeia","status":"publish","type":"post","link":"https:\/\/portalfloresnoar.com\/floresnoar\/agenda-pe-atendimentos-de-yoga-massagem-ayurvedica-no-recife-e-em-aldeia\/","title":{"rendered":"[AGENDA PE] Atendimentos de Yoga Massagem Ayurv\u00e9dica no Recife e em Aldeia"},"content":{"rendered":"<p><img decoding=\"async\" loading=\"lazy\" class=\" wp-image-28097 alignleft\" alt=\"drica ayub massagem\" src=\"http:\/\/portalfloresnoar.com\/floresnoar\/wp-content\/uploads\/2017\/02\/drica-ayub-massagem.jpg\" width=\"276\" height=\"415\" srcset=\"https:\/\/portalfloresnoar.com\/floresnoar\/wp-content\/uploads\/2017\/02\/drica-ayub-massagem.jpg 439w, https:\/\/portalfloresnoar.com\/floresnoar\/wp-content\/uploads\/2017\/02\/drica-ayub-massagem-200x300.jpg 200w\" sizes=\"(max-width: 276px) 100vw, 276px\" \/><\/p>\n<p>A terapeuta Ayurveda Drica Ayub (Ma Deva Rakasa) est\u00e1 oferecendo atendimentos de Yoga Massagem Ayurv\u00e9dica no Espa\u00e7o Gerar, em Casa Forte, e tamb\u00e9m em Aldeia.<\/p>\n<p>Com toques profundos e vigorosos, utilizando m\u00e3os e p\u00e9s da tradicional massagem ayurv\u00e9dica, aliados \u00e0s sequ\u00eancias de alongamentos e tra\u00e7\u00f5es advindas dos asanas do Iyengar Yoga, a Yoga Massagem Ayurv\u00e9dica (YMA) \u00e9 uma<br \/>\nferramenta essencialmente terap\u00eautica.<\/p>\n<p>Com o objetivo de restabelecer o padr\u00e3o saud\u00e1vel de circula\u00e7\u00e3o interna de energia do corpo, traz vitalidade, consci\u00eancia corporal, maior flexibilidade, desintoxica o organismo e estimula os sistemas circulat\u00f3rio e linf\u00e1tico, aliviando dores e tens\u00f5es f\u00edsicas, emocionais e energ\u00e9ticas.<\/p>\n<p>&#8220;Esta arte de harmoniza\u00e7\u00e3o, reequil\u00edbrio e manuten\u00e7\u00e3o da sa\u00fade f\u00edsica, energ\u00e9tica e emocional traz progressivamente mais conex\u00e3o com o pr\u00f3prio corpo e, consequentemente, consigo pr\u00f3prio, fazendo com que o habitar o corpo se d\u00ea de forma concreta e prazerosa&#8221;, ressalta a terapeuta.<\/p>\n<p>Drica Ayub adiciona \u00e0 massagem toda a sua experi\u00eancia de pesquisadora do corpo, culminando em um trabalho delicado e de profunda autoconsci\u00eancia. Terapeuta ayurveda, com \u00eanfase na YMA, Drica tamb\u00e9m \u00e9 bailarina e professora de dan\u00e7a.<\/p>\n<p>LOCAIS DE ATENDIMENTO<\/p>\n<p><strong>Em Aldeia<\/strong><br \/>\nCasa Vival &#8211; Rua Santo \u00c2ngelo, 107 \u2013 Aldeia, km 11<br \/>\nCASA 20 &#8211; Aldeia km 6<\/p>\n<p><strong>No Recife<\/strong><br \/>\n* Espa\u00e7o Gerar &#8211; Rua Jorge de Albuquerque, 103, Casa Forte, Recife\/PE<\/p>\n<p><strong>Mais informa\u00e7\u00f5es:<\/strong> (81) 99811.7770 (tim)\/ (81) 98262.7770 (vivo)<\/p>\n","protected":false},"excerpt":{"rendered":"<p>A terapeuta Ayurveda Drica Ayub (Ma Deva Rakasa) est\u00e1 oferecendo atendimentos de Yoga Massagem Ayurv\u00e9dica no Espa\u00e7o Gerar, em Casa Forte, e tamb\u00e9m em Aldeia. Com toques profundos e vigorosos, utilizando m\u00e3os e p\u00e9s da tradicional massagem ayurv\u00e9dica, aliados \u00e0s sequ\u00eancias de alongamentos e tra\u00e7\u00f5es advindas dos asanas do Iyengar Yoga, a Yoga Massagem Ayurv\u00e9dica [&hellip;]<\/p>\n","protected":false},"author":1,"featured_media":28096,"comment_status":"open","ping_status":"open","sticky":false,"template":"","format":"standard","meta":{"om_disable_all_campaigns":false,"_monsterinsights_skip_tracking":false,"_monsterinsights_sitenote_active":false,"_monsterinsights_sitenote_note":"","_monsterinsights_sitenote_category":0,"footnotes":""},"categories":[8,224,214],"tags":[325,82,360,445],"acf":[],"publishpress_future_action":{"enabled":false,"date":"1969-12-31 21:00:00","action":"","terms":[],"taxonomy":"","browser_timezone_offset":0},"_links":{"self":[{"href":"https:\/\/portalfloresnoar.com\/floresnoar\/wp-json\/wp\/v2\/posts\/28095"}],"collection":[{"href":"https:\/\/portalfloresnoar.com\/floresnoar\/wp-json\/wp\/v2\/posts"}],"about":[{"href":"https:\/\/portalfloresnoar.com\/floresnoar\/wp-json\/wp\/v2\/types\/post"}],"author":[{"embeddable":true,"href":"https:\/\/portalfloresnoar.com\/floresnoar\/wp-json\/wp\/v2\/users\/1"}],"replies":[{"embeddable":true,"href":"https:\/\/portalfloresnoar.com\/floresnoar\/wp-json\/wp\/v2\/comments?post=28095"}],"version-history":[{"count":0,"href":"https:\/\/portalfloresnoar.com\/floresnoar\/wp-json\/wp\/v2\/posts\/28095\/revisions"}],"wp:featuredmedia":[{"embeddable":true,"href":"https:\/\/portalfloresnoar.com\/floresnoar\/wp-json\/wp\/v2\/media\/28096"}],"wp:attachment":[{"href":"https:\/\/portalfloresnoar.com\/floresnoar\/wp-json\/wp\/v2\/media?parent=28095"}],"wp:term":[{"taxonomy":"category","embeddable":true,"href":"https:\/\/portalfloresnoar.com\/floresnoar\/wp-json\/wp\/v2\/categories?post=28095"},{"taxonomy":"post_tag","embeddable":true,"href":"https:\/\/portalfloresnoar.com\/floresnoar\/wp-json\/wp\/v2\/tags?post=28095"}],"curies":[{"name":"wp","href":"https:\/\/api.w.org\/{rel}","templated":true}]}}