

{"id":28077,"date":"2017-02-14T11:30:15","date_gmt":"2017-02-14T14:30:15","guid":{"rendered":"http:\/\/portalfloresnoar.com\/floresnoar\/?p=28077"},"modified":"2017-02-14T19:47:55","modified_gmt":"2017-02-14T22:47:55","slug":"campanha-plante-uma-arvore-realiza-plantios-de-mudas-do-cerrado-nas-areas-devastadas-da-serra-da-gandarela-mg","status":"publish","type":"post","link":"https:\/\/portalfloresnoar.com\/floresnoar\/campanha-plante-uma-arvore-realiza-plantios-de-mudas-do-cerrado-nas-areas-devastadas-da-serra-da-gandarela-mg\/","title":{"rendered":"Campanha Plante uma \u00c1rvore realiza plantios de mudas do Cerrado nas \u00e1reas devastadas da Serra da Gandarela (MG)"},"content":{"rendered":"<p style=\"text-align: center;\"><img decoding=\"async\" loading=\"lazy\" class=\"aligncenter  wp-image-28078\" alt=\"Plantio Portal Flores no Ar\" src=\"http:\/\/portalfloresnoar.com\/floresnoar\/wp-content\/uploads\/2017\/02\/Plantio-Portal-Flores-no-Ar.jpg\" width=\"768\" height=\"432\" srcset=\"https:\/\/portalfloresnoar.com\/floresnoar\/wp-content\/uploads\/2017\/02\/Plantio-Portal-Flores-no-Ar.jpg 960w, https:\/\/portalfloresnoar.com\/floresnoar\/wp-content\/uploads\/2017\/02\/Plantio-Portal-Flores-no-Ar-300x168.jpg 300w\" sizes=\"(max-width: 768px) 100vw, 768px\" \/><\/p>\n<pre>Por Tha\u00eds Alessandra (Coletivo Cirandar)<\/pre>\n<p>Entre a Serra do Curral e a Serra do Cara\u00e7a, h\u00e1 40 km de Belo Horizonte \u2013 MG, est\u00e1 localizada a Serra da Gandarela, a segunda maior floresta de Mata Atl\u00e2ntica do Estado e a mais ampla extens\u00e3o de cangas ferruginosas do Brasil. Gandarela est\u00e1 em risco devido ao monop\u00f3lio da minera\u00e7\u00e3o, que devasta seus biomas naturais de Mata Atl\u00e2ntica e vegeta\u00e7\u00e3o rupestre, degradando tamb\u00e9m o seu amplo manancial: Bacias Hidrogr\u00e1ficas \u2013 Rios Doce\/Piracicaba e S\u00e3o Francisco\/Rio das Velhas.<\/p>\n<p><img decoding=\"async\" loading=\"lazy\" class=\" wp-image-28079 alignleft\" alt=\"plantio_ikebana\" src=\"http:\/\/portalfloresnoar.com\/floresnoar\/wp-content\/uploads\/2017\/02\/plantio_ikebana.jpg\" width=\"381\" height=\"285\" srcset=\"https:\/\/portalfloresnoar.com\/floresnoar\/wp-content\/uploads\/2017\/02\/plantio_ikebana.jpg 576w, https:\/\/portalfloresnoar.com\/floresnoar\/wp-content\/uploads\/2017\/02\/plantio_ikebana-300x225.jpg 300w, https:\/\/portalfloresnoar.com\/floresnoar\/wp-content\/uploads\/2017\/02\/plantio_ikebana-160x120.jpg 160w\" sizes=\"(max-width: 381px) 100vw, 381px\" \/>Em decorr\u00eancia dos abusos ambientais que est\u00e3o amea\u00e7ando a regi\u00e3o, a Ikebana Flores BH est\u00e1 divulgando a campanha PLANTE UMA \u00c1RVORE NO GANDARELA, que vem plantando mudas t\u00edpicas do cerrado nas \u00e1reas mais devastadas do Gandarela. A campanha est\u00e1 sendo semeada desde novembro de 2012 e, desde ent\u00e3o, mais de 300 parceiros abra\u00e7aram a causa e tornaram poss\u00edvel concretizar a\u00e7\u00f5es de plantios realizadas em nome deles na Serra do Gandarela. Toda publica\u00e7\u00e3o a respeito desta campanha se converte em uma muda nativa plantada pela pr\u00f3pria floricultura em um local devastado pela minera\u00e7\u00e3o nessa Serra.<\/p>\n<p>No dia 26 de novembro de 2016, foi realizada a 6\u00aa fase do plantio, numa a\u00e7\u00e3o espont\u00e2nea de 18 volunt\u00e1rios que plantaram cerca de 150 mudas nativas do cerrado, com tamanhos variados entre 15 a 60 cm, totalizando 687 mudas nativas plantadas ao todo na regi\u00e3o da Serra do Gandarela. O plantio foi realizado em Rio Acima \u2013 MG, na cachoeira do Mingu, com uma \u00e1rea de aproximadamente 200 M\u00b2. E o Portal Flores no Ar teve na ocasi\u00e3o sua segunda muda plantada! :)<\/p>\n<p>Desta vez, o prop\u00f3sito era despertar o apoio dos caminhantes que passam pelas proximidades da Cachoeira do Mingu a aderirem a campanha em prol da Serra do Gandarela. Pois, \u00e9 um local frequentado por esportistas de aventura.Uma placa foi deixada pela nossa floricultura no local, onde despert\u00e1vamos as pessoas que ao passar pelo local, joguem \u00e1gua nas mudas demarcadas em amarelo, palitos de bamboo foram usados para as demarca\u00e7\u00f5es da \u00e1rea.<\/p>\n<p>150 mudas nativas do cerrado, com varia\u00e7\u00f5es de tamanhos, entre 15 a 60 cm, foram plantadas em um dos biomas caracter\u00edsticos dessa regi\u00e3o, com ajuda de 18 volunt\u00e1rios: Mariana Santiago, Bruno Andr\u00e9, J\u00fania Leandro, Ligia Marques, Bia Marques, Marilene, Olemar \u00daltimo, Luciano de Souza, Karla Reis, J\u00e9ssica Rochane, Diogo tom\u00e9, Isabel Barbosa, Lise Costa.<\/p>\n<p>Candeia, Ip\u00ea Branco, Ip\u00ea Crioulo, Ip\u00ea Amarelo, Mogno, Jacarand\u00e1, Sucupira, Aroeira, Peroba, Jequitib\u00e1, entre outras, apropriadas para margens de riachos, foram plantadas na regi\u00e3o de bioma caracter\u00edstico do cerrado, distantes do leito das nascentes, para n\u00e3o descaracterizarem o bioma end\u00eamico.<\/p>\n<p>MAIS INFORMA\u00c7\u00d5ES<br \/>\nSite: http:\/\/www.ikebanaflores.com.br\/blog\/category\/campanha-ikebana-flores\/<br \/>\nE-mail: ikebana.flores.savassi@gmail.com<br \/>\nFones: (31)3227-4802 | (31)3223-2168 | (31)3327-6608 | (31)3047-1913<\/p>\n","protected":false},"excerpt":{"rendered":"<p>Por Tha\u00eds Alessandra (Coletivo Cirandar) Entre a Serra do Curral e a Serra do Cara\u00e7a, h\u00e1 40 km de Belo Horizonte \u2013 MG, est\u00e1 localizada a Serra da Gandarela, a segunda maior floresta de Mata Atl\u00e2ntica do Estado e a mais ampla extens\u00e3o de cangas ferruginosas do Brasil. Gandarela est\u00e1 em risco devido ao monop\u00f3lio [&hellip;]<\/p>\n","protected":false},"author":1,"featured_media":28078,"comment_status":"open","ping_status":"open","sticky":false,"template":"","format":"standard","meta":{"om_disable_all_campaigns":false,"_monsterinsights_skip_tracking":false,"_monsterinsights_sitenote_active":false,"_monsterinsights_sitenote_note":"","_monsterinsights_sitenote_category":0,"footnotes":""},"categories":[9],"tags":[387,437,170,438],"acf":[],"publishpress_future_action":{"enabled":false,"date":"1969-12-31 21:00:00","action":"","terms":[],"taxonomy":"","browser_timezone_offset":0},"_links":{"self":[{"href":"https:\/\/portalfloresnoar.com\/floresnoar\/wp-json\/wp\/v2\/posts\/28077"}],"collection":[{"href":"https:\/\/portalfloresnoar.com\/floresnoar\/wp-json\/wp\/v2\/posts"}],"about":[{"href":"https:\/\/portalfloresnoar.com\/floresnoar\/wp-json\/wp\/v2\/types\/post"}],"author":[{"embeddable":true,"href":"https:\/\/portalfloresnoar.com\/floresnoar\/wp-json\/wp\/v2\/users\/1"}],"replies":[{"embeddable":true,"href":"https:\/\/portalfloresnoar.com\/floresnoar\/wp-json\/wp\/v2\/comments?post=28077"}],"version-history":[{"count":0,"href":"https:\/\/portalfloresnoar.com\/floresnoar\/wp-json\/wp\/v2\/posts\/28077\/revisions"}],"wp:featuredmedia":[{"embeddable":true,"href":"https:\/\/portalfloresnoar.com\/floresnoar\/wp-json\/wp\/v2\/media\/28078"}],"wp:attachment":[{"href":"https:\/\/portalfloresnoar.com\/floresnoar\/wp-json\/wp\/v2\/media?parent=28077"}],"wp:term":[{"taxonomy":"category","embeddable":true,"href":"https:\/\/portalfloresnoar.com\/floresnoar\/wp-json\/wp\/v2\/categories?post=28077"},{"taxonomy":"post_tag","embeddable":true,"href":"https:\/\/portalfloresnoar.com\/floresnoar\/wp-json\/wp\/v2\/tags?post=28077"}],"curies":[{"name":"wp","href":"https:\/\/api.w.org\/{rel}","templated":true}]}}