

{"id":28057,"date":"2017-05-10T03:52:16","date_gmt":"2017-05-10T06:52:16","guid":{"rendered":"http:\/\/portalfloresnoar.com\/floresnoar\/?p=28057"},"modified":"2017-05-10T14:48:48","modified_gmt":"2017-05-10T17:48:48","slug":"agenda-pe-inscricoes-abertas-para-curso-de-formacao-em-terapia-floral-no-recife","status":"publish","type":"post","link":"https:\/\/portalfloresnoar.com\/floresnoar\/agenda-pe-inscricoes-abertas-para-curso-de-formacao-em-terapia-floral-no-recife\/","title":{"rendered":"[AGENDA PE] Inscri\u00e7\u00f5es abertas para Curso de Forma\u00e7\u00e3o em Terapia Floral, no Recife"},"content":{"rendered":"<p><img decoding=\"async\" loading=\"lazy\" class=\"wp-image-28060 alignleft\" style=\"letter-spacing: 0em;\" alt=\"terapia floral_ foto free pixabay\" src=\"http:\/\/portalfloresnoar.com\/floresnoar\/wp-content\/uploads\/2017\/02\/terapia-floral_-foto-free-pixabay.jpg\" width=\"346\" height=\"230\" srcset=\"https:\/\/portalfloresnoar.com\/floresnoar\/wp-content\/uploads\/2017\/02\/terapia-floral_-foto-free-pixabay.jpg 720w, https:\/\/portalfloresnoar.com\/floresnoar\/wp-content\/uploads\/2017\/02\/terapia-floral_-foto-free-pixabay-300x200.jpg 300w\" sizes=\"(max-width: 346px) 100vw, 346px\" \/><\/p>\n<p style=\"text-align: left;\">A terapeuta Rosangela Vecchi Bittar inicia no dia 27 de maio de 2017, no Recife, o Curso de Forma\u00e7\u00e3o em Terapia Floral, abrangendo os sistemas Bach, Calif\u00f3rnia e Saint Germain.<\/p>\n<p>O curso \u00e9 voltado para pessoas interessadas em conhecer a terapia com ess\u00eancias florais para o autocuidado ou atendimento terap\u00eautico. As aulas ser\u00e3o realizadas, durante um ano, em um final de semana por m\u00eas.<\/p>\n<p>As ess\u00eancias florais s\u00e3o rem\u00e9dios elaborados a partir de flores silvestres de v\u00e1rios ecossistemas, com o objetivo de tratar os desequil\u00edbrios mentais, emocionais, espirituais. Apoiam processos de cura de doen\u00e7as preestabelecidas e oferece apoio emocional em v\u00e1rias quest\u00f5es de vida. Trata-se a pessoa em sua individualidade, trazendo bem-estar e qualidade de vida.<\/p>\n<p>Ros\u00e2ngela explica que os florais n\u00e3o s\u00e3o medicamentos, podendo ser usados em v\u00e1rias faixas et\u00e1rias, do beb\u00ea ao idoso. &#8220;Auxilia, por exemplo, em processos de aprendizagem, mem\u00f3ria, escolha profissional, fobias, agressividade, m\u00e1goa, tristeza, ansiedade, depress\u00e3o, estresse, apoio \u00e0 pessoa com c\u00e2ncer no seu tratamento, a cuidadores da doen\u00e7a de Alzheimer, no tratamento aos dist\u00farbios de comportamento no Alzheimer, limpeza e prote\u00e7\u00e3o espiritual, alinhamento de chacras etc.<\/p>\n<p>&#8220;O uso mais comum dos Florais \u00e9 sob forma de gotas sublinguais, vibrando no corpo et\u00e9reo, nas c\u00e9lulas, equilibrando a fisiologia humana sendo pode ser usado tamb\u00e9m nos animais&#8221;, explica.<\/p>\n<p>SISTEMAS &#8211; O Sistema da Calif\u00f3rnia \u00e9 composto por um kit profissional de 103 ess\u00eancias florais que atuam em diversas situa\u00e7\u00f5es de vida. J\u00e1 o Sistema de Florais de Saint Germain cont\u00e9m 89 ess\u00eancias florais e dois emergenciais importantes, com campo de atua\u00e7\u00e3o em v\u00e1rias situa\u00e7\u00f5es de vida e, principalmente, na quest\u00e3o espiritual. O Sistema Floral de Bach \u00e9 composto de 38 ess\u00eancias florais e um emergencial, com excelente atua\u00e7\u00e3o nas emo\u00e7\u00f5es e personalidades.<\/p>\n<p>CONTE\u00daDO PROGRAM\u00c1TICO<br \/>\n* Introdu\u00e7\u00e3o \u2013 inicio<br \/>\n* Das ess\u00eancias do sistema floral da hist\u00f3ria, Legisla\u00e7\u00e3o existente, como se faz uma ess\u00eancia floral.<br \/>\n* O que \u00e9 uma ess\u00eancia, como se faz, cuidados de manipula\u00e7\u00e3o.<br \/>\n* Os diversos sistemas florais existentes no mundo.<br \/>\n* Princ\u00edpios e filosofia, conceitos usados na terapia floral<br \/>\n* \u00c9tica no cuidado<br \/>\n* In\u00edcio das ess\u00eancias do sistema da calif\u00f3rnia \u2013 fes, em ordem alfab\u00e9tica do kit de 103 ess\u00eancias florais.<br \/>\n* Apresenta\u00e7\u00e3o de parte das ess\u00eancias florais do sistema<br \/>\n* Como ser terapeuta: o atendimento, anamnese, manipula\u00e7\u00e3o<br \/>\n* M\u00e9todos de atendimento.<br \/>\n* Psicossom\u00e1tica para atendimentos<br \/>\n* Aprofundamento em fisiologia energ\u00e9tica &#8211; chacras<br \/>\n* Princ\u00edpios da medicina tradicional chinesa e sua aplica\u00e7\u00e3o na terapia floral.<br \/>\n* Sistema floral de Bach as 38 ess\u00eancias e o emergencial<br \/>\n* Sistema floral de Saint Germain e suas 89 ess\u00eancias e formulas compostas.<br \/>\n* Apresenta\u00e7\u00e3o de temas e o uso dos florais \u2013 depress\u00e3o, v\u00edcios,ansiedade, fibromialgia, c\u00e2ncer, cren\u00e7as, sono e outros.<br \/>\n* Casos atendidos pelos alunos; elucida\u00e7\u00e3o de d\u00favidas.<\/p>\n<p>FACILITADORA &#8211; A <strong>Prof\u00aa Rosangela Vecchi Bittar<\/strong> \u00e9 terapeuta com as seguintes especialidades: Titulo de Especialista em Terapia com Ess\u00eancias Florais pela Universidade Federal de Pernambuco (com pr\u00e1tica de florais desde 1992), Aromaterapeuta, Terapeuta Floral , Mestre em Reiki Usui, Cromoterapeuta, Bioletrografia, Koreo Acupuntura, Magnified Healing, professora, escritora, palestrante convidada dos temas relacionados \u00e0s pr\u00e1ticas complementares, tais como: Envelhecimento Saud\u00e1vel, Preven\u00e7\u00e3o, Alzheimer e C\u00e2ncer, sempre com o uso das ess\u00eancias florais. Tem v\u00e1rios trabalhos publicados em congressos sobre psico-oncologia, Alzheimer, terceira idade com doen\u00e7as reum\u00e1ticas.<\/p>\n<p>Aromaterapeuta, publicou o livro &#8216;Aromaterapia na Vida Di\u00e1ria&#8217;, indicado pela revista Mente e C\u00e9rebro. Realizou palestra no 3\u00ba Congresso Nacional de Terapia Floral \u2013 RJ, promovido pelo CONAFLOR &#8211; Conselho Nacional de Autoregulamenta\u00e7\u00e3o da Terapia Floral no Brasil, ao qual \u00e9 filiada, apresentando a experi\u00eancia no atendimento a pacientes oncol\u00f3gicos no Hospital das Cl\u00ednicas\/UFPE.<\/p>\n<p>Coordenadora de Pr\u00e1ticas Integrativas e Complementares da Associa\u00e7\u00e3o Brasileira de Alzheimer Regional\/ Pernambuco, na gest\u00e3o 2008 a 2017. Introduziu o uso dos florais na regional e divulga o trabalho dos florais neste contexto em v\u00e1rios estados brasileiros, participou do VII CONGRESSO BRASILEIRO DE ALZHEIMER em Bel\u00e9m do Par\u00e1, no per\u00edodo de 24 a 27 de agosto de 2011 como palestrante.<\/p>\n<p>Terapeuta Floral volunt\u00e1ria da Oncologia do Hospital das Cl\u00ednicas da UFPE de maio de 2008 a janeiro de 2014. Hoje coordena o Projeto Colorindo Vidas de atendimento com Terapia Floral a pacientes oncol\u00f3gicos, no Instituto Cristina Tavares de Apoio ao Adulto com C\u00e2ncer de mar\u00e7o\/2013 at\u00e9 2015.<\/p>\n<p>Realizou pesquisa cient\u00edfica com humanos, intitulada: \u201cA Terapia Floral no Cuidado a pacientes portadores de C\u00e2ncer na Cl\u00ednica de Oncologia\u201d. Registro no Sisnep Fr n.\u00ba 211286 Registro CEP\/CCS\/UFPE n.\u00ba 289\/08 Minist\u00e9rio da Sa\u00fade e devidamente aprovado pelo Comit\u00ea de \u00c9tica, \u00a0envolvendo seres humanos do Centro de Ci\u00eancias da Sa\u00fade da Universidade Federal de Pernambuco, conclu\u00edda em 2009. Palestrante no II Simp\u00f3sio da Oncologia do Hospital das Cl\u00ednicas da Universidade Federal de Pernambuco, com o Tema Preven\u00e7\u00e3o e Controle do C\u00e2ncer: uma Abordagem Transdisciplinar. Participa\u00e7\u00e3o da mesa Vis\u00e3o Humanizada do Atendimento, apresentando palestra sobre Terapia Floral no Cuidado ao Paciente Oncol\u00f3gico: Aplica\u00e7\u00e3o e Resultados.<\/p>\n<p><strong>Livros publicados<\/strong><br \/>\nO Uso Pr\u00e1tico da Terapia Floral na Obesidade, Editora La\u00e7os, S.P, 2011<br \/>\nOs Benef\u00edcios das Ess\u00eancias florais de Bach no Alzheimer, Editora La\u00e7os, S.P, 2012<br \/>\nAromaterapia na Vida Di\u00e1ria &#8211; Receitas para Viver Melhor, Editora La\u00e7os, S.P, 201<br \/>\nManual das Ess\u00eancias Florais do Sistema Saint Germain no Alzheimer, SP, 2014<br \/>\nA Terapia Floral na Oncologia \u2013 SP, 2014<\/p>\n<p>SERVI\u00c7O<br \/>\n<strong>Curso de Forma\u00e7\u00e3o em Terapia Floral<\/strong><br \/>\n<strong>In\u00edcio:<\/strong> 27 de maio de 2017 (o curso tem dura\u00e7\u00e3o de 1 ano, com aulas em um final de semana por m\u00eas, geralmente o quarto final de semana de cada m\u00eas)<br \/>\n<strong>Local:<\/strong> as aulas ser\u00e3o realizadas no bairro de Boa Viagem, no Recife. O local exato ser\u00e1 definido a partir do n\u00famero de alunos inscritos.<\/p>\n<p><strong>Reserva de vaga e taxa de inscri\u00e7\u00e3o:<\/strong> R$ 50,00<br \/>\n<strong>Valor mensal:<\/strong> R$ 480,00 (<span style=\"text-decoration: underline;\"><strong><a href=\"http:\/\/pensandonatural.com.br\/produto\/formacao-em-terapia-floral\/\" target=\"_blank\">poder\u00e1 ser pago com cart\u00e3o pelo site <\/a><\/strong><\/span>e para pagamento \u00e0 vista o valor \u00e9 de R$ 450,00.)<br \/>\nObs.1: Quem desejar pagar o curso integralmente antecipado ter\u00e1 desconto de 15% sobre o total dos 12 meses.<br \/>\nObs.2: Na desist\u00eancia a penalidade para de quem pagou o curso \u00e9 de reten\u00e7\u00e3o de 30% do valor.<\/p>\n<p>INSCRI\u00c7\u00c3O:<br \/>\n<strong>E-mail:<\/strong> rosangelaflorais@gmail.com<br \/>\n<strong>WhatsApp:<\/strong> (81)98843.0584<\/p>\n","protected":false},"excerpt":{"rendered":"<p>A terapeuta Rosangela Vecchi Bittar inicia no dia 27 de maio de 2017, no Recife, o Curso de Forma\u00e7\u00e3o em Terapia Floral, abrangendo os sistemas Bach, Calif\u00f3rnia e Saint Germain. O curso \u00e9 voltado para pessoas interessadas em conhecer a terapia com ess\u00eancias florais para o autocuidado ou atendimento terap\u00eautico. As aulas ser\u00e3o realizadas, durante [&hellip;]<\/p>\n","protected":false},"author":1,"featured_media":28061,"comment_status":"open","ping_status":"open","sticky":false,"template":"","format":"standard","meta":{"om_disable_all_campaigns":false,"_monsterinsights_skip_tracking":false,"_monsterinsights_sitenote_active":false,"_monsterinsights_sitenote_note":"","_monsterinsights_sitenote_category":0,"footnotes":""},"categories":[8,224,214],"tags":[167,70,435],"acf":[],"publishpress_future_action":{"enabled":false,"date":"1969-12-31 21:00:00","action":"","terms":[],"taxonomy":"","browser_timezone_offset":0},"_links":{"self":[{"href":"https:\/\/portalfloresnoar.com\/floresnoar\/wp-json\/wp\/v2\/posts\/28057"}],"collection":[{"href":"https:\/\/portalfloresnoar.com\/floresnoar\/wp-json\/wp\/v2\/posts"}],"about":[{"href":"https:\/\/portalfloresnoar.com\/floresnoar\/wp-json\/wp\/v2\/types\/post"}],"author":[{"embeddable":true,"href":"https:\/\/portalfloresnoar.com\/floresnoar\/wp-json\/wp\/v2\/users\/1"}],"replies":[{"embeddable":true,"href":"https:\/\/portalfloresnoar.com\/floresnoar\/wp-json\/wp\/v2\/comments?post=28057"}],"version-history":[{"count":0,"href":"https:\/\/portalfloresnoar.com\/floresnoar\/wp-json\/wp\/v2\/posts\/28057\/revisions"}],"wp:featuredmedia":[{"embeddable":true,"href":"https:\/\/portalfloresnoar.com\/floresnoar\/wp-json\/wp\/v2\/media\/28061"}],"wp:attachment":[{"href":"https:\/\/portalfloresnoar.com\/floresnoar\/wp-json\/wp\/v2\/media?parent=28057"}],"wp:term":[{"taxonomy":"category","embeddable":true,"href":"https:\/\/portalfloresnoar.com\/floresnoar\/wp-json\/wp\/v2\/categories?post=28057"},{"taxonomy":"post_tag","embeddable":true,"href":"https:\/\/portalfloresnoar.com\/floresnoar\/wp-json\/wp\/v2\/tags?post=28057"}],"curies":[{"name":"wp","href":"https:\/\/api.w.org\/{rel}","templated":true}]}}