

{"id":28043,"date":"2017-01-11T06:27:35","date_gmt":"2017-01-11T09:27:35","guid":{"rendered":"http:\/\/portalfloresnoar.com\/floresnoar\/?p=28043"},"modified":"2017-03-01T14:19:29","modified_gmt":"2017-03-01T17:19:29","slug":"agenda-pe-carnaval-da-tamarineira-conta-com-oficinas-e-o-tradicional-baile-do-bloco-da-folia","status":"publish","type":"post","link":"https:\/\/portalfloresnoar.com\/floresnoar\/agenda-pe-carnaval-da-tamarineira-conta-com-oficinas-e-o-tradicional-baile-do-bloco-da-folia\/","title":{"rendered":"[AGENDA PE] Carnaval da Tamarineira conta com oficinas e o tradicional Baile do Bloco da Folia"},"content":{"rendered":"<figure id=\"attachment_28044\" aria-describedby=\"caption-attachment-28044\" style=\"width: 307px\" class=\"wp-caption alignleft\"><img decoding=\"async\" loading=\"lazy\" class=\" wp-image-28044 \" alt=\"carnaval na tamarineira\" src=\"http:\/\/portalfloresnoar.com\/floresnoar\/wp-content\/uploads\/2017\/02\/carnaval-na-tamarineira.jpg\" width=\"307\" height=\"461\" srcset=\"https:\/\/portalfloresnoar.com\/floresnoar\/wp-content\/uploads\/2017\/02\/carnaval-na-tamarineira.jpg 384w, https:\/\/portalfloresnoar.com\/floresnoar\/wp-content\/uploads\/2017\/02\/carnaval-na-tamarineira-200x300.jpg 200w\" sizes=\"(max-width: 307px) 100vw, 307px\" \/><figcaption id=\"caption-attachment-28044\" class=\"wp-caption-text\">Foto: Doida de Pedra\/ Divulga\u00e7\u00e3o<\/figcaption><\/figure>\n<p>No dia 24 de fevereiro de 2017, \u00e0s 9 horas, ser\u00e1 realizado o tradicional Baile do Bloco da Folia do Hospital Ulysses Pernambucano, na Tamarineira. O evento conta com a parceria da equipe do Coletivo Doida de Pedra, que aproveita a ocasi\u00e3o para realizar a edi\u00e7\u00e3o de carnaval do projeto &#8216;INTEGRA\u00c7\u00c3O: A\u00e7\u00f5es Perform\u00e1ticas e Sa\u00fade Mental&#8217; que, desde 2013, leva apresenta\u00e7\u00f5es art\u00edsticas ao hospital psiqui\u00e1trico.<\/p>\n<p>Para animar a festa carnavalesca, a programa\u00e7\u00e3o contar\u00e1 com a a\u00e7\u00e3o perform\u00e1ticas do Boi da Mata. O Boi da Mata \u00e9 um Coletivo Art\u00edstico Ecopedag\u00f3gico que nasceu no bairro da UR-7 (V\u00e1rzea) no ano de 2010 e tem como principal atividade a brincadeira mensal no mesmo bairro.<\/p>\n<p>A festa tamb\u00e9m vai contar com a participa\u00e7\u00e3o da Orquestra do Galo, a partir do apoio da Sociedade Pernambucana de Psiquiatria, CREMEPE e SIMEPE.<\/p>\n<p>Para a prepara\u00e7\u00e3o da brincadeira, o Doida de Pedra vai realizar uma etapa de oficinas.<\/p>\n<p>Nos dias 15, 16 e 17 de fevereiro o Coletivo Doida de Pedra vai realizar oficinas de cria\u00e7\u00e3o dos estandartes de Carnaval, a partir das 9h.<\/p>\n<p><span style=\"letter-spacing: 0em;\">&#8220;Como tudo no Doida de Pedra \u00e9 volunt\u00e1rio e sem financiamentos, estamos recebendo doa\u00e7\u00f5es de material para a confec\u00e7\u00e3o dos estandartes: t<\/span>ecidos, tintas, cola, lantejoulas, fitas e muito brilho&#8221;, destaca Rafaella M\u00e9llo, integrante do Doida de Pedra.<\/p>\n<p>O Doida de Pedra foi idealizado pela artista\/pesquisadora Ingrid Kaline de Souza, tendo em 2013 o in\u00edcio das atividades pr\u00e1ticas no HUP. Em 2017 continua seu trabalho com o desejo de ampliar sua atua\u00e7\u00e3o com oficinas arteterap\u00eauticas e ciclos de debates sobre o tema arte e loucura. O Coletivo Doida de Pedra atualmente \u00e9 formado pelas doidas de pedra Anne Vasconcelos, Ariana Nuala, Emanuela Ara\u00fajo, Karoline Souza e Rafaella M\u00e9lo. Conta tamb\u00e9m com a colabora\u00e7\u00e3o volunt\u00e1ria de v\u00e1rios estudantes, arteterapeutas, psic\u00f3logos, artistas e fot\u00f3grafos.<\/p>\n<p>\u201cO projeto \u2018INTEGRA\u00c7\u00c3O: A\u00e7\u00f5es Perform\u00e1ticas e Sa\u00fade Mental\u2019 parte da experimenta\u00e7\u00e3o da socializa\u00e7\u00e3o com a tem\u00e1tica da loucura com arte e arte com loucura.&#8221; \u00c9 um projeto que n\u00e3o tem inten\u00e7\u00e3o de cura, por partir da ideia de que todos somos doentes em uma sociedade medicada e vivemos em um grande hospital a c\u00e9u aberto, cada um (a) precisa do outro, e para atingir o outro basta apenas chegar&#8221;, conta Rafaella.<\/p>\n<p>SERVI\u00c7O<br \/>\nINTEGRA\u00c7\u00c3O: A\u00e7\u00f5es Perform\u00e1ticas e Sa\u00fade Mental\/ Edi\u00e7\u00e3o de Carnaval \u2013 2017<br \/>\n<strong>Local:<\/strong>\u00a0Hospital Ulysses Pernambucano &#8211;\u00a0Av. Conselheiro Rosa e Silva, 2130 &#8211; Tamarineira, Recife &#8211; PE<\/p>\n<p><strong>Oficinas de confec\u00e7\u00e3o de estandartes<\/strong><br \/>\nDias 15, 16 e 17 de fevereiro, \u00e0s 9 horas<br \/>\nContato para doa\u00e7\u00f5es e inscri\u00e7\u00f5es na oficina: (81 )9 9561.2857 ou pelo e-mail coletivodoidadepedra@gmail.com<\/p>\n<p><strong>Apresenta\u00e7\u00e3o do Boi da Mata na Festa do Tradicional Bloco da Folia do Hospital Ulysses Pernambucano:<\/strong><br \/>\nDia 24 de fevereiro, \u00e0s 9 horas<\/p>\n<p><em>Entrada franca!<\/em><\/p>\n<p><strong>Evento no facebook:<\/strong> <a href=\"https:\/\/www.facebook.com\/events\/1333551046701039\/\" target=\"_blank\">https:\/\/www.facebook.com\/events\/1333551046701039\/<\/a><\/p>\n<p><strong>Produ\u00e7\u00e3o:<\/strong> Doida de Pedra<br \/>\n<strong>Apoio:<\/strong> Hospital Ulysses Pernambucano e Portal Flores no Ar<\/p>\n","protected":false},"excerpt":{"rendered":"<p>No dia 24 de fevereiro de 2017, \u00e0s 9 horas, ser\u00e1 realizado o tradicional Baile do Bloco da Folia do Hospital Ulysses Pernambucano, na Tamarineira. O evento conta com a parceria da equipe do Coletivo Doida de Pedra, que aproveita a ocasi\u00e3o para realizar a edi\u00e7\u00e3o de carnaval do projeto &#8216;INTEGRA\u00c7\u00c3O: A\u00e7\u00f5es Perform\u00e1ticas e Sa\u00fade [&hellip;]<\/p>\n","protected":false},"author":1,"featured_media":28045,"comment_status":"open","ping_status":"open","sticky":false,"template":"","format":"standard","meta":{"om_disable_all_campaigns":false,"_monsterinsights_skip_tracking":false,"_monsterinsights_sitenote_active":false,"_monsterinsights_sitenote_note":"","_monsterinsights_sitenote_category":0,"footnotes":""},"categories":[8,214],"tags":[108,430,328],"acf":[],"publishpress_future_action":{"enabled":false,"date":"1969-12-31 21:00:00","action":"","terms":[],"taxonomy":"","browser_timezone_offset":0},"_links":{"self":[{"href":"https:\/\/portalfloresnoar.com\/floresnoar\/wp-json\/wp\/v2\/posts\/28043"}],"collection":[{"href":"https:\/\/portalfloresnoar.com\/floresnoar\/wp-json\/wp\/v2\/posts"}],"about":[{"href":"https:\/\/portalfloresnoar.com\/floresnoar\/wp-json\/wp\/v2\/types\/post"}],"author":[{"embeddable":true,"href":"https:\/\/portalfloresnoar.com\/floresnoar\/wp-json\/wp\/v2\/users\/1"}],"replies":[{"embeddable":true,"href":"https:\/\/portalfloresnoar.com\/floresnoar\/wp-json\/wp\/v2\/comments?post=28043"}],"version-history":[{"count":0,"href":"https:\/\/portalfloresnoar.com\/floresnoar\/wp-json\/wp\/v2\/posts\/28043\/revisions"}],"wp:featuredmedia":[{"embeddable":true,"href":"https:\/\/portalfloresnoar.com\/floresnoar\/wp-json\/wp\/v2\/media\/28045"}],"wp:attachment":[{"href":"https:\/\/portalfloresnoar.com\/floresnoar\/wp-json\/wp\/v2\/media?parent=28043"}],"wp:term":[{"taxonomy":"category","embeddable":true,"href":"https:\/\/portalfloresnoar.com\/floresnoar\/wp-json\/wp\/v2\/categories?post=28043"},{"taxonomy":"post_tag","embeddable":true,"href":"https:\/\/portalfloresnoar.com\/floresnoar\/wp-json\/wp\/v2\/tags?post=28043"}],"curies":[{"name":"wp","href":"https:\/\/api.w.org\/{rel}","templated":true}]}}