

{"id":28002,"date":"2017-01-08T21:17:58","date_gmt":"2017-01-09T00:17:58","guid":{"rendered":"http:\/\/portalfloresnoar.com\/floresnoar\/?p=28002"},"modified":"2017-02-11T11:57:52","modified_gmt":"2017-02-11T14:57:52","slug":"agenda-pe-carnaval-da-diversidade-na-maumau-nesta-sexta-com-entrada-gratuita","status":"publish","type":"post","link":"https:\/\/portalfloresnoar.com\/floresnoar\/agenda-pe-carnaval-da-diversidade-na-maumau-nesta-sexta-com-entrada-gratuita\/","title":{"rendered":"[AGENDA PE] Carnaval da diversidade na Maumau, nesta sexta, com entrada gratuita"},"content":{"rendered":"<p><img decoding=\"async\" loading=\"lazy\" class=\"aligncenter size-full wp-image-28004\" alt=\"carnaval_maumau\" src=\"http:\/\/portalfloresnoar.com\/floresnoar\/wp-content\/uploads\/2017\/02\/carnaval_maumau.jpg\" width=\"591\" height=\"827\" srcset=\"https:\/\/portalfloresnoar.com\/floresnoar\/wp-content\/uploads\/2017\/02\/carnaval_maumau.jpg 591w, https:\/\/portalfloresnoar.com\/floresnoar\/wp-content\/uploads\/2017\/02\/carnaval_maumau-214x300.jpg 214w\" sizes=\"(max-width: 591px) 100vw, 591px\" \/><\/p>\n<p><span style=\"letter-spacing: 0em;\">Nesta sexta-feira, dia 10 de fevereiro, a Maumau realiza o Carnaval da diversidade, com o tema &#8216; Cabe\u00e7as v\u00e3o rolar&#8217;, promovendo a espontaneidade numa festa gratuita com muita arte e cultura aberta ao p\u00fablico.<\/span><\/p>\n<p>Na ocasi\u00e3o haver\u00e1 o I Concurso de Fantasia da Maumau. O concurso, pensado por artistas visuais do espa\u00e7o, tem inscri\u00e7\u00f5es abertas e sem nenhum custo para o participante. Conta ainda com uma mesa de jurados composta por pessoas ilustres da sociedade pernambucana e atuantes no meio art\u00edstico da cidade. S\u00e3o elas: Iza do Amparo, Fernando Peres, Thales Junqueira, Joana D\u2019Arc e Brenda Basante. Como premia\u00e7\u00e3o, o vencedor ou vencedora, leva para casa um kit de pe\u00e7as exclusivas elaborado pela Gr\u00e1fica Lenta + uma deliciosa cacha\u00e7a de Jambu.<\/p>\n<p>Para deixar o desfile ainda mais acirrado, teremos um eclipse lunar penumbral. Segundo Sabrina Carvalho, \u201co eclipse traz momentos de mudan\u00e7as, de movimenta\u00e7\u00e3o. Com a lua cheia no auge da lua em Le\u00e3o, indica tamb\u00e9m que estamos mais abertos a mostrar os sentimentos, queremos receber mais aten\u00e7\u00e3o tamb\u00e9m com essa lua, e, de repente, no auge da lua se amostrando enquanto Le\u00e3o, aparece o planeta Terra e tira a purpurina da lua por alguns minutos&#8230;durante o eclipse estaremos \u2018amostrados\u2019 e exatamente no meio, entre a lua e o sol, impedindo que um veja o outro por alguns instantes, em que n\u00f3s estamos fechando e arrasando!\u201d ;)<\/p>\n<p>Nesta mesma noite ser\u00e1 reaberta a Lojinha da Maumau. A lojinha conta com a colabora\u00e7\u00e3o da produtora Clarice Hoffman e traz como &#8216;carro chefe&#8217; a cole\u00e7\u00e3o carnavalesca &#8216;Imp\u00e9rio das Goivas&#8217;, produzida tamb\u00e9m pela Gr\u00e1fica Lenta. Vestidos, capas, camisetas, bolsas, shorts etc. Al\u00e9m de outros artistas, o estilista Beto Normal apresenta novas pe\u00e7as e comanda o Bloco Eu t\u00f4 Normal Maumau, bloco este que a Maumau \u2018adotou\u2019 de amigos e parceiros (Fred Nascimento, Ta\u00edna Ver\u00edssimo, Julia Monteiro, Beatriz Melo, entre outros).<\/p>\n<p>No som, os DJs Koblitz e Isabela Stampanoni v\u00e3o segurar a pista de dan\u00e7a em que se transforma o quintal.<\/p>\n<p>SERVI\u00c7O<br \/>\n<strong>Carnaval da Maumau \u2018Cabe\u00e7as v\u00e3o Rolar\u2019:<\/strong><br \/>\n<em>Concurso de Fantasia + Lan\u00e7amento da cole\u00e7\u00e3o carnavalesca da Gr\u00e1fica Lenta: Imp\u00e9rio da Goivas + pe\u00e7as do estilista Beto Normal + Pr\u00e9via do Bloco Eu t\u00f4 Normal Maumau<\/em><br \/>\n<strong>Data:<\/strong> Sexta feira 10\/02<br \/>\n<strong>Hora:<\/strong> 20h<br \/>\n<strong>Local:<\/strong> Maumau \u2013 Rua Nicar\u00e1gua, 173, Espinheiro, Recife\/PE<\/p>\n<p><strong>Evento no Facebook:\u00a0<\/strong><a href=\"https:\/\/www.facebook.com\/events\/257391291358354\/\" target=\"_blank\">https:\/\/www.facebook.com\/events\/257391291358354\/<\/a><\/p>\n<p><strong>Hor\u00e1rio lojinha da Maumau p\u00f3s abertura:<\/strong> 13 a 23 de fevereiro de 2017, das 16h \u00e0s 20h<\/p>\n<p><strong>Mais informa\u00e7\u00f5es:<\/strong>\u00a0(81) 98661.7559<\/p>\n<p>&nbsp;<\/p>\n","protected":false},"excerpt":{"rendered":"<p>Nesta sexta-feira, dia 10 de fevereiro, a Maumau realiza o Carnaval da diversidade, com o tema &#8216; Cabe\u00e7as v\u00e3o rolar&#8217;, promovendo a espontaneidade numa festa gratuita com muita arte e cultura aberta ao p\u00fablico. Na ocasi\u00e3o haver\u00e1 o I Concurso de Fantasia da Maumau. O concurso, pensado por artistas visuais do espa\u00e7o, tem inscri\u00e7\u00f5es abertas [&hellip;]<\/p>\n","protected":false},"author":1,"featured_media":28006,"comment_status":"open","ping_status":"open","sticky":false,"template":"","format":"standard","meta":{"om_disable_all_campaigns":false,"_monsterinsights_skip_tracking":false,"_monsterinsights_sitenote_active":false,"_monsterinsights_sitenote_note":"","_monsterinsights_sitenote_category":0,"footnotes":""},"categories":[8,214],"tags":[108,295,383],"acf":[],"publishpress_future_action":{"enabled":false,"date":"1969-12-31 21:00:00","action":"","terms":[],"taxonomy":"","browser_timezone_offset":0},"_links":{"self":[{"href":"https:\/\/portalfloresnoar.com\/floresnoar\/wp-json\/wp\/v2\/posts\/28002"}],"collection":[{"href":"https:\/\/portalfloresnoar.com\/floresnoar\/wp-json\/wp\/v2\/posts"}],"about":[{"href":"https:\/\/portalfloresnoar.com\/floresnoar\/wp-json\/wp\/v2\/types\/post"}],"author":[{"embeddable":true,"href":"https:\/\/portalfloresnoar.com\/floresnoar\/wp-json\/wp\/v2\/users\/1"}],"replies":[{"embeddable":true,"href":"https:\/\/portalfloresnoar.com\/floresnoar\/wp-json\/wp\/v2\/comments?post=28002"}],"version-history":[{"count":0,"href":"https:\/\/portalfloresnoar.com\/floresnoar\/wp-json\/wp\/v2\/posts\/28002\/revisions"}],"wp:featuredmedia":[{"embeddable":true,"href":"https:\/\/portalfloresnoar.com\/floresnoar\/wp-json\/wp\/v2\/media\/28006"}],"wp:attachment":[{"href":"https:\/\/portalfloresnoar.com\/floresnoar\/wp-json\/wp\/v2\/media?parent=28002"}],"wp:term":[{"taxonomy":"category","embeddable":true,"href":"https:\/\/portalfloresnoar.com\/floresnoar\/wp-json\/wp\/v2\/categories?post=28002"},{"taxonomy":"post_tag","embeddable":true,"href":"https:\/\/portalfloresnoar.com\/floresnoar\/wp-json\/wp\/v2\/tags?post=28002"}],"curies":[{"name":"wp","href":"https:\/\/api.w.org\/{rel}","templated":true}]}}