

{"id":27931,"date":"2017-01-02T11:48:26","date_gmt":"2017-01-02T14:48:26","guid":{"rendered":"http:\/\/portalfloresnoar.com\/floresnoar\/?p=27931"},"modified":"2017-02-11T12:15:36","modified_gmt":"2017-02-11T15:15:36","slug":"agenda-pe-oficina-de-revelacao-fotografica-no-sol-dia-112-no-mamam","status":"publish","type":"post","link":"https:\/\/portalfloresnoar.com\/floresnoar\/agenda-pe-oficina-de-revelacao-fotografica-no-sol-dia-112-no-mamam\/","title":{"rendered":"[AGENDA PE] Oficina de Revela\u00e7\u00e3o Fotogr\u00e1fica no Sol, dia 11\/2, no Mamam"},"content":{"rendered":"<p><img decoding=\"async\" loading=\"lazy\" class=\"aligncenter size-full wp-image-27932\" alt=\"revelacao fotografica no sol\" src=\"http:\/\/portalfloresnoar.com\/floresnoar\/wp-content\/uploads\/2017\/02\/revelacao-fotografica-no-sol.jpg\" width=\"700\" height=\"756\" srcset=\"https:\/\/portalfloresnoar.com\/floresnoar\/wp-content\/uploads\/2017\/02\/revelacao-fotografica-no-sol.jpg 700w, https:\/\/portalfloresnoar.com\/floresnoar\/wp-content\/uploads\/2017\/02\/revelacao-fotografica-no-sol-277x300.jpg 277w\" sizes=\"(max-width: 700px) 100vw, 700px\" \/><\/p>\n<p>Com o aprimoramento das t\u00e9cnicas e materiais fotogr\u00e1ficos, tanto a t\u00e9cnica de revela\u00e7\u00e3o quanto o suporte foram substitu\u00eddos pela pel\u00edcula de celulose, e hoje pelas fotografias digitais e por m\u00e1quinas impressoras. Devido a essa substitui\u00e7\u00e3o tecnol\u00f3gica e \u00e0 pasteuriza\u00e7\u00e3o das imagens contempor\u00e2neas, fot\u00f3grafos e amantes das imagens t\u00eam explorado as possibilidades pl\u00e1sticas que podem ser obtidas atrav\u00e9s de outros materiais, suportes e t\u00e9cnicas, fazendo o caminho inverso e resgatando antigas t\u00e9cnicas de revela\u00e7\u00e3o, e possibilidades criativas de forma\u00e7\u00e3o da imagem. Por nostalgia, ou reinven\u00e7\u00e3o, muitas aplica\u00e7\u00f5es recentes tem sido feitas.<\/p>\n<p>A Oficina de Revela\u00e7\u00e3o Fotogr\u00e1fica \u00a0trata-se de um laborat\u00f3rio experimental porque os alunos ir\u00e3o testar as possibilidades da t\u00e9cnica Goma Bicromatada. &#8220;Adaptamos a t\u00e9cnica e os materiais para que o processo se tornasse mais simples e acess\u00edvel para qualquer pessoa&#8221;, explica Kelly Saura, facilitadora da oficina.<\/p>\n<p>Os participantes ir\u00e3o aprender os princ\u00edpios da f\u00f3rmula e da t\u00e9cnica, para que possam adapt\u00e1-la ao contexto dos seus trabalhos. &#8220;Iremos preparar a emuls\u00e3o, testar e preparar diversos pigmentos; preparar o negativo e fazer testes de revela\u00e7\u00e3o em diversos suportes como vidro, cer\u00e2mica, pedra. Cada aluno ir\u00e1 fazer suas pr\u00f3prias pe\u00e7as, levando-as no final da oficina.&#8221; O curso inclui os materiais e apostila com o passo-a-passo, e outras informa\u00e7\u00f5es de refer\u00eancia.<\/p>\n<p>A oficina \u00e9 ministrada pela artista Kelly Saura, que desenvolve pesquisas de processos de forma\u00e7\u00e3o de imagem. Para conhecer mais sobre a pesquisa de revela\u00e7\u00e3o no vidro:<a href=\"http:\/\/ facebook.com\/fotosobrevidro\" target=\"_blank\">\u00a0facebook.com\/fotosobrevidro<\/a><\/p>\n<p>Para conferir a ementa da oficina<a href=\"https:\/\/blogmamam.files.wordpress.com\/2017\/01\/ementa_revelac3a7c3a3o.pdf\" target=\"_blank\"> CLIQUE AQUI<\/a>.<\/p>\n<p><strong>Oficina de Revela\u00e7\u00e3o Fotogr\u00e1fica no Sol (Goma Bicromatada)<\/strong><br \/>\n<strong>Data:<\/strong> 11 de fevereiro de 2017<br \/>\n<strong>Hor\u00e1rio<\/strong>: de 10h \u00e0s 16h<br \/>\n<strong>Local:<\/strong> MAMAM &#8211; Museu de Arte Moderna Alo\u00edsio Magalh\u00e3es &#8211; R. da Aurora, 265 &#8211; Boa Vista, Recife &#8211; PE<\/p>\n<p><strong>Inscri\u00e7\u00f5es:<\/strong>\u00a0educativo@mamam.art.br<\/p>\n<p>SERVI\u00c7O<br \/>\n<strong>Contato:<\/strong><br \/>\neducativo@mamam.art.br<br \/>\n(81) 3355-6870<\/p>\n","protected":false},"excerpt":{"rendered":"<p>Com o aprimoramento das t\u00e9cnicas e materiais fotogr\u00e1ficos, tanto a t\u00e9cnica de revela\u00e7\u00e3o quanto o suporte foram substitu\u00eddos pela pel\u00edcula de celulose, e hoje pelas fotografias digitais e por m\u00e1quinas impressoras. Devido a essa substitui\u00e7\u00e3o tecnol\u00f3gica e \u00e0 pasteuriza\u00e7\u00e3o das imagens contempor\u00e2neas, fot\u00f3grafos e amantes das imagens t\u00eam explorado as possibilidades pl\u00e1sticas que podem ser [&hellip;]<\/p>\n","protected":false},"author":1,"featured_media":27933,"comment_status":"open","ping_status":"open","sticky":false,"template":"","format":"standard","meta":{"om_disable_all_campaigns":false,"_monsterinsights_skip_tracking":false,"_monsterinsights_sitenote_active":false,"_monsterinsights_sitenote_note":"","_monsterinsights_sitenote_category":0,"footnotes":""},"categories":[8,214],"tags":[47,328],"acf":[],"publishpress_future_action":{"enabled":false,"date":"1969-12-31 21:00:00","action":"","terms":[],"taxonomy":"","browser_timezone_offset":0},"_links":{"self":[{"href":"https:\/\/portalfloresnoar.com\/floresnoar\/wp-json\/wp\/v2\/posts\/27931"}],"collection":[{"href":"https:\/\/portalfloresnoar.com\/floresnoar\/wp-json\/wp\/v2\/posts"}],"about":[{"href":"https:\/\/portalfloresnoar.com\/floresnoar\/wp-json\/wp\/v2\/types\/post"}],"author":[{"embeddable":true,"href":"https:\/\/portalfloresnoar.com\/floresnoar\/wp-json\/wp\/v2\/users\/1"}],"replies":[{"embeddable":true,"href":"https:\/\/portalfloresnoar.com\/floresnoar\/wp-json\/wp\/v2\/comments?post=27931"}],"version-history":[{"count":0,"href":"https:\/\/portalfloresnoar.com\/floresnoar\/wp-json\/wp\/v2\/posts\/27931\/revisions"}],"wp:featuredmedia":[{"embeddable":true,"href":"https:\/\/portalfloresnoar.com\/floresnoar\/wp-json\/wp\/v2\/media\/27933"}],"wp:attachment":[{"href":"https:\/\/portalfloresnoar.com\/floresnoar\/wp-json\/wp\/v2\/media?parent=27931"}],"wp:term":[{"taxonomy":"category","embeddable":true,"href":"https:\/\/portalfloresnoar.com\/floresnoar\/wp-json\/wp\/v2\/categories?post=27931"},{"taxonomy":"post_tag","embeddable":true,"href":"https:\/\/portalfloresnoar.com\/floresnoar\/wp-json\/wp\/v2\/tags?post=27931"}],"curies":[{"name":"wp","href":"https:\/\/api.w.org\/{rel}","templated":true}]}}