

{"id":27869,"date":"2017-01-03T06:49:26","date_gmt":"2017-01-03T09:49:26","guid":{"rendered":"http:\/\/portalfloresnoar.com\/floresnoar\/?p=27869"},"modified":"2017-02-04T13:06:01","modified_gmt":"2017-02-04T16:06:01","slug":"agenda-pe-feira-do-desapego-fantasias-e-acessorios-neste-sabado-na-feira-agroecologica-de-setubal","status":"publish","type":"post","link":"https:\/\/portalfloresnoar.com\/floresnoar\/agenda-pe-feira-do-desapego-fantasias-e-acessorios-neste-sabado-na-feira-agroecologica-de-setubal\/","title":{"rendered":"[AGENDA PE] &#8216;Feira do Desapego \u2013 Fantasias e Acess\u00f3rios&#8217; neste s\u00e1bado na Feira Agroecol\u00f3gica de Set\u00fabal"},"content":{"rendered":"<p style=\"text-align: center;\"><img decoding=\"async\" loading=\"lazy\" class=\"wp-image-27871 aligncenter\" alt=\"feira desapego setubal\" src=\"http:\/\/portalfloresnoar.com\/floresnoar\/wp-content\/uploads\/2017\/01\/feira-desapego-setubal.jpg\" width=\"560\" height=\"560\" srcset=\"https:\/\/portalfloresnoar.com\/floresnoar\/wp-content\/uploads\/2017\/01\/feira-desapego-setubal.jpg 700w, https:\/\/portalfloresnoar.com\/floresnoar\/wp-content\/uploads\/2017\/01\/feira-desapego-setubal-150x150.jpg 150w, https:\/\/portalfloresnoar.com\/floresnoar\/wp-content\/uploads\/2017\/01\/feira-desapego-setubal-300x300.jpg 300w, https:\/\/portalfloresnoar.com\/floresnoar\/wp-content\/uploads\/2017\/01\/feira-desapego-setubal-100x100.jpg 100w\" sizes=\"(max-width: 560px) 100vw, 560px\" \/><\/p>\n<p>No pr\u00f3ximo s\u00e1bado, das 8h \u00e0s 10h, a Feira Agroecol\u00f3gica de Set\u00fabal entra no clima de Carnaval, com a &#8216;Feira do Desapego \u2013 Fantasias e Acess\u00f3rios&#8217;. A ideia \u00e9 o utilizar o espa\u00e7o p\u00fablico para incentivar a rela\u00e7\u00e3o de partilha entre os vizinhos, atrav\u00e9s da troca e customiza\u00e7\u00e3o de fantasias, camisetas, m\u00e1scaras e outros adere\u00e7os. Haver\u00e1 tamb\u00e9m a Oficina \u201cAlimenta\u00e7\u00e3o Natural pra aguentar o Carnaval\u201d.<\/p>\n<p>O objetivo do evento \u00e9 formar e fortalecer la\u00e7os entre os moradores do bairro e entorno, atrav\u00e9s de a\u00e7\u00f5es sustent\u00e1veis. \u201cAo trocarmos nossas fantasias e adere\u00e7os, minimizamos a necessidade de produ\u00e7\u00e3o de mais fantasias, que iriam requerer mais mat\u00e9ria-prima extra\u00edda do ambiente\u201d, declaram os organizadores, ressaltando que esta \u00e9 uma iniciativa totalmente sem fins lucrativos, voltada para a retomada das rela\u00e7\u00f5es de solidariedade entre vizinh@s, geralmente consideradas uma pr\u00e1tica do passado.<\/p>\n<p>Al\u00e9m das trocas de fantasias e adere\u00e7os, no local tamb\u00e9m ser\u00e1 promovida uma <strong>Oficina de Customiza\u00e7\u00e3o<\/strong>, onde os moradores poder\u00e3o colocar a m\u00e3o na massa para (re)decorar camisas e fantasias. Quem tiver interesse em participar, pode colaborar levando alguns materiais, como: cola de tecido ou silicone, tesoura, lantejoula, fitas, pedrarias, linhas, agulhas, tintas de tecido, pinc\u00e9is, al\u00e9m das camisas (lisas ou de blocos) e fantasias. Quem puder, \u00e9 bom levar tamb\u00e9m cabides e pegadores de roupa para expor as fantasias.<\/p>\n<p>As pe\u00e7as que n\u00e3o forem trocadas e as pessoas quiserem deixar para doa\u00e7\u00e3o, a organiza\u00e7\u00e3o distribuir\u00e1 entre as entidades sociais das comunidades do bairro.<\/p>\n<p>A <strong>Oficina \u201cAlimenta\u00e7\u00e3o Natural pra aguentar o Carnaval\u201d<\/strong> ser\u00e1 facilitada por Adriano Prana e Luciana Brites, do Espa\u00e7o Prana Artes &amp; Terapias (Curitiba\/PR). No card\u00e1pio, torta viva e barrinha de cereais, utilizando tamb\u00e9m alimentos da pr\u00f3pria feira. A oficina tem in\u00edcio \u00e0s 7h30.<\/p>\n<p><strong>Feira Agroecol\u00f3gica de Set\u00fabal<\/strong><\/p>\n<p>A Feira Agroecol\u00f3gica de Set\u00fabal acontece todo s\u00e1bado, das 7h \u00e0s 10h30, localizada no Canal do Rio Jord\u00e3o, atr\u00e1s da Escola Americana do Recife, em Set\u00fabal. No local s\u00e3o comercializadas hortali\u00e7as e frutas org\u00e2nicas e diversos produtos naturais, como p\u00e3es, bolos, sandu\u00edches, mel, sucos e fitoter\u00e1picos.<\/p>\n<p>A feira \u00e9 realizada pela Associa\u00e7\u00e3o Agroflorestal Terra &amp; Vida, Agroflor, Amarftsa, Mocot\u00f3, Acampamento Chico Mendes e Coletivo Set\u00fabal, e conta com o apoio da Universidade Federal Rural de Pernambuco (UFRPE) e Portal Flores no Ar.<\/p>\n<p>\u201cA Agroecologia se preocupa n\u00e3o s\u00f3 com os alimentos saud\u00e1veis para o consumidor, mas com um sistema de produ\u00e7\u00e3o mais saud\u00e1vel, que preza por pr\u00e1ticas de base ecol\u00f3gica, que n\u00e3o se utiliza de agrot\u00f3xicos e procura trabalhar em conjunto com a natureza, garantindo sa\u00fade a todos os envolvidos no processo\u201d, declara Amadeu Petroni, da Associa\u00e7\u00e3o Agroflorestal Terra &amp; Vida.<\/p>\n<p><strong>Sorteio<\/strong> \u2013 Os consumidores que levam suas pr\u00f3prias sacolas \u00e0 feira recebem cupons das barracas para participarem mensalmente do sorteio de uma cesta de alimentos. O sorteio \u00e9 realizado todo \u00faltimo s\u00e1bado do m\u00eas. A ideia \u00e9 incentivar o uso de sacolas retorn\u00e1veis, evitando o uso das sacolas pl\u00e1sticas.<\/p>\n<p><strong>Evento no Facebook:<\/strong>\u00a0<a href=\"https:\/\/www.facebook.com\/events\/1780906215564633\/\" target=\"_blank\">https:\/\/www.facebook.com\/events\/1780906215564633\/<\/a><\/p>\n<p><strong>P\u00e1gina no Facebook:<\/strong>\u00a0<a href=\"https:\/\/www.facebook.com\/feirasetubal\" target=\"_blank\">https:\/\/www.facebook.com\/feirasetubal<\/a><\/p>\n<p><em>Confira a localiza\u00e7\u00e3o da Feira Agroecol\u00f3gica de Set\u00fabal:<\/em><\/p>\n<p><img decoding=\"async\" loading=\"lazy\" alt=\"mapa feira 2\" src=\"http:\/\/portalfloresnoar.com\/floresnoar\/wp-content\/uploads\/2016\/06\/mapa-feira-2.jpg\" width=\"742\" height=\"580\" \/><\/p>\n","protected":false},"excerpt":{"rendered":"<p>No pr\u00f3ximo s\u00e1bado, das 8h \u00e0s 10h, a Feira Agroecol\u00f3gica de Set\u00fabal entra no clima de Carnaval, com a &#8216;Feira do Desapego \u2013 Fantasias e Acess\u00f3rios&#8217;. A ideia \u00e9 o utilizar o espa\u00e7o p\u00fablico para incentivar a rela\u00e7\u00e3o de partilha entre os vizinhos, atrav\u00e9s da troca e customiza\u00e7\u00e3o de fantasias, camisetas, m\u00e1scaras e outros adere\u00e7os. [&hellip;]<\/p>\n","protected":false},"author":1,"featured_media":27872,"comment_status":"open","ping_status":"open","sticky":false,"template":"","format":"standard","meta":{"om_disable_all_campaigns":false,"_monsterinsights_skip_tracking":false,"_monsterinsights_sitenote_active":false,"_monsterinsights_sitenote_note":"","_monsterinsights_sitenote_category":0,"footnotes":""},"categories":[8,214],"tags":[108,295],"acf":[],"publishpress_future_action":{"enabled":false,"date":"1969-12-31 21:00:00","action":"","terms":[],"taxonomy":"","browser_timezone_offset":0},"_links":{"self":[{"href":"https:\/\/portalfloresnoar.com\/floresnoar\/wp-json\/wp\/v2\/posts\/27869"}],"collection":[{"href":"https:\/\/portalfloresnoar.com\/floresnoar\/wp-json\/wp\/v2\/posts"}],"about":[{"href":"https:\/\/portalfloresnoar.com\/floresnoar\/wp-json\/wp\/v2\/types\/post"}],"author":[{"embeddable":true,"href":"https:\/\/portalfloresnoar.com\/floresnoar\/wp-json\/wp\/v2\/users\/1"}],"replies":[{"embeddable":true,"href":"https:\/\/portalfloresnoar.com\/floresnoar\/wp-json\/wp\/v2\/comments?post=27869"}],"version-history":[{"count":0,"href":"https:\/\/portalfloresnoar.com\/floresnoar\/wp-json\/wp\/v2\/posts\/27869\/revisions"}],"wp:featuredmedia":[{"embeddable":true,"href":"https:\/\/portalfloresnoar.com\/floresnoar\/wp-json\/wp\/v2\/media\/27872"}],"wp:attachment":[{"href":"https:\/\/portalfloresnoar.com\/floresnoar\/wp-json\/wp\/v2\/media?parent=27869"}],"wp:term":[{"taxonomy":"category","embeddable":true,"href":"https:\/\/portalfloresnoar.com\/floresnoar\/wp-json\/wp\/v2\/categories?post=27869"},{"taxonomy":"post_tag","embeddable":true,"href":"https:\/\/portalfloresnoar.com\/floresnoar\/wp-json\/wp\/v2\/tags?post=27869"}],"curies":[{"name":"wp","href":"https:\/\/api.w.org\/{rel}","templated":true}]}}