

{"id":27839,"date":"2017-02-11T12:22:23","date_gmt":"2017-02-11T15:22:23","guid":{"rendered":"http:\/\/portalfloresnoar.com\/floresnoar\/?p=27839"},"modified":"2017-03-08T21:02:00","modified_gmt":"2017-03-09T00:02:00","slug":"meditacao-arteterapia-reiki-musicoterapia-quiropraxia-e-tratamentos-naturopatico-e-osteopatico-serao-oferecidos-pelo-sus","status":"publish","type":"post","link":"https:\/\/portalfloresnoar.com\/floresnoar\/meditacao-arteterapia-reiki-musicoterapia-quiropraxia-e-tratamentos-naturopatico-e-osteopatico-serao-oferecidos-pelo-sus\/","title":{"rendered":"Medita\u00e7\u00e3o, Arteterapia, Reiki, Musicoterapia, Quiropraxia e tratamentos naturop\u00e1ticos e osteop\u00e1ticos ser\u00e3o oferecidos pelo SUS"},"content":{"rendered":"<figure id=\"attachment_27840\" aria-describedby=\"caption-attachment-27840\" style=\"width: 720px\" class=\"wp-caption aligncenter\"><img decoding=\"async\" loading=\"lazy\" class=\"size-full wp-image-27840\" alt=\"foto festival contato_licenca creative commons\" src=\"http:\/\/portalfloresnoar.com\/floresnoar\/wp-content\/uploads\/2017\/01\/foto-festival-contato_licenca-creative-commons.jpg\" width=\"720\" height=\"443\" srcset=\"https:\/\/portalfloresnoar.com\/floresnoar\/wp-content\/uploads\/2017\/01\/foto-festival-contato_licenca-creative-commons.jpg 720w, https:\/\/portalfloresnoar.com\/floresnoar\/wp-content\/uploads\/2017\/01\/foto-festival-contato_licenca-creative-commons-300x184.jpg 300w\" sizes=\"(max-width: 720px) 100vw, 720px\" \/><figcaption id=\"caption-attachment-27840\" class=\"wp-caption-text\">Foto: Festival Contato (licen\u00e7a Creative Commons)<\/figcaption><\/figure>\n<pre>Da Reda\u00e7\u00e3o Flores no Ar\r\n(Com informa\u00e7\u00f5es da <a href=\"http:\/\/agenciabrasil.ebc.com.br\/\" target=\"_blank\">EBC\/Ag\u00eancia Brasil<\/a>)<\/pre>\n<p>Medita\u00e7\u00e3o, Arteterapia, Reiki, Musicoterapia, Tratamento Naturop\u00e1tico, Tratamento Osteop\u00e1tico e Quiropraxia passam a ser oferecidos pelo SUS, segundo portaria do Minist\u00e9rio da Sa\u00fade publicada no Di\u00e1rio Oficial da Uni\u00e3o, em 13\/1\/2017.\u00a0Por meio da Pol\u00edtica Nacional de Pr\u00e1ticas Integrativas e Complementares, o Minist\u00e9rio da Sa\u00fade reconhece oficialmente a import\u00e2ncia dessas pr\u00e1ticas integrativas para harmonia vital do ser humano.<\/p>\n<p>Elas passam agora a fazer parte da Tabela de Procedimentos do SUS na categoria &#8216;a\u00e7\u00f5es de promo\u00e7\u00e3o e preven\u00e7\u00e3o em sa\u00fade&#8217;. Os servi\u00e7os ser\u00e3o oferecidos por iniciativa local, mas recebem financiamento do Minist\u00e9rio da Sa\u00fade por meio do Piso de Aten\u00e7\u00e3o B\u00e1sica (PAB) de cada munic\u00edpio.<\/p>\n<p>De acordo com o diretor do Departamento de Aten\u00e7\u00e3o B\u00e1sica do Minist\u00e9rio da Sa\u00fade, Allan Nuno, a medida ser\u00e1 \u00fatil para o desenvolvimento de programas para forma\u00e7\u00e3o de trabalhadores e investimentos nessas \u00e1reas.<\/p>\n<p>\u201cO que a gente est\u00e1 colocando \u00e9 a possibilidade de realiza\u00e7\u00e3o e registro no sistema de informa\u00e7\u00e3o do minist\u00e9rio para reconhecer formalmente esse tipo de procedimento no SUS e monitorar as a\u00e7\u00f5es, a partir disso, vamos conseguir inclusive desenvolver a\u00e7\u00f5es de forma\u00e7\u00e3o dos trabalhadores\u201d, disse Nuno.<\/p>\n<p>O SUS j\u00e1 inclu\u00eda algumas op\u00e7\u00f5es de pr\u00e1ticas integrativas como ioga, massoterapia, dan\u00e7a circular, pr\u00e1ticas corporais em medicina tradicional chinesa, terapia comunit\u00e1ria, auriculoterapia, e tratamento termal. Esses procedimentos continuam dispon\u00edveis.<\/p>\n<p>\u201cHistoricamente, a gente focou muito no m\u00e9dico e na alopatia. A gente tem essa cultura, sentiu qualquer coisa procura o m\u00e9dico e ele passa um rem\u00e9dio. Mas existem outras terapias reconhecidas pela ci\u00eancia, que diminuem sofrimento e melhoram as condi\u00e7\u00f5es de sa\u00fade. A gente n\u00e3o privilegiava tanto essas alternativas e passamos agora a privilegiar mais\u201d.<\/p>\n<p><em>Saiba mais sobre estes tipos de terapia:<\/em><\/p>\n<p><strong>Medita\u00e7\u00e3o<\/strong><br \/>\nA palavra \u201cmedita\u00e7\u00e3o\u201d vem do latim \u201cmeditatum\u201d, que significa ponderar. Trata-se da pr\u00e1tica de concentra\u00e7\u00e3o mental com o objetivo de harmonizar o estado de sa\u00fade.<\/p>\n<p><strong>Arteterapia<\/strong><br \/>\nFaz uso da arte como parte do processo terap\u00eautico.<\/p>\n<p><em>Saiba mais:<\/em><br \/>\n<span style=\"text-decoration: underline;\"><a href=\"http:\/\/portalfloresnoar.com\/floresnoar\/o-que-e-arteterapia\/\" target=\"_blank\">O que \u00e9 Arteterapia?<\/a><\/span><\/p>\n<p><span style=\"text-decoration: underline;\"><a href=\" http:\/\/portalfloresnoar.com\/floresnoar\/a-arteterapia-e-uma-busca-pelo-criativo-que-existe-em-todos-nos-confira-entrevista-sobre-arteterapia\/\" target=\"_blank\">\u2018A Arteterapia \u00e9 uma busca pelo criativo que existe em todos n\u00f3s\u2019. Confira entrevista sobre Arteterapia!<\/a><\/span><\/p>\n<p><strong>Reiki<\/strong><br \/>\nA t\u00e9cnica japonesa se baseia na pr\u00e1tica de imposi\u00e7\u00e3o das m\u00e3os por meio de toque ou aproxima\u00e7\u00e3o para estimular mecanismos naturais de recupera\u00e7\u00e3o da sa\u00fade.<\/p>\n<p>De acordo com o Instituto Brasileiro de Pesquisas e Difus\u00e3o do Reiki, o m\u00e9todo \u00e9 um sistema natural de harmoniza\u00e7\u00e3o e reposi\u00e7\u00e3o energ\u00e9tica que mant\u00e9m ou recupera a sa\u00fade. \u00c9 um m\u00e9todo de redu\u00e7\u00e3o de estresse, captando, modificando e potencializando energia.<\/p>\n<p>Reiki \u00e9 uma palavra japonesa que identifica o Sistema Usui de Terapia Natural (Usui Reiki Ryoho), nome dado em homenagem ao seu descobridor, Mikao Usui. Rei significa universal e refere-se ao aspecto espiritual, \u00e0 Ess\u00eancia Energ\u00e9tica C\u00f3smica que permeia todas as coisas e circunda tudo quanto existe. Ki \u00e9 a energia vital individual que flui em todos os organismos vivos e os mant\u00e9m.<\/p>\n<p><strong>Musicoterapia<\/strong><br \/>\nUsa a m\u00fasica e seus elementos como terapia, o som, ritmo, melodia e harmonia.<\/p>\n<p><strong>Tratamento naturop\u00e1tico<\/strong><br \/>\n\u00c9 o uso de recursos naturais para recupera\u00e7\u00e3o da sa\u00fade. A naturopatia encara a doen\u00e7a como um processo: a preven\u00e7\u00e3o, o combate das causas das doen\u00e7as e a estimula\u00e7\u00e3o da inerente capacidade de cura do organismo. O m\u00e9todo valoriza a integra\u00e7\u00e3o das \u00e1reas da sa\u00fade, as terapias naturais, como tamb\u00e9m a inata &#8220;sabedoria&#8221; do corpo humano, determinada pelos genes e a evolu\u00e7\u00e3o da esp\u00e9cie, para auxiliar no restabelecimento da sa\u00fade.<\/p>\n<p><strong>Tratamento osteop\u00e1tico<\/strong><br \/>\n\u00c9 uma terapia manual para problemas articulares e de tecidos. A Osteopatia \u00e9 fundamentada no exame cl\u00ednico, atrav\u00e9s da anatomia, fisiologia e semiologia. Essa t\u00e9cnica \u00e9 indicada para altera\u00e7\u00f5es dolorosas no sistema musculoesquel\u00e9tico, como \u00e9 o caso das lombalgias, cervicalgias, h\u00e9rnias de disco, dores de cabe\u00e7a e nas articula\u00e7\u00f5es, altera\u00e7\u00f5es de sensibilidade e limita\u00e7\u00f5es articulares.<\/p>\n<p><strong>Tratamento quiropr\u00e1tico<\/strong><br \/>\n\u00c9 a pr\u00e1tica de diagn\u00f3stico e terapia manipulativa contra problemas do sistema neuro-m\u00fasculo-esquel\u00e9tico. O objetivo do m\u00e9todo \u00e9 avaliar, identificar e corrigir as subluxa\u00e7\u00f5es vertebrais e os maus funcionamentos articulares, que podem causar irregularidades no mecanismo da coluna e na fun\u00e7\u00e3o neurol\u00f3gica. Em vez de prescrever medica\u00e7\u00e3o, o profissional de quiropr\u00e1tica busca o funcionamento correto da mec\u00e2nica do corpo e a nutri\u00e7\u00e3o adequada. O objetivo \u00e9 corrigir a causa do problema e n\u00e3o os sintomas.<\/p>\n","protected":false},"excerpt":{"rendered":"<p>Da Reda\u00e7\u00e3o Flores no Ar (Com informa\u00e7\u00f5es da EBC\/Ag\u00eancia Brasil) Medita\u00e7\u00e3o, Arteterapia, Reiki, Musicoterapia, Tratamento Naturop\u00e1tico, Tratamento Osteop\u00e1tico e Quiropraxia passam a ser oferecidos pelo SUS, segundo portaria do Minist\u00e9rio da Sa\u00fade publicada no Di\u00e1rio Oficial da Uni\u00e3o, em 13\/1\/2017.\u00a0Por meio da Pol\u00edtica Nacional de Pr\u00e1ticas Integrativas e Complementares, o Minist\u00e9rio da Sa\u00fade reconhece oficialmente [&hellip;]<\/p>\n","protected":false},"author":1,"featured_media":27840,"comment_status":"open","ping_status":"open","sticky":false,"template":"","format":"standard","meta":{"om_disable_all_campaigns":false,"_monsterinsights_skip_tracking":false,"_monsterinsights_sitenote_active":false,"_monsterinsights_sitenote_note":"","_monsterinsights_sitenote_category":0,"footnotes":""},"categories":[9],"tags":[34,43,408,410,308,409,37],"acf":[],"publishpress_future_action":{"enabled":false,"date":"1969-12-31 21:00:00","action":"","terms":[],"taxonomy":"","browser_timezone_offset":0},"_links":{"self":[{"href":"https:\/\/portalfloresnoar.com\/floresnoar\/wp-json\/wp\/v2\/posts\/27839"}],"collection":[{"href":"https:\/\/portalfloresnoar.com\/floresnoar\/wp-json\/wp\/v2\/posts"}],"about":[{"href":"https:\/\/portalfloresnoar.com\/floresnoar\/wp-json\/wp\/v2\/types\/post"}],"author":[{"embeddable":true,"href":"https:\/\/portalfloresnoar.com\/floresnoar\/wp-json\/wp\/v2\/users\/1"}],"replies":[{"embeddable":true,"href":"https:\/\/portalfloresnoar.com\/floresnoar\/wp-json\/wp\/v2\/comments?post=27839"}],"version-history":[{"count":0,"href":"https:\/\/portalfloresnoar.com\/floresnoar\/wp-json\/wp\/v2\/posts\/27839\/revisions"}],"wp:featuredmedia":[{"embeddable":true,"href":"https:\/\/portalfloresnoar.com\/floresnoar\/wp-json\/wp\/v2\/media\/27840"}],"wp:attachment":[{"href":"https:\/\/portalfloresnoar.com\/floresnoar\/wp-json\/wp\/v2\/media?parent=27839"}],"wp:term":[{"taxonomy":"category","embeddable":true,"href":"https:\/\/portalfloresnoar.com\/floresnoar\/wp-json\/wp\/v2\/categories?post=27839"},{"taxonomy":"post_tag","embeddable":true,"href":"https:\/\/portalfloresnoar.com\/floresnoar\/wp-json\/wp\/v2\/tags?post=27839"}],"curies":[{"name":"wp","href":"https:\/\/api.w.org\/{rel}","templated":true}]}}