

{"id":27835,"date":"2017-01-07T10:36:49","date_gmt":"2017-01-07T13:36:49","guid":{"rendered":"http:\/\/portalfloresnoar.com\/floresnoar\/?p=27835"},"modified":"2017-02-12T13:39:54","modified_gmt":"2017-02-12T16:39:54","slug":"agenda-pe-palestra-alimentacao-e-espiritualidade-dia-112-no-parque-da-jaqueira","status":"publish","type":"post","link":"https:\/\/portalfloresnoar.com\/floresnoar\/agenda-pe-palestra-alimentacao-e-espiritualidade-dia-112-no-parque-da-jaqueira\/","title":{"rendered":"[AGENDA PE] Palestra &#8216;Alimenta\u00e7\u00e3o e Espiritualidade&#8217; dia 11\/2 no Parque da Jaqueira"},"content":{"rendered":"<p><img decoding=\"async\" loading=\"lazy\" class=\"aligncenter size-full wp-image-27836\" alt=\"alimentacao e espiritualidade\" src=\"http:\/\/portalfloresnoar.com\/floresnoar\/wp-content\/uploads\/2017\/01\/alimentacao-e-espiritualidade.jpg\" width=\"700\" height=\"525\" srcset=\"https:\/\/portalfloresnoar.com\/floresnoar\/wp-content\/uploads\/2017\/01\/alimentacao-e-espiritualidade.jpg 700w, https:\/\/portalfloresnoar.com\/floresnoar\/wp-content\/uploads\/2017\/01\/alimentacao-e-espiritualidade-300x225.jpg 300w, https:\/\/portalfloresnoar.com\/floresnoar\/wp-content\/uploads\/2017\/01\/alimentacao-e-espiritualidade-160x120.jpg 160w\" sizes=\"(max-width: 700px) 100vw, 700px\" \/><\/p>\n<p>Os terapeutas Hol\u00edsticos Adriano Michalovicz e Luciana Brites estar\u00e3o no Recife em fevereiro, onde realizam algumas atividades, entre elas a palestra &#8216;Alimenta\u00e7\u00e3o e Espiritualidade&#8217; <strong>dia 11\/2<\/strong>, das <strong>9h \u00e0s 12h<\/strong>, no <strong>Parque da Jaqueira <\/strong>(ao lado da igrejinha). A contribui\u00e7\u00e3o para participar \u00e9 volunt\u00e1ria!<\/p>\n<p>Pensamento, sentimento e\/ou a\u00e7\u00e3o, tem consequ\u00eancias em todos os n\u00edveis de nosso Ser. Desde a antiguidade mais remota, todos os povos e tradi\u00e7\u00f5es espirituais sempre trataram das quest\u00f5es relacionadas \u00e0 alimenta\u00e7\u00e3o, como parte t\u00e3o vital quanto qualquer outra pr\u00e1tica. Longos jejuns, abstin\u00eancia de certos alimentos, eram pr\u00e1ticas comuns para profetas, monges, santos, entre outros. Tais conhecimentos tamb\u00e9m eram partes dos ensinamentos b\u00e1sicos transmitidos aos iniciados e buscadores do caminho Espiritual, e estavam muitas vezes nas bases religiosas e morais de civiliza\u00e7\u00f5es inteiras.<\/p>\n<p>Porque hoje em dia tal aspecto do Ser \u00e9 ignorado? Como pode tal ato (alimenta\u00e7\u00e3o), que praticamos diariamente, que tanto causa desequil\u00edbrios e mortes, ser negligenciado pelo aspirante do caminho espiritual?\u00a0Estas s\u00e3o algumas perguntas e quest\u00f5es que ser\u00e3o refletidas no encontro.<\/p>\n<p>FACILITADORES<br \/>\n<strong>Adriano Michalovicz<\/strong> &#8211; Musicoterapeuta, Naturopata, Terapeuta Hol\u00edstico, Facilitador de palestras e cursos de \u201cAlimenta\u00e7\u00e3o Natural\u201d desde 2005. Fundador do Espa\u00e7o Prana Artes &amp; Terapias em Curitiba\/PR, que tem como objetivo difundir conhecimentos que proporcionem uma vida mais saud\u00e1vel e harmoniosa para as pessoas, animais e o Planeta.<\/p>\n<p><strong>Luciana Brites<\/strong> &#8211; Instrutora de Yoga (formada com Laura Packer). Graduada em Terapia Ocupacional (UFPR). Terapeuta Hol\u00edstica, Facilitadora de palestras e cursos de \u201cAlimenta\u00e7\u00e3o Natural\u201d. Realiza oficinas relacionadas a artesanato e autoconhecimento. Coordena junto a Adriano o Espa\u00e7o Prana Artes &amp; terapias.<\/p>\n","protected":false},"excerpt":{"rendered":"<p>Os terapeutas Hol\u00edsticos Adriano Michalovicz e Luciana Brites estar\u00e3o no Recife em fevereiro, onde realizam algumas atividades, entre elas a palestra &#8216;Alimenta\u00e7\u00e3o e Espiritualidade&#8217; dia 11\/2, das 9h \u00e0s 12h, no Parque da Jaqueira (ao lado da igrejinha). A contribui\u00e7\u00e3o para participar \u00e9 volunt\u00e1ria! Pensamento, sentimento e\/ou a\u00e7\u00e3o, tem consequ\u00eancias em todos os n\u00edveis de [&hellip;]<\/p>\n","protected":false},"author":1,"featured_media":27837,"comment_status":"open","ping_status":"open","sticky":false,"template":"","format":"standard","meta":{"om_disable_all_campaigns":false,"_monsterinsights_skip_tracking":false,"_monsterinsights_sitenote_active":false,"_monsterinsights_sitenote_note":"","_monsterinsights_sitenote_category":0,"footnotes":""},"categories":[8,214],"tags":[50,305],"acf":[],"publishpress_future_action":{"enabled":false,"date":"1969-12-31 21:00:00","action":"","terms":[],"taxonomy":"","browser_timezone_offset":0},"_links":{"self":[{"href":"https:\/\/portalfloresnoar.com\/floresnoar\/wp-json\/wp\/v2\/posts\/27835"}],"collection":[{"href":"https:\/\/portalfloresnoar.com\/floresnoar\/wp-json\/wp\/v2\/posts"}],"about":[{"href":"https:\/\/portalfloresnoar.com\/floresnoar\/wp-json\/wp\/v2\/types\/post"}],"author":[{"embeddable":true,"href":"https:\/\/portalfloresnoar.com\/floresnoar\/wp-json\/wp\/v2\/users\/1"}],"replies":[{"embeddable":true,"href":"https:\/\/portalfloresnoar.com\/floresnoar\/wp-json\/wp\/v2\/comments?post=27835"}],"version-history":[{"count":0,"href":"https:\/\/portalfloresnoar.com\/floresnoar\/wp-json\/wp\/v2\/posts\/27835\/revisions"}],"wp:featuredmedia":[{"embeddable":true,"href":"https:\/\/portalfloresnoar.com\/floresnoar\/wp-json\/wp\/v2\/media\/27837"}],"wp:attachment":[{"href":"https:\/\/portalfloresnoar.com\/floresnoar\/wp-json\/wp\/v2\/media?parent=27835"}],"wp:term":[{"taxonomy":"category","embeddable":true,"href":"https:\/\/portalfloresnoar.com\/floresnoar\/wp-json\/wp\/v2\/categories?post=27835"},{"taxonomy":"post_tag","embeddable":true,"href":"https:\/\/portalfloresnoar.com\/floresnoar\/wp-json\/wp\/v2\/tags?post=27835"}],"curies":[{"name":"wp","href":"https:\/\/api.w.org\/{rel}","templated":true}]}}