

{"id":27813,"date":"2017-01-02T09:41:23","date_gmt":"2017-01-02T12:41:23","guid":{"rendered":"http:\/\/portalfloresnoar.com\/floresnoar\/?p=27813"},"modified":"2017-01-27T12:36:06","modified_gmt":"2017-01-27T15:36:06","slug":"agenda-pe-bate-papo-sobre-terapias-naturais-nas-organizacoes-com-carlos-silvan-dia-261-no-luminaris","status":"publish","type":"post","link":"https:\/\/portalfloresnoar.com\/floresnoar\/agenda-pe-bate-papo-sobre-terapias-naturais-nas-organizacoes-com-carlos-silvan-dia-261-no-luminaris\/","title":{"rendered":"[AGENDA PE] Bate-papo sobre Terapias Naturais nas Organiza\u00e7\u00f5es com Carlos Silvan dia 26\/1 no Luminaris"},"content":{"rendered":"<p><img decoding=\"async\" loading=\"lazy\" class=\"aligncenter size-full wp-image-27814\" alt=\"carlos silvan\" src=\"http:\/\/portalfloresnoar.com\/floresnoar\/wp-content\/uploads\/2017\/01\/carlos-silvan.jpg\" width=\"700\" height=\"560\" srcset=\"https:\/\/portalfloresnoar.com\/floresnoar\/wp-content\/uploads\/2017\/01\/carlos-silvan.jpg 700w, https:\/\/portalfloresnoar.com\/floresnoar\/wp-content\/uploads\/2017\/01\/carlos-silvan-300x240.jpg 300w\" sizes=\"(max-width: 700px) 100vw, 700px\" \/><\/p>\n<p><span style=\"letter-spacing: 0em;\">&#8216;Terapias Naturais nas Organiza\u00e7\u00f5es&#8217; \u00e9 o tema do bate-papo que o professor, terapeuta e consultor Carlos Silvan realiza nesta quinta-feira (26\/1), \u00a0das <\/span><span style=\"letter-spacing: 0em;\">19 \u00e0s 21h, <\/span><span style=\"letter-spacing: 0em;\">no Luminaris, no Recife. A contribui\u00e7\u00e3o para participar \u00e9 volunt\u00e1ria!<\/span><\/p>\n<p>O encontro tem o objetivo de produzir reflex\u00f5es sobre a import\u00e2ncia das terapias naturais nas organiza\u00e7\u00f5es para promover o bem-estar das pessoas (lideres gestores, trabalhadores, colaboradores, etc.). Di\u00e1logo, troca de experi\u00eancias, exposi\u00e7\u00e3o de pensamento pelo facilitador e sistematiza\u00e7\u00e3o das ideias s\u00e3o estrat\u00e9gias usadas nesse processo. Tamb\u00e9m haver\u00e1 viv\u00eancias e pr\u00e1ticas de medita\u00e7\u00e3o, uso de \u00f3leos essenciais, florais de Saint Germain e Automassagem.<\/p>\n<p>O bate-papo \u00e9 destinado aos gestores (e gestoras), trabalhadores (as), estudantes, colaboradores e pessoas interessadas no tema, e que desejam transformar as suas pr\u00e1ticas e melhorar a qualidade de vida, aplicando o ide\u00e1rio de organiza\u00e7\u00f5es sist\u00eamicas, sustent\u00e1veis e saud\u00e1veis.<\/p>\n<p><strong>Local:<\/strong> Espa\u00e7o Luminaris &#8211; Rua Jac\u00f3 Velosino, 101, Casa Forte, Recife-PE (pr\u00f3ximo \u00e0 Pra\u00e7a de Casa Forte). Fone:\u00a0(81) 3031-1134.<\/p>\n<p><strong>Informa\u00e7\u00f5es e inscri\u00e7\u00f5es:<\/strong><br \/>\n(61) 981034874<br \/>\n(81) 3031-1134<\/p>\n","protected":false},"excerpt":{"rendered":"<p>&#8216;Terapias Naturais nas Organiza\u00e7\u00f5es&#8217; \u00e9 o tema do bate-papo que o professor, terapeuta e consultor Carlos Silvan realiza nesta quinta-feira (26\/1), \u00a0das 19 \u00e0s 21h, no Luminaris, no Recife. A contribui\u00e7\u00e3o para participar \u00e9 volunt\u00e1ria! O encontro tem o objetivo de produzir reflex\u00f5es sobre a import\u00e2ncia das terapias naturais nas organiza\u00e7\u00f5es para promover o bem-estar [&hellip;]<\/p>\n","protected":false},"author":1,"featured_media":27815,"comment_status":"open","ping_status":"open","sticky":false,"template":"","format":"standard","meta":{"om_disable_all_campaigns":false,"_monsterinsights_skip_tracking":false,"_monsterinsights_sitenote_active":false,"_monsterinsights_sitenote_note":"","_monsterinsights_sitenote_category":0,"footnotes":""},"categories":[8,214],"tags":[305],"acf":[],"publishpress_future_action":{"enabled":false,"date":"1969-12-31 21:00:00","action":"","terms":[],"taxonomy":"","browser_timezone_offset":0},"_links":{"self":[{"href":"https:\/\/portalfloresnoar.com\/floresnoar\/wp-json\/wp\/v2\/posts\/27813"}],"collection":[{"href":"https:\/\/portalfloresnoar.com\/floresnoar\/wp-json\/wp\/v2\/posts"}],"about":[{"href":"https:\/\/portalfloresnoar.com\/floresnoar\/wp-json\/wp\/v2\/types\/post"}],"author":[{"embeddable":true,"href":"https:\/\/portalfloresnoar.com\/floresnoar\/wp-json\/wp\/v2\/users\/1"}],"replies":[{"embeddable":true,"href":"https:\/\/portalfloresnoar.com\/floresnoar\/wp-json\/wp\/v2\/comments?post=27813"}],"version-history":[{"count":0,"href":"https:\/\/portalfloresnoar.com\/floresnoar\/wp-json\/wp\/v2\/posts\/27813\/revisions"}],"wp:featuredmedia":[{"embeddable":true,"href":"https:\/\/portalfloresnoar.com\/floresnoar\/wp-json\/wp\/v2\/media\/27815"}],"wp:attachment":[{"href":"https:\/\/portalfloresnoar.com\/floresnoar\/wp-json\/wp\/v2\/media?parent=27813"}],"wp:term":[{"taxonomy":"category","embeddable":true,"href":"https:\/\/portalfloresnoar.com\/floresnoar\/wp-json\/wp\/v2\/categories?post=27813"},{"taxonomy":"post_tag","embeddable":true,"href":"https:\/\/portalfloresnoar.com\/floresnoar\/wp-json\/wp\/v2\/tags?post=27813"}],"curies":[{"name":"wp","href":"https:\/\/api.w.org\/{rel}","templated":true}]}}