

{"id":27797,"date":"2023-11-20T05:59:13","date_gmt":"2023-11-20T08:59:13","guid":{"rendered":"http:\/\/portalfloresnoar.com\/floresnoar\/?p=27797"},"modified":"2023-11-20T20:38:25","modified_gmt":"2023-11-20T23:38:25","slug":"o-que-e-constelacao-familiar-sistemica","status":"publish","type":"post","link":"https:\/\/portalfloresnoar.com\/floresnoar\/o-que-e-constelacao-familiar-sistemica\/","title":{"rendered":"Entrevista com Ana da Fonte sobre Constela\u00e7\u00e3o Familiar Sist\u00eamica"},"content":{"rendered":"<pre>Por Kelly Ba\u00eata<\/pre>\n<p><em>(entrevista realizada em janeiro\/2017)<\/em><\/p>\n<p><em><strong>O m\u00e9todo da Constela\u00e7\u00e3o Familiar Sist\u00eamica \u00e9 uma abordagem psicoterap\u00eautica inovadora criada h\u00e1 30 anos pelo alem\u00e3o Bert Hellinger. O m\u00e9todo resgata o tema da ancestralidade para trabalhar a cura de pessoas nos diversos sistemas. O Portal Flores no Ar<span style=\"letter-spacing: 0em;\"> entrevistou Ana da Fonte, do Instituto de Pr\u00e1ticas Sist\u00eamicas do Brasil. De acordo com Ana, nos \u00faltimos anos, o m\u00e9todo de Hellinger est\u00e1 presente em v\u00e1rios pa\u00edses, inclusive no Brasil. \u00a0A Constela\u00e7\u00e3o Familiar Sist\u00eamica\u00a0\u00e9 baseada na vis\u00e3o sist\u00eamica fenomenol\u00f3gica e evidencia a nossa interconex\u00e3o com tudo o que \u00e9 vivo no planeta.<\/span><\/strong><\/em><\/p>\n<figure id=\"attachment_27826\" aria-describedby=\"caption-attachment-27826\" style=\"width: 434px\" class=\"wp-caption alignleft\"><img decoding=\"async\" loading=\"lazy\" class=\" wp-image-27826 \" src=\"http:\/\/portalfloresnoar.com\/floresnoar\/wp-content\/uploads\/2017\/01\/ana-da-fonte-livro.jpg\" alt=\"ana da fonte livro\" width=\"434\" height=\"308\" srcset=\"https:\/\/portalfloresnoar.com\/floresnoar\/wp-content\/uploads\/2017\/01\/ana-da-fonte-livro.jpg 724w, https:\/\/portalfloresnoar.com\/floresnoar\/wp-content\/uploads\/2017\/01\/ana-da-fonte-livro-300x212.jpg 300w\" sizes=\"(max-width: 434px) 100vw, 434px\" \/><figcaption id=\"caption-attachment-27826\" class=\"wp-caption-text\">Ana da Fonte. Foto: Renata Sabino<\/figcaption><\/figure>\n<p><strong>O que faz a Constela\u00e7\u00e3o Familiar Sist\u00eamica?<\/strong><br \/>\nO m\u00e9todo promove a identifica\u00e7\u00e3o das ordens do amor, colocando em evid\u00eancia os profundos la\u00e7os que unem a pessoa \u00e0 sua fam\u00edlia, sendo inclu\u00eddas aqui as gera\u00e7\u00f5es anteriores. Esses la\u00e7os s\u00e3o t\u00e3o poderosos que quando membros de uma gera\u00e7\u00e3o desaparecem, deixando pend\u00eancias com seu sistema, ocorre de membros de gera\u00e7\u00f5es posteriores passarem a sentir uma for\u00e7a invis\u00edvel atuando sobre eles e s\u00e3o compelidos a encontrar uma solu\u00e7\u00e3o para aquelas pend\u00eancias, para n\u00e3o permanecerem prisioneiros de acontecimentos, que n\u00e3o s\u00e3o de fato respons\u00e1veis. Podemos perceber estes fatos nos comportamentos estranhos de indiv\u00edduos que, de repente, aparecem com sintomas de tristeza ou depress\u00e3o e que n\u00e3o conseguem encontrar uma raz\u00e3o espec\u00edfica para isso. Tamb\u00e9m \u00e9 comum em pessoas com c\u00e2ncer, artrose e outras doen\u00e7as cujos sintomas parecem ser herdados de gera\u00e7\u00f5es anteriores da fam\u00edlia. Quando se identifica o reflexo do acontecido com antepassados em nossa vida, podemos olhar para as solu\u00e7\u00f5es que nos tornam livres para cumprir o pr\u00f3prio destino.<\/p>\n<p><strong>A partir de sua experi\u00eancia, de que forma a Constela\u00e7\u00e3o Familiar Sist\u00eamica contribui para melhorar a vida das pessoas?<\/strong><br \/>\nN\u00f3s somos 50% nosso pai e 50% nossa m\u00e3e. Se olharmos para o nosso passado, nossos pais tamb\u00e9m s\u00e3o 50% pai e m\u00e3e e montando a \u00e1rvore geneal\u00f3gica de cada um, vemos que o fen\u00f4meno da corresponsabilidade da ancestralidade vai penetrando a cultura e a hist\u00f3ria. Podemos representar o fato como uma grande colcha de retalhos, com interfer\u00eancias positivas e negativas de todos os nossos antepassados. Esta interfer\u00eancia pode trazer-nos prazer e bem-estar, no caso positiva, mas pode trazer-nos muitos sintomas corporais, emocionais e ps\u00edquicos negativos, no caso do amor ter sido interrompido, negado ou silenciado em algum momento anterior. Carregamos todas essas informa\u00e7\u00f5es em nossa mem\u00f3ria celular e por isso nos sentimos tentados a repetir situa\u00e7\u00f5es desfavor\u00e1veis que aconteceram no passado. Saber que o que entendemos por dor \u00e9 um profundo amor ainda inconsciente ou uma lealdade ao nosso sistema familiar, nos d\u00e1 possibilidade de tomarmos consci\u00eancia de como atua nossa parte neste Todo e assim nos libertarmos das pris\u00f5es que nos colocaram, ainda no in\u00edcio de nossa vida. Quando crian\u00e7a, precisamos do calor e cuidados dos adultos, e assim fomos impulsionados a acolher ensinamentos de medo dos adultos, que nos ajudaram a estarmos vivos hoje. Mas esta imagem fica cristalizada em nosso corpo e qualquer movimento novo nos d\u00e1 medo porque parece que iremos morrer. Com isso, naturalmente, deixamos estas imagens infantis e liberamo-nos para o momento presente, contando com toda for\u00e7a e sabedoria de nossos ancestrais.<\/p>\n<p><strong>O que acontece quando curamos esses sistemas?<\/strong><br \/>\nNesta explica\u00e7\u00e3o vemos na pr\u00e1tica pessoas aprisionadas por uma ideia, uma maneira aprendida de relacionar-se e, aos poucos, ela vai ampliando seu campo de vis\u00e3o para detalhes e maneiras de amor que nunca havia tocado. Nesta compreens\u00e3o de uma parte mudar, todo o sistema muda. Darei um exemplo para clarear o efeito do m\u00e9todo. Muitos dos conflitos existentes na fam\u00edlia \u00e9 uma maneira de ajudar o outro a acordar para a vida. Muitas vezes, apesar de estar no corpo f\u00edsico, escolhemos a morte e destruir a n\u00f3s mesmos. Ent\u00e3o, compreendemos que uma parte, ou membro do sistema, escolhe morrer ou viver morto-vivo e a outra parte do sistema vai gerar conflitos, dar trabalho para que o outro apegue-se \u00e0 vida. Temos muitos casos como este, e muitas vezes queremos &#8216;curar&#8217; o que expressa mais &#8216;problemas&#8217;, mas quem dever\u00edamos olhar realmente, o que cria &#8220;problemas&#8221; ou o que quer morrer em vida? Neste exemplo, entendemos a fun\u00e7\u00e3o do amor na intensifica\u00e7\u00e3o da dor. As crian\u00e7as s\u00e3o as maiores v\u00edtimas desses processos e elas ser\u00e3o os futuros adultos. Muitas vezes os pais querem &#8216;curar&#8217; seus filhos, sem olhar sua responsabilidade sobre o sintoma. As crian\u00e7as saem facilmente dos seus lugares para preencher demandas interrompidas dos pais, porque elas est\u00e3o puras de amor. S\u00e3o capazes de virar assassinas, s\u00f3 para reconhecer seu pai assassino, podem tornar-se alco\u00f3latras para honrar aquele pai que se sentia pequeno, entregam seu corpo para ajudar a m\u00e3e com aquele homem agressivo.<\/p>\n<p><strong>Como \u00e9 realizado o m\u00e9todo?<\/strong><br \/>\nO m\u00e9todo ajuda-nos a trazer as imagens internas de nossa fam\u00edlia, o que est\u00e1 oculto em rela\u00e7\u00e3o ao passado &#8211; vivos e mortos &#8211; e que est\u00e1 inconsciente. \u00c9 poss\u00edvel constatar que atr\u00e1s de atitudes que julgamos &#8216;mau&#8217;, existe tamb\u00e9m o Amor. E atrav\u00e9s de mudan\u00e7as dessas imagens o constelado vai introduzindo novas possibilidades, novas vis\u00f5es do acontecido. Assim, o mesmo amor que \u00e9 capaz de criar sofrimento, \u00e9 o mesmo que traz consigo a sabedoria da solu\u00e7\u00e3o \u2013 desde que venha a tornar-se consciente para a pessoa &#8211; , como observamos na configura\u00e7\u00e3o de uma constela\u00e7\u00e3o familiar. Este m\u00e9todo une a todos quando percorre a linha do tempo e do espa\u00e7o, mostrando que todos os emaranhados que julgamos do passado est\u00e3o acontecendo aqui e agora, est\u00e3o acontecendo dentro de cada um de n\u00f3s, sendo nosso futuro, tamb\u00e9m, a experi\u00eancia do que est\u00e1 dentro de n\u00f3s aqui e agora. Ent\u00e3o, com esta vis\u00e3o ampliada do sistema familiar, podemos mudar para algo mais pleno e prazeroso a nossa percep\u00e7\u00e3o do futuro.<\/p>\n<p><strong>Fale-nos um pouco do autor do m\u00e9todo.<\/strong><br \/>\nBert Hellinger, nascido em 1925, participou como soldado alem\u00e3o da Segunda Guerra Mundial, vivendo por meses em campo de prisioneiros na B\u00e9lgica. Ingressou na Ordem de Mission\u00e1rios Cat\u00f3lica e, com isso, viveu na \u00c1frica por um bom tempo. Foi trabalhando com os zulus que percebeu que a harmonia familiar pode trazer alegria, amor e liberdade aos seus membros, e quando este fato n\u00e3o acontece naturalmente a comunidade de destino apresentava sintomas de sofrimento. Fil\u00f3sofo, te\u00f3logo e pedagogo alem\u00e3o, Hellinger estudou psican\u00e1lise e conheceu as terapias sist\u00eamicas que estavam em um movimento bem forte nos Estados Unidos. H\u00e1 mais de 30 anos, iniciou seus workshops e atrav\u00e9s da experi\u00eancia pr\u00e1tica foi identificando que uma grande parte de nossos conflitos internos s\u00e3o sentimentos adotados de ancestrais. Atualmente, este m\u00e9todo est\u00e1 em todos os continentes, liberando as dores de um tempo de guerras, racionalidade excessiva e utilitarismo exacerbado e faz-nos recordar que somos Um em toda liga\u00e7\u00e3o com tudo o que est\u00e1 vivo.<\/p>\n<p><strong>Como voc\u00ea chegou a ser terapeuta do m\u00e9todo da constela\u00e7\u00e3o?<\/strong><br \/>\nDesde cedo uma busca natural sobre a verdade de quem realmente eu sou tomava-me. Neste movimento, encontrei muitos m\u00e9todos preciosos em minha vida, mas foi num encontro com um mestre oriental, o Osho, em 1989, que pude tocar em ra\u00edzes muito profundas do meu Ser e respirar um pouco da minha verdade. Neste momento, vivenciei processos terap\u00eauticos buscando reencontrar fragmentos dispersos. Em 1997, foi me apresentada a constela\u00e7\u00e3o e logo me identifiquei com a forma amorosa de encontrarmos nosso verdadeiro lugar de honra nesta vida, uma oportunidade de reconhecer fragmentos deixados pelas heran\u00e7as familiares. A constela\u00e7\u00e3o tamb\u00e9m me encontrava e pude compreender, em experi\u00eancia, muitas das palavras do mestre que iluminou a minha vida em consci\u00eancia. A partir desta data, levei o m\u00e9todo para as organiza\u00e7\u00f5es e vi seus resultados imediatos. Busquei novas maneiras de aprofundar-me realizando forma\u00e7\u00f5es na \u00e9poca que este m\u00e9todo n\u00e3o existia em grandes treinamentos, e, a partir da\u00ed, iniciei a jornada dos atendimentos em fam\u00edlia, at\u00e9 que preencheu toda a minha vida profissional e tive que me afastar das organiza\u00e7\u00f5es. Muitas experi\u00eancias precisei realizar comigo para entender o m\u00e9todo e, antes de tudo, como juntar tamb\u00e9m meus fragmentos pessoais e profissionais. Posteriormente, realizei forma\u00e7\u00f5es com profissionais que acompanharam o Bert Hellinger por toda sua caminhada de descoberta do m\u00e9todo e ainda tive oportunidade de compartilhar experi\u00eancias em um treinamento avan\u00e7ado com o pr\u00f3prio Bert Hellinger que foi realizado no Brasil em 2008 e 2009.<\/p>\n<p><strong>Quais temas podem ser constelados?<\/strong><br \/>\nA proposta deste trabalho \u00e9 exercitarmos o fechamento de alguns pontos que foram interrompidos nos sistemas de conviv\u00eancia de uma maneira geral, seja trabalho, fam\u00edlia, educa\u00e7\u00e3o, ecologia, restaura\u00e7\u00e3o da paz, ciclo de conviv\u00eancia, sa\u00fade, prosperidade etc. Ele identifica o reflexo do acontecido de sofrimentos passados, em nosso momento atual. Sendo assim, pode ser aplicado em v\u00e1rias tem\u00e1ticas que nos tiram do movimento da vida natural, ou seja: da nossa prosperidade, harmonia e amor. Este m\u00e9todo esclarece fatos, segredos, conflitos e ressentimentos que migraram atrav\u00e9s de gera\u00e7\u00f5es e desconectam-nos do fluxo da vida. Nesta compreens\u00e3o, de lealdade ao acontecido, podemos repetir padr\u00f5es de sofrimento, doen\u00e7as, fatalidades, como tamb\u00e9m dificuldades de relacionamentos, trabalho, que nos impede de viver nossa natureza essencial.<\/p>\n<p>Para conhecer o m\u00e9todo da Constela\u00e7\u00e3o Familiar Sist\u00eamica, voc\u00ea pode entrar em contato com a terapeuta Ana da Fonte, atrav\u00e9s do perfil do Instagram: <a href=\"https:\/\/www.instagram.com\/anadafonte_\/\" target=\"_blank\" rel=\"noopener\">@anadafonte_\u00a0<\/a><\/p>\n<p><strong>Ana da Fonte<\/strong> atende em consult\u00f3rio, grupos abertos, coordena a forma\u00e7\u00e3o Internacional pelo Institut Lanshut da Alemanha e promove o curso do m\u00e9todo para profissionais de v\u00e1rias \u00e1reas de atua\u00e7\u00e3o. Lan\u00e7ou \u201cO Tao das Constela\u00e7\u00f5es\u201d &#8211; o livro onde a autora estreia como escritora e re\u00fane os aprendizados das suas experi\u00eancias como consteladora sist\u00eamica, nesses mais de 20 anos de viv\u00eancias nos diversos sistemas.<\/p>\n","protected":false},"excerpt":{"rendered":"<p>Por Kelly Ba\u00eata (entrevista realizada em janeiro\/2017) O m\u00e9todo da Constela\u00e7\u00e3o Familiar Sist\u00eamica \u00e9 uma abordagem psicoterap\u00eautica inovadora criada h\u00e1 30 anos pelo alem\u00e3o Bert Hellinger. O m\u00e9todo resgata o tema da ancestralidade para trabalhar a cura de pessoas nos diversos sistemas. O Portal Flores no Ar entrevistou Ana da Fonte, do Instituto de Pr\u00e1ticas [&hellip;]<\/p>\n","protected":false},"author":300,"featured_media":27826,"comment_status":"open","ping_status":"open","sticky":false,"template":"","format":"standard","meta":{"om_disable_all_campaigns":false,"_monsterinsights_skip_tracking":false,"_monsterinsights_sitenote_active":false,"_monsterinsights_sitenote_note":"","_monsterinsights_sitenote_category":0,"footnotes":""},"categories":[11],"tags":[403,404,151,302,389,531,155],"acf":[],"publishpress_future_action":{"enabled":false,"date":"1969-12-31 21:00:00","action":"","terms":[],"taxonomy":"","browser_timezone_offset":0},"_links":{"self":[{"href":"https:\/\/portalfloresnoar.com\/floresnoar\/wp-json\/wp\/v2\/posts\/27797"}],"collection":[{"href":"https:\/\/portalfloresnoar.com\/floresnoar\/wp-json\/wp\/v2\/posts"}],"about":[{"href":"https:\/\/portalfloresnoar.com\/floresnoar\/wp-json\/wp\/v2\/types\/post"}],"author":[{"embeddable":true,"href":"https:\/\/portalfloresnoar.com\/floresnoar\/wp-json\/wp\/v2\/users\/300"}],"replies":[{"embeddable":true,"href":"https:\/\/portalfloresnoar.com\/floresnoar\/wp-json\/wp\/v2\/comments?post=27797"}],"version-history":[{"count":1,"href":"https:\/\/portalfloresnoar.com\/floresnoar\/wp-json\/wp\/v2\/posts\/27797\/revisions"}],"predecessor-version":[{"id":44470,"href":"https:\/\/portalfloresnoar.com\/floresnoar\/wp-json\/wp\/v2\/posts\/27797\/revisions\/44470"}],"wp:featuredmedia":[{"embeddable":true,"href":"https:\/\/portalfloresnoar.com\/floresnoar\/wp-json\/wp\/v2\/media\/27826"}],"wp:attachment":[{"href":"https:\/\/portalfloresnoar.com\/floresnoar\/wp-json\/wp\/v2\/media?parent=27797"}],"wp:term":[{"taxonomy":"category","embeddable":true,"href":"https:\/\/portalfloresnoar.com\/floresnoar\/wp-json\/wp\/v2\/categories?post=27797"},{"taxonomy":"post_tag","embeddable":true,"href":"https:\/\/portalfloresnoar.com\/floresnoar\/wp-json\/wp\/v2\/tags?post=27797"}],"curies":[{"name":"wp","href":"https:\/\/api.w.org\/{rel}","templated":true}]}}