

{"id":27784,"date":"2017-01-04T09:28:30","date_gmt":"2017-01-04T12:28:30","guid":{"rendered":"http:\/\/portalfloresnoar.com\/floresnoar\/?p=27784"},"modified":"2017-02-02T09:33:02","modified_gmt":"2017-02-02T12:33:02","slug":"agenda-pe-grupo-de-autoconhecimento-com-constelacao-familiar-tem-inicio-no-dia-1o-de-fevereiro","status":"publish","type":"post","link":"https:\/\/portalfloresnoar.com\/floresnoar\/agenda-pe-grupo-de-autoconhecimento-com-constelacao-familiar-tem-inicio-no-dia-1o-de-fevereiro\/","title":{"rendered":"[AGENDA PE] Grupo de Autoconhecimento com Constela\u00e7\u00e3o Familiar tem in\u00edcio no dia 1\u00ba de fevereiro"},"content":{"rendered":"<p><img decoding=\"async\" loading=\"lazy\" class=\"aligncenter size-full wp-image-27785\" alt=\"GRUPO AUTOCONHECIMENTO CONSTELACAO FAMILIAR\" src=\"http:\/\/portalfloresnoar.com\/floresnoar\/wp-content\/uploads\/2017\/01\/GRUPO-AUTOCONHECIMENTO-CONSTELACAO-FAMILIAR.jpg\" width=\"700\" height=\"990\" srcset=\"https:\/\/portalfloresnoar.com\/floresnoar\/wp-content\/uploads\/2017\/01\/GRUPO-AUTOCONHECIMENTO-CONSTELACAO-FAMILIAR.jpg 700w, https:\/\/portalfloresnoar.com\/floresnoar\/wp-content\/uploads\/2017\/01\/GRUPO-AUTOCONHECIMENTO-CONSTELACAO-FAMILIAR-212x300.jpg 212w\" sizes=\"(max-width: 700px) 100vw, 700px\" \/><\/p>\n<p>Est\u00e3o abertas as inscri\u00e7\u00f5es para o Grupo de Autoconhecimento com Constela\u00e7\u00e3o Familiar, com a terapeuta Carla de Paula Campos. Os encontros ser\u00e3o realizados em quatro quartas-feiras, das 18h30 \u00e0s 21h30, a partir do dia 1\u00ba de fevereiro de 2017.<\/p>\n<p>O Grupo de Autoconhecimento utilizando Constela\u00e7\u00e3o Familiar \u00e9 uma oportunidade de conhecer mais de perto este poderoso m\u00e9todo terap\u00eautico. A atividade se d\u00e1 atrav\u00e9s de grupos menores, nos quais ser\u00e3o feitos pequenos exerc\u00edcios de constela\u00e7\u00e3o para que a\/o participante possa sentir a pr\u00f3pria energia de acordo com o tema de cada encontro. &#8220;S\u00e3o exerc\u00edcios simples que nos proporcionam a tomada de consci\u00eancia para um olhar diferente sobre nossa pr\u00f3pria vida&#8221;, declara a terapeuta.<\/p>\n<p>&#8220;Bert Hellinger, o criador da constela\u00e7\u00e3o familiar sist\u00eamica, afirma que, apesar de todos os &#8216;emaranhados&#8217; que herdamos da nossa fam\u00edlia, nossa alma sabe o caminho para um melhor lugar. A constela\u00e7\u00e3o serve para olharmos para esse novo caminho, sobretudo, trazendo no cora\u00e7\u00e3o a nossa for\u00e7a ancestral. \u00c9 um trabalho profundo e amoroso.&#8221;<\/p>\n<p><strong>1\u00ba Encontro: 01\/02<\/strong><br \/>\nA Consci\u00eancia do Eu, do grupo, da alma<br \/>\n\u2022 Ancestralidade<br \/>\n\u2022 O dom da vida<\/p>\n<p><strong>2\u00ba Encontro: 08\/02<\/strong><br \/>\nDar e receber, somos seres sociais<br \/>\n\u2022 O equil\u00edbrio nas rela\u00e7\u00f5es<br \/>\n\u2022 O dom da ajuda<\/p>\n<p><strong>3\u00ba Encontro: 15\/02<\/strong><br \/>\nRelacionamentos \u00edntimos<br \/>\n\u2022 Amor, Sexualidade, Sensualidade<br \/>\n\u2022 Masculino e Feminino<\/p>\n<p><strong>4\u00ba Encontro: 22\/02<\/strong><br \/>\nO caminho, as oportunidades, a prosperidade<br \/>\n\u2022 O livre caminhar<br \/>\n\u2022 Expans\u00e3o\/retraimento dos planos<br \/>\n\u2022 A prosperidade<\/p>\n<p><strong>Data:<\/strong> Quartas (dias 1, 8 , 15 e 22 de fevereiro)<br \/>\n<strong>Hora:<\/strong> 18h30 \u00e0s 21h30<br \/>\n<strong>Investimento:<\/strong> R$ 80,00<br \/>\n<strong>Facilitadora:<\/strong> Carla de Paula Campos (Forma\u00e7\u00e3o: Instituto Constelar\/PE)<br \/>\n<strong>Local:<\/strong> sConstTear &#8211; Rua Nicar\u00e1gua, 85, sala 2d2, Espinheiro, Recife (na rua do \u201cMedical\u201d da Agamenon Magalh\u00e3es)<\/p>\n<p>INFORMA\u00c7\u00d5ES\/INSCRI\u00c7\u00d5ES<br \/>\n<strong>E-mail:<\/strong> carladepaulacampos@gmail.com<br \/>\n<strong>Fone:<\/strong> 9.9655-0212 (Tim e Whatsapp)<br \/>\n<strong>Facebook:<\/strong> <a href=\"https:\/\/www.facebook.com\/CSX-Sconsttear-1066800696729898\/?fref=ts\" target=\"_blank\">https:\/\/www.facebook.com\/CSX-Sconsttear-1066800696729898\/?fref=ts<\/a><\/p>\n","protected":false},"excerpt":{"rendered":"<p>Est\u00e3o abertas as inscri\u00e7\u00f5es para o Grupo de Autoconhecimento com Constela\u00e7\u00e3o Familiar, com a terapeuta Carla de Paula Campos. Os encontros ser\u00e3o realizados em quatro quartas-feiras, das 18h30 \u00e0s 21h30, a partir do dia 1\u00ba de fevereiro de 2017. O Grupo de Autoconhecimento utilizando Constela\u00e7\u00e3o Familiar \u00e9 uma oportunidade de conhecer mais de perto este [&hellip;]<\/p>\n","protected":false},"author":1,"featured_media":27786,"comment_status":"open","ping_status":"open","sticky":false,"template":"","format":"standard","meta":{"om_disable_all_campaigns":false,"_monsterinsights_skip_tracking":false,"_monsterinsights_sitenote_active":false,"_monsterinsights_sitenote_note":"","_monsterinsights_sitenote_category":0,"footnotes":""},"categories":[8,214],"tags":[302,389],"acf":[],"publishpress_future_action":{"enabled":false,"date":"1969-12-31 21:00:00","action":"","terms":[],"taxonomy":"","browser_timezone_offset":0},"_links":{"self":[{"href":"https:\/\/portalfloresnoar.com\/floresnoar\/wp-json\/wp\/v2\/posts\/27784"}],"collection":[{"href":"https:\/\/portalfloresnoar.com\/floresnoar\/wp-json\/wp\/v2\/posts"}],"about":[{"href":"https:\/\/portalfloresnoar.com\/floresnoar\/wp-json\/wp\/v2\/types\/post"}],"author":[{"embeddable":true,"href":"https:\/\/portalfloresnoar.com\/floresnoar\/wp-json\/wp\/v2\/users\/1"}],"replies":[{"embeddable":true,"href":"https:\/\/portalfloresnoar.com\/floresnoar\/wp-json\/wp\/v2\/comments?post=27784"}],"version-history":[{"count":0,"href":"https:\/\/portalfloresnoar.com\/floresnoar\/wp-json\/wp\/v2\/posts\/27784\/revisions"}],"wp:featuredmedia":[{"embeddable":true,"href":"https:\/\/portalfloresnoar.com\/floresnoar\/wp-json\/wp\/v2\/media\/27786"}],"wp:attachment":[{"href":"https:\/\/portalfloresnoar.com\/floresnoar\/wp-json\/wp\/v2\/media?parent=27784"}],"wp:term":[{"taxonomy":"category","embeddable":true,"href":"https:\/\/portalfloresnoar.com\/floresnoar\/wp-json\/wp\/v2\/categories?post=27784"},{"taxonomy":"post_tag","embeddable":true,"href":"https:\/\/portalfloresnoar.com\/floresnoar\/wp-json\/wp\/v2\/tags?post=27784"}],"curies":[{"name":"wp","href":"https:\/\/api.w.org\/{rel}","templated":true}]}}