

{"id":27751,"date":"2017-01-04T13:35:40","date_gmt":"2017-01-04T16:35:40","guid":{"rendered":"http:\/\/portalfloresnoar.com\/floresnoar\/?p=27751"},"modified":"2017-01-30T11:37:40","modified_gmt":"2017-01-30T14:37:40","slug":"agenda-pe-musica-poesia-danca-e-brecho-no-evento-somlidarizar-dia-291-no-xinxim-da-baiana","status":"publish","type":"post","link":"https:\/\/portalfloresnoar.com\/floresnoar\/agenda-pe-musica-poesia-danca-e-brecho-no-evento-somlidarizar-dia-291-no-xinxim-da-baiana\/","title":{"rendered":"[AGENDA PE] M\u00fasica, poesia, dan\u00e7a e brech\u00f3 no evento Somlidarizar, dia 29\/1, no Xinxim da Baiana"},"content":{"rendered":"<p style=\"text-align: center;\"><img decoding=\"async\" loading=\"lazy\" class=\"aligncenter  wp-image-27752\" alt=\"festa fabiana jansen\" src=\"http:\/\/portalfloresnoar.com\/floresnoar\/wp-content\/uploads\/2017\/01\/festa-fabiana-jansen.jpg\" width=\"538\" height=\"672\" srcset=\"https:\/\/portalfloresnoar.com\/floresnoar\/wp-content\/uploads\/2017\/01\/festa-fabiana-jansen.jpg 768w, https:\/\/portalfloresnoar.com\/floresnoar\/wp-content\/uploads\/2017\/01\/festa-fabiana-jansen-240x300.jpg 240w\" sizes=\"(max-width: 538px) 100vw, 538px\" \/><\/p>\n<figure id=\"attachment_27755\" aria-describedby=\"caption-attachment-27755\" style=\"width: 346px\" class=\"wp-caption alignleft\"><img decoding=\"async\" loading=\"lazy\" class=\"wp-image-27755  \" alt=\"fabiana jansen_foto Juliana Barreto\" src=\"http:\/\/portalfloresnoar.com\/floresnoar\/wp-content\/uploads\/2017\/01\/fabiana-jansen_foto-Juliana-Barreto.jpg\" width=\"346\" height=\"229\" srcset=\"https:\/\/portalfloresnoar.com\/floresnoar\/wp-content\/uploads\/2017\/01\/fabiana-jansen_foto-Juliana-Barreto.jpg 720w, https:\/\/portalfloresnoar.com\/floresnoar\/wp-content\/uploads\/2017\/01\/fabiana-jansen_foto-Juliana-Barreto-300x198.jpg 300w\" sizes=\"(max-width: 346px) 100vw, 346px\" \/><figcaption id=\"caption-attachment-27755\" class=\"wp-caption-text\">Fabiana Jansen. Foto: Juliana Barreto<\/figcaption><\/figure>\n<p>No dia 29 de janeiro de 2017 ser\u00e1 realizado, a partir das 15h, no Xinxim da Baiana, em Olinda\/PE, o evento SOMlidarizar. M\u00fasica, poesia, dan\u00e7a e muita energia positiva em prol de uma boa causa: angariar recursos financeiros para a cirurgia de reconstru\u00e7\u00e3o da mama de Fabiana Jansen, guerreira que vem sendo uma grande inspira\u00e7\u00e3o na cura do c\u00e2ncer.<\/p>\n<p>Na programa\u00e7\u00e3o, atra\u00e7\u00f5es musicais, brech\u00f3 e venda de comidinhas deliciosas, que ter\u00e3o todos os recursos arrecadados revertidos para a cirurgia.<\/p>\n<p>Sinta-se convidado (a) para participar do evento e tamb\u00e9m para doar e divulgar a vakinha que est\u00e1 rolando para captar recursos: <a href=\"https:\/\/www.vakinha.com.br\/vaquinha\/cirurgia-de-reconstrucao-de-mama-fabiana-jansen \" target=\"_blank\">https:\/\/www.vakinha.com.br\/vaquinha\/cirurgia-de-reconstrucao-de-mama-fabiana-jansen<\/a><\/p>\n<p><strong>PROGRAMA\u00c7\u00c3O<\/strong><br \/>\n15h &#8211; Discotecagem marota<br \/>\n16h30 &#8211; Dan\u00e7as M\u00e9dio Orientais com Roberta Kalile e convidadas<br \/>\n17h30 &#8211; Lu Rabelo e Banda<br \/>\n18h30 &#8211; J\u00fanior Chumbago<br \/>\n19h30 &#8211; Gil\u00fa Amaral<br \/>\n20h30 &#8211; Dj<br \/>\n21:30h &#8211; Encerramento<\/p>\n<p><strong>Vamos Somlidarizar!<\/strong><br \/>\n<strong>Dia:<\/strong> 29\/1\/2017 (domingo)<br \/>\n<strong>Hora:<\/strong> a partir das 15h<br \/>\n<strong>Local:<\/strong>\u00a0Xinxim da Baiana &#8211; Av. Sigismundo Gon\u00e7alves, 742, Olinda\/PE\u00a0\u00a0(ao lado do Clube Atl\u00e2ntico)<br \/>\n<strong>Entrada:<\/strong> R$ 5<\/p>\n<p><strong>Link do evento:<\/strong> <a href=\"https:\/\/www.facebook.com\/events\/539574936250348\" target=\"_blank\">https:\/\/www.facebook.com\/events\/539574936250348<\/a><\/p>\n<p><strong>Link da campanha:\u00a0<\/strong><a href=\"https:\/\/www.facebook.com\/events\/1827593577452343\/\" target=\"_blank\">https:\/\/www.facebook.com\/events\/1827593577452343\/<\/a><\/p>\n","protected":false},"excerpt":{"rendered":"<p>No dia 29 de janeiro de 2017 ser\u00e1 realizado, a partir das 15h, no Xinxim da Baiana, em Olinda\/PE, o evento SOMlidarizar. M\u00fasica, poesia, dan\u00e7a e muita energia positiva em prol de uma boa causa: angariar recursos financeiros para a cirurgia de reconstru\u00e7\u00e3o da mama de Fabiana Jansen, guerreira que vem sendo uma grande inspira\u00e7\u00e3o [&hellip;]<\/p>\n","protected":false},"author":1,"featured_media":27755,"comment_status":"open","ping_status":"open","sticky":false,"template":"","format":"standard","meta":{"om_disable_all_campaigns":false,"_monsterinsights_skip_tracking":false,"_monsterinsights_sitenote_active":false,"_monsterinsights_sitenote_note":"","_monsterinsights_sitenote_category":0,"footnotes":""},"categories":[8,214],"tags":[125],"acf":[],"publishpress_future_action":{"enabled":false,"date":"1969-12-31 21:00:00","action":"","terms":[],"taxonomy":"","browser_timezone_offset":0},"_links":{"self":[{"href":"https:\/\/portalfloresnoar.com\/floresnoar\/wp-json\/wp\/v2\/posts\/27751"}],"collection":[{"href":"https:\/\/portalfloresnoar.com\/floresnoar\/wp-json\/wp\/v2\/posts"}],"about":[{"href":"https:\/\/portalfloresnoar.com\/floresnoar\/wp-json\/wp\/v2\/types\/post"}],"author":[{"embeddable":true,"href":"https:\/\/portalfloresnoar.com\/floresnoar\/wp-json\/wp\/v2\/users\/1"}],"replies":[{"embeddable":true,"href":"https:\/\/portalfloresnoar.com\/floresnoar\/wp-json\/wp\/v2\/comments?post=27751"}],"version-history":[{"count":0,"href":"https:\/\/portalfloresnoar.com\/floresnoar\/wp-json\/wp\/v2\/posts\/27751\/revisions"}],"wp:featuredmedia":[{"embeddable":true,"href":"https:\/\/portalfloresnoar.com\/floresnoar\/wp-json\/wp\/v2\/media\/27755"}],"wp:attachment":[{"href":"https:\/\/portalfloresnoar.com\/floresnoar\/wp-json\/wp\/v2\/media?parent=27751"}],"wp:term":[{"taxonomy":"category","embeddable":true,"href":"https:\/\/portalfloresnoar.com\/floresnoar\/wp-json\/wp\/v2\/categories?post=27751"},{"taxonomy":"post_tag","embeddable":true,"href":"https:\/\/portalfloresnoar.com\/floresnoar\/wp-json\/wp\/v2\/tags?post=27751"}],"curies":[{"name":"wp","href":"https:\/\/api.w.org\/{rel}","templated":true}]}}