

{"id":27748,"date":"2017-01-03T07:00:34","date_gmt":"2017-01-03T10:00:34","guid":{"rendered":"http:\/\/portalfloresnoar.com\/floresnoar\/?p=27748"},"modified":"2017-01-30T11:00:26","modified_gmt":"2017-01-30T14:00:26","slug":"agenda-pe-moenda-sonora-dia-281-com-a-participacao-da-poeta-e-cantora-lu-rabelo","status":"publish","type":"post","link":"https:\/\/portalfloresnoar.com\/floresnoar\/agenda-pe-moenda-sonora-dia-281-com-a-participacao-da-poeta-e-cantora-lu-rabelo\/","title":{"rendered":"[AGENDA PE] Moenda Sonora dia 28\/1 com a participa\u00e7\u00e3o da poeta e cantora Lu Rabelo"},"content":{"rendered":"<p style=\"text-align: center;\"><img decoding=\"async\" loading=\"lazy\" class=\"aligncenter  wp-image-27761\" alt=\"moenda sonora janeiro 2017\" src=\"http:\/\/portalfloresnoar.com\/floresnoar\/wp-content\/uploads\/2017\/01\/moenda-sonora-janeiro-2017.jpg\" width=\"691\" height=\"488\" srcset=\"https:\/\/portalfloresnoar.com\/floresnoar\/wp-content\/uploads\/2017\/01\/moenda-sonora-janeiro-2017.jpg 960w, https:\/\/portalfloresnoar.com\/floresnoar\/wp-content\/uploads\/2017\/01\/moenda-sonora-janeiro-2017-300x211.jpg 300w\" sizes=\"(max-width: 691px) 100vw, 691px\" \/><\/p>\n<p>Dia 28 de janeiro tem Moenda Sonora na Casa Candeeiro, no Recife. A Moenda Sonora \u00e9 um projeto idealizado pelo artista Ivan Ferreira, que re\u00fane, nesta segunda temporada, al\u00e9m do pr\u00f3prio Ivan, os m\u00fasicos Patricia Solis, Ant\u00f4nio de Holanda e Rodrigo CM. A cada edi\u00e7\u00e3o um compositor \u00e9 convidado a fazer parte do evento. Neste m\u00eas de janeiro, a Moenda Sonora contar\u00e1 com a participa\u00e7\u00e3o da poeta e cantora Lu Rabelo.<\/p>\n<p>A cada m\u00eas, em uma nova edi\u00e7\u00e3o, a Moenda monta um repert\u00f3rio composto de can\u00e7\u00f5es autorais e influ\u00eancias dos participantes e artistas convidados. &#8220;\u00c9 um trabalho que preza pelo di\u00e1logo musical em todas as edi\u00e7\u00f5es&#8221;, ressalta Ivan Ferreira. As apresenta\u00e7\u00f5es acontecem desplugadas, totalmente ac\u00fasticas e intimistas. A plateia, quase co-autora, permanece bastante pr\u00f3xima aos m\u00fasicos.<\/p>\n<p>Na primeira temporada, acompanhado pelos m\u00fasicos Patr\u00edcia Solis (que fez a segunda edi\u00e7\u00e3o e hoje faz parte do grupo), Rodrigo Felix, Rodrigo CM, Marcello Rangel e Ant\u00f4nio de Hollanda (j\u00e1 na mais recente forma\u00e7\u00e3o), v\u00e1rios artistas passaram pela Moenda: Joaquim Izidro, Juliano Holanda, Publius, Isaar Fran\u00e7a, e Vertin Moura. Foram nomes que fizeram hist\u00f3ria no Moenda Sonora em 2016.<\/p>\n<p>&#8220;A Moenda Sonora \u00e9 um projeto que converge para outras linguagens, muito imag\u00e9tico, pl\u00e1stico, s\u00e3o paisagens sonoras e po\u00e9ticas que dialogam muito com o cinema e a fotografia. Possui uma cenografia que ocupa todo o s\u00f3t\u00e3o do espa\u00e7o, que expande ainda mais o que se canta e o que se conta&#8221;, declara Ivan<\/p>\n<p>&#8220;Em algumas edi\u00e7\u00f5es ganha um tom at\u00e9 perform\u00e1tico, onde a palavra se assanha entre melodias e timbres&#8221;, afirma o fot\u00f3grafo Gabriel Melo, que produz o projeto junto com o Coletivo Bolandeira e a Casa Candeeiro, onde acontecem as apresenta\u00e7\u00f5es.<\/p>\n<p>Hoje com sua forma\u00e7\u00e3o atual (Ivan Ferreira, Patricia Solis, Ant\u00f4nio de Holanda e Rodrigo CM), a Moenda est\u00e1 pronta para come\u00e7ar a circular pela cidade, mas ainda preza sobretudo a ideia de ocupa\u00e7\u00e3o, resid\u00eancia e troca com os artista que por ele passam na Casa Candeeiro. Mais um grito de resist\u00eancia da m\u00fasica autoral na cidade do Recife.<\/p>\n<p><strong>Moenda Sonora<\/strong><br \/>\n<strong>Data:<\/strong> 28 de janeiro de 2017<br \/>\n<strong>Hora:<\/strong> 19h<br \/>\n<strong>Local:<\/strong> Casa Candeeiro &#8211; Estrada do Arraial, 2488, Tamarineira, Recife\/PE<br \/>\n<strong>Ingresso:<\/strong> pague quanto quiser<\/p>\n<p><strong>Evento no Facebook:<\/strong>\u00a0<a href=\"https:\/\/www.facebook.com\/events\/176319502847206\/\" target=\"_blank\">https:\/\/www.facebook.com\/events\/176319502847206\/<\/a><\/p>\n<p><strong>P\u00e1gina da Moenda Sonora:<\/strong>\u00a0<a href=\"https:\/\/www.facebook.com\/moendasonora\" target=\"_blank\">https:\/\/www.facebook.com\/moendasonora<\/a><\/p>\n","protected":false},"excerpt":{"rendered":"<p>Dia 28 de janeiro tem Moenda Sonora na Casa Candeeiro, no Recife. A Moenda Sonora \u00e9 um projeto idealizado pelo artista Ivan Ferreira, que re\u00fane, nesta segunda temporada, al\u00e9m do pr\u00f3prio Ivan, os m\u00fasicos Patricia Solis, Ant\u00f4nio de Holanda e Rodrigo CM. A cada edi\u00e7\u00e3o um compositor \u00e9 convidado a fazer parte do evento. Neste [&hellip;]<\/p>\n","protected":false},"author":1,"featured_media":27762,"comment_status":"open","ping_status":"open","sticky":false,"template":"","format":"standard","meta":{"om_disable_all_campaigns":false,"_monsterinsights_skip_tracking":false,"_monsterinsights_sitenote_active":false,"_monsterinsights_sitenote_note":"","_monsterinsights_sitenote_category":0,"footnotes":""},"categories":[8,214],"tags":[125],"acf":[],"publishpress_future_action":{"enabled":false,"date":"1969-12-31 21:00:00","action":"","terms":[],"taxonomy":"","browser_timezone_offset":0},"_links":{"self":[{"href":"https:\/\/portalfloresnoar.com\/floresnoar\/wp-json\/wp\/v2\/posts\/27748"}],"collection":[{"href":"https:\/\/portalfloresnoar.com\/floresnoar\/wp-json\/wp\/v2\/posts"}],"about":[{"href":"https:\/\/portalfloresnoar.com\/floresnoar\/wp-json\/wp\/v2\/types\/post"}],"author":[{"embeddable":true,"href":"https:\/\/portalfloresnoar.com\/floresnoar\/wp-json\/wp\/v2\/users\/1"}],"replies":[{"embeddable":true,"href":"https:\/\/portalfloresnoar.com\/floresnoar\/wp-json\/wp\/v2\/comments?post=27748"}],"version-history":[{"count":0,"href":"https:\/\/portalfloresnoar.com\/floresnoar\/wp-json\/wp\/v2\/posts\/27748\/revisions"}],"wp:featuredmedia":[{"embeddable":true,"href":"https:\/\/portalfloresnoar.com\/floresnoar\/wp-json\/wp\/v2\/media\/27762"}],"wp:attachment":[{"href":"https:\/\/portalfloresnoar.com\/floresnoar\/wp-json\/wp\/v2\/media?parent=27748"}],"wp:term":[{"taxonomy":"category","embeddable":true,"href":"https:\/\/portalfloresnoar.com\/floresnoar\/wp-json\/wp\/v2\/categories?post=27748"},{"taxonomy":"post_tag","embeddable":true,"href":"https:\/\/portalfloresnoar.com\/floresnoar\/wp-json\/wp\/v2\/tags?post=27748"}],"curies":[{"name":"wp","href":"https:\/\/api.w.org\/{rel}","templated":true}]}}