

{"id":27720,"date":"2017-01-02T13:15:29","date_gmt":"2017-01-02T16:15:29","guid":{"rendered":"http:\/\/portalfloresnoar.com\/floresnoar\/?p=27720"},"modified":"2017-01-27T12:49:18","modified_gmt":"2017-01-27T15:49:18","slug":"agenda-pe-oficina-de-introducao-ao-soulcollage-dia-301-com-juliana-lombardi","status":"publish","type":"post","link":"https:\/\/portalfloresnoar.com\/floresnoar\/agenda-pe-oficina-de-introducao-ao-soulcollage-dia-301-com-juliana-lombardi\/","title":{"rendered":"[AGENDA PE] Oficina de Introdu\u00e7\u00e3o ao SoulCollage\u00ae dia 30\/1, com Juliana Lombardi"},"content":{"rendered":"<p><img decoding=\"async\" loading=\"lazy\" class=\"aligncenter size-full wp-image-27721\" alt=\"Oficina de introdu\u00e7\u00e3o ao SoulCollage\" src=\"http:\/\/portalfloresnoar.com\/floresnoar\/wp-content\/uploads\/2017\/01\/Oficina-de-introdu\u00e7\u00e3o-ao-SoulCollage.png\" width=\"700\" height=\"700\" srcset=\"https:\/\/portalfloresnoar.com\/floresnoar\/wp-content\/uploads\/2017\/01\/Oficina-de-introdu\u00e7\u00e3o-ao-SoulCollage.png 700w, https:\/\/portalfloresnoar.com\/floresnoar\/wp-content\/uploads\/2017\/01\/Oficina-de-introdu\u00e7\u00e3o-ao-SoulCollage-150x150.png 150w, https:\/\/portalfloresnoar.com\/floresnoar\/wp-content\/uploads\/2017\/01\/Oficina-de-introdu\u00e7\u00e3o-ao-SoulCollage-300x300.png 300w, https:\/\/portalfloresnoar.com\/floresnoar\/wp-content\/uploads\/2017\/01\/Oficina-de-introdu\u00e7\u00e3o-ao-SoulCollage-100x100.png 100w\" sizes=\"(max-width: 700px) 100vw, 700px\" \/><\/p>\n<p>A facilitadora de SoulCollage\u00ae Juliana Lombardi realiza no dia 30 de janeiro, das 19h \u00e0s 21h30, no Ateli\u00ea da Luz, a Oficina de Introdu\u00e7\u00e3o ao SoulCollage\u00ae. Juliana \u00e9 fot\u00f3grafa, arteterapeuta em forma\u00e7\u00e3o e acad\u00eamica em Psicologia.<\/p>\n<p>&#8220;O SoulCollage\u00ae \u00e9 um m\u00e9todo intuitivo e experiencial que utiliza a colagem para dar voz e forma \u00e0s imagens do inconsciente. O processo favorece o autoconhecimento e o contato com a nossa sabedoria interior de forma simples e profunda. Uma experi\u00eancia que n\u00e3o exige pr\u00e9-requisitos nem t\u00e9cnicas especiais &#8211; qualquer pessoa que tenha habilidade para recortar e colar imagens poder\u00e1 participar&#8221;, explica Juliana.<\/p>\n<p>Na oficina, os participantes ir\u00e3o conhecer um pouco da hist\u00f3ria e dos princ\u00edpios do m\u00e9todo, al\u00e9m de terem a oportunidade de confeccionar um cart\u00e3o do SoulCollage\u00ae sob orienta\u00e7\u00f5es espec\u00edficas. &#8220;Uma forma l\u00fadica de estimular a intui\u00e7\u00e3o, a imagina\u00e7\u00e3o e a criatividade, (re) descobrindo a diversidade da nossa alma a partir de um di\u00e1logo com os nossos personagens interiores.&#8221;<\/p>\n<p>O SoulCollage\u00ae &#8211; colagem da alma &#8211; foi criado pela norte-americana Seena Frost (te\u00f3loga e mestra em Psicologia) no final dos anos 80. Seena mergulhou fundo no mundo dos mitos e dos arqu\u00e9tipos, assim como nos estudos da Psicologia Anal\u00edtica (C.G. Jung), percorrendo tamb\u00e9m diversos caminhos espirituais, e assim descobrindo o poder de transforma\u00e7\u00e3o das imagens.<\/p>\n<p><strong>Oficina de Introdu\u00e7\u00e3o ao SoulCollage\u00ae<\/strong><br \/>\n<strong>Data<\/strong>: 30\/1\/2017<br \/>\n<strong>Hora:<\/strong> 19h \u00e0s 21h30<br \/>\n<strong>Local:<\/strong> Ateli\u00ea da Luz &#8211;\u00a0Rua Rio Formoso, 130, Iputinga, Recife (mapa:\u00a0<a href=\"https:\/\/goo.gl\/maps\/YxRRCHUCqgy\" target=\"_blank\">https:\/\/goo.gl\/maps\/YxRRCHUCqgy<\/a>)<br \/>\n<strong>Investimento:<\/strong> R$ 50,00 (material incluso)<br \/>\n<strong>Vagas:<\/strong> 12<\/p>\n<p>INSCRI\u00c7\u00d5ES E MAIS INFORMA\u00c7\u00d5ES:<br \/>\n<strong>Fone:<\/strong> (81) 98730.1118<br \/>\n<strong>E-mail:<\/strong> juflombardi@gmail.com<\/p>\n","protected":false},"excerpt":{"rendered":"<p>A facilitadora de SoulCollage\u00ae Juliana Lombardi realiza no dia 30 de janeiro, das 19h \u00e0s 21h30, no Ateli\u00ea da Luz, a Oficina de Introdu\u00e7\u00e3o ao SoulCollage\u00ae. Juliana \u00e9 fot\u00f3grafa, arteterapeuta em forma\u00e7\u00e3o e acad\u00eamica em Psicologia. &#8220;O SoulCollage\u00ae \u00e9 um m\u00e9todo intuitivo e experiencial que utiliza a colagem para dar voz e forma \u00e0s imagens [&hellip;]<\/p>\n","protected":false},"author":1,"featured_media":27722,"comment_status":"open","ping_status":"open","sticky":false,"template":"","format":"standard","meta":{"om_disable_all_campaigns":false,"_monsterinsights_skip_tracking":false,"_monsterinsights_sitenote_active":false,"_monsterinsights_sitenote_note":"","_monsterinsights_sitenote_category":0,"footnotes":""},"categories":[8,214],"tags":[328,233],"acf":[],"publishpress_future_action":{"enabled":false,"date":"1969-12-31 21:00:00","action":"","terms":[],"taxonomy":"","browser_timezone_offset":0},"_links":{"self":[{"href":"https:\/\/portalfloresnoar.com\/floresnoar\/wp-json\/wp\/v2\/posts\/27720"}],"collection":[{"href":"https:\/\/portalfloresnoar.com\/floresnoar\/wp-json\/wp\/v2\/posts"}],"about":[{"href":"https:\/\/portalfloresnoar.com\/floresnoar\/wp-json\/wp\/v2\/types\/post"}],"author":[{"embeddable":true,"href":"https:\/\/portalfloresnoar.com\/floresnoar\/wp-json\/wp\/v2\/users\/1"}],"replies":[{"embeddable":true,"href":"https:\/\/portalfloresnoar.com\/floresnoar\/wp-json\/wp\/v2\/comments?post=27720"}],"version-history":[{"count":0,"href":"https:\/\/portalfloresnoar.com\/floresnoar\/wp-json\/wp\/v2\/posts\/27720\/revisions"}],"wp:featuredmedia":[{"embeddable":true,"href":"https:\/\/portalfloresnoar.com\/floresnoar\/wp-json\/wp\/v2\/media\/27722"}],"wp:attachment":[{"href":"https:\/\/portalfloresnoar.com\/floresnoar\/wp-json\/wp\/v2\/media?parent=27720"}],"wp:term":[{"taxonomy":"category","embeddable":true,"href":"https:\/\/portalfloresnoar.com\/floresnoar\/wp-json\/wp\/v2\/categories?post=27720"},{"taxonomy":"post_tag","embeddable":true,"href":"https:\/\/portalfloresnoar.com\/floresnoar\/wp-json\/wp\/v2\/tags?post=27720"}],"curies":[{"name":"wp","href":"https:\/\/api.w.org\/{rel}","templated":true}]}}