

{"id":27679,"date":"2017-04-16T12:16:03","date_gmt":"2017-04-16T15:16:03","guid":{"rendered":"http:\/\/portalfloresnoar.com\/floresnoar\/?p=27679"},"modified":"2017-05-13T13:33:07","modified_gmt":"2017-05-13T16:33:07","slug":"agenda-pe-espaco-gerar-disponibiliza-salas-para-aluguel-e-sub-locacao","status":"publish","type":"post","link":"https:\/\/portalfloresnoar.com\/floresnoar\/agenda-pe-espaco-gerar-disponibiliza-salas-para-aluguel-e-sub-locacao\/","title":{"rendered":"[AGENDA PE] Espa\u00e7o Gerar disponibiliza salas para sub-loca\u00e7\u00e3o"},"content":{"rendered":"<figure style=\"width: 720px\" class=\"wp-caption aligncenter\"><img decoding=\"async\" loading=\"lazy\" alt=\"Gerar_foto Azul Acosta (2)\" src=\"http:\/\/portalfloresnoar.com\/floresnoar\/wp-content\/uploads\/2017\/01\/Gerar_foto-Azul-Acosta-2.jpg\" width=\"720\" height=\"480\" \/><figcaption class=\"wp-caption-text\">Fotos: Azul Acosta<\/figcaption><\/figure>\n<p>O Gerar Arteterapia e Bem-Estar, localizado no bairro de Casa-Forte, oferece salas para sub-loca\u00e7\u00e3o, voltadas para profissionais de sa\u00fade que desejem um espa\u00e7o com infra-estrutura adequada e servi\u00e7os de secretaria e assessoria de comunica\u00e7\u00e3o.<\/p>\n<p><strong>Mais informa\u00e7\u00f5es<\/strong>: (81) 3268-1749.<\/p>\n<p><strong>Gerar Arteterapia e Bem-Estar<\/strong>\u00a0&#8211; Rua Jorge de Albuquerque, 103, Casa Forte, Recife\/PE.<\/p>\n<p><a href=\"http:\/\/www.gerararteterapiaebemestar.com\/\" target=\"_blank\">http:\/\/www.gerararteterapiaebemestar.com\/<\/a><\/p>\n<p>&nbsp;<\/p>\n<p><img decoding=\"async\" loading=\"lazy\" class=\"aligncenter size-full wp-image-27682\" alt=\"Gerar_foto Azul Acosta (3)\" src=\"http:\/\/portalfloresnoar.com\/floresnoar\/wp-content\/uploads\/2017\/01\/Gerar_foto-Azul-Acosta-3.jpg\" width=\"720\" height=\"480\" srcset=\"https:\/\/portalfloresnoar.com\/floresnoar\/wp-content\/uploads\/2017\/01\/Gerar_foto-Azul-Acosta-3.jpg 720w, https:\/\/portalfloresnoar.com\/floresnoar\/wp-content\/uploads\/2017\/01\/Gerar_foto-Azul-Acosta-3-300x200.jpg 300w\" sizes=\"(max-width: 720px) 100vw, 720px\" \/><\/p>\n<p>&nbsp;<\/p>\n<p><img decoding=\"async\" loading=\"lazy\" class=\"aligncenter size-full wp-image-27683\" alt=\"Gerar_foto Azul Acosta (4)\" src=\"http:\/\/portalfloresnoar.com\/floresnoar\/wp-content\/uploads\/2017\/01\/Gerar_foto-Azul-Acosta-4.jpg\" width=\"720\" height=\"479\" srcset=\"https:\/\/portalfloresnoar.com\/floresnoar\/wp-content\/uploads\/2017\/01\/Gerar_foto-Azul-Acosta-4.jpg 720w, https:\/\/portalfloresnoar.com\/floresnoar\/wp-content\/uploads\/2017\/01\/Gerar_foto-Azul-Acosta-4-300x199.jpg 300w\" sizes=\"(max-width: 720px) 100vw, 720px\" \/><\/p>\n<p>&nbsp;<\/p>\n<p><img decoding=\"async\" loading=\"lazy\" class=\"aligncenter\" alt=\"Gerar_foto Azul Acosta (1)\" src=\"http:\/\/portalfloresnoar.com\/floresnoar\/wp-content\/uploads\/2017\/01\/Gerar_foto-Azul-Acosta-1.jpg\" width=\"720\" height=\"480\" \/><\/p>\n","protected":false},"excerpt":{"rendered":"<p>O Gerar Arteterapia e Bem-Estar, localizado no bairro de Casa-Forte, oferece salas para sub-loca\u00e7\u00e3o, voltadas para profissionais de sa\u00fade que desejem um espa\u00e7o com infra-estrutura adequada e servi\u00e7os de secretaria e assessoria de comunica\u00e7\u00e3o. Mais informa\u00e7\u00f5es: (81) 3268-1749. Gerar Arteterapia e Bem-Estar\u00a0&#8211; Rua Jorge de Albuquerque, 103, Casa Forte, Recife\/PE. http:\/\/www.gerararteterapiaebemestar.com\/ &nbsp; &nbsp; &nbsp;<\/p>\n","protected":false},"author":1,"featured_media":27681,"comment_status":"open","ping_status":"open","sticky":false,"template":"","format":"standard","meta":{"om_disable_all_campaigns":false,"_monsterinsights_skip_tracking":false,"_monsterinsights_sitenote_active":false,"_monsterinsights_sitenote_note":"","_monsterinsights_sitenote_category":0,"footnotes":""},"categories":[8,214],"tags":[243,394,127],"acf":[],"publishpress_future_action":{"enabled":false,"date":"1969-12-31 21:00:00","action":"","terms":[],"taxonomy":"","browser_timezone_offset":0},"_links":{"self":[{"href":"https:\/\/portalfloresnoar.com\/floresnoar\/wp-json\/wp\/v2\/posts\/27679"}],"collection":[{"href":"https:\/\/portalfloresnoar.com\/floresnoar\/wp-json\/wp\/v2\/posts"}],"about":[{"href":"https:\/\/portalfloresnoar.com\/floresnoar\/wp-json\/wp\/v2\/types\/post"}],"author":[{"embeddable":true,"href":"https:\/\/portalfloresnoar.com\/floresnoar\/wp-json\/wp\/v2\/users\/1"}],"replies":[{"embeddable":true,"href":"https:\/\/portalfloresnoar.com\/floresnoar\/wp-json\/wp\/v2\/comments?post=27679"}],"version-history":[{"count":0,"href":"https:\/\/portalfloresnoar.com\/floresnoar\/wp-json\/wp\/v2\/posts\/27679\/revisions"}],"wp:featuredmedia":[{"embeddable":true,"href":"https:\/\/portalfloresnoar.com\/floresnoar\/wp-json\/wp\/v2\/media\/27681"}],"wp:attachment":[{"href":"https:\/\/portalfloresnoar.com\/floresnoar\/wp-json\/wp\/v2\/media?parent=27679"}],"wp:term":[{"taxonomy":"category","embeddable":true,"href":"https:\/\/portalfloresnoar.com\/floresnoar\/wp-json\/wp\/v2\/categories?post=27679"},{"taxonomy":"post_tag","embeddable":true,"href":"https:\/\/portalfloresnoar.com\/floresnoar\/wp-json\/wp\/v2\/tags?post=27679"}],"curies":[{"name":"wp","href":"https:\/\/api.w.org\/{rel}","templated":true}]}}