

{"id":27653,"date":"2017-01-04T18:13:59","date_gmt":"2017-01-04T21:13:59","guid":{"rendered":"http:\/\/portalfloresnoar.com\/floresnoar\/?p=27653"},"modified":"2017-02-12T13:42:12","modified_gmt":"2017-02-12T16:42:12","slug":"agenda-pe-curso-de-reflexologia-podal-dias-11-e-12-de-fevereiro-no-recife","status":"publish","type":"post","link":"https:\/\/portalfloresnoar.com\/floresnoar\/agenda-pe-curso-de-reflexologia-podal-dias-11-e-12-de-fevereiro-no-recife\/","title":{"rendered":"[AGENDA PE] Curso de Reflexologia Podal dias 11 e 12 de fevereiro no Recife"},"content":{"rendered":"<figure style=\"width: 261px\" class=\"wp-caption alignleft\"><img decoding=\"async\" loading=\"lazy\" alt=\"jose hamilton massoterapeuta\" src=\"http:\/\/portalfloresnoar.com\/floresnoar\/wp-content\/uploads\/2016\/08\/jose-hamilton-massoterapeuta.jpg\" width=\"261\" height=\"296\" \/><figcaption class=\"wp-caption-text\">O massoterapeuta Jos\u00e9 Ham\u00edlton \u00e9 o facilitador do curso<\/figcaption><\/figure>\n<p>O massoterapeuta Jos\u00e9 Hamilton de Souza facilita nos dias 11 e 12 de fevereiro de 2017, no Recife, o Curso de Reflexologia Podal.<\/p>\n<p>A Reflexologia Podal \u00e9 uma terapia complementar com fundamento de anatomia e fisiologia humana que previne e trata dos dist\u00farbios org\u00e2nicos e desequil\u00edbrio emocional atrav\u00e9s de est\u00edmulos por press\u00f5es em pontos espec\u00edficos de termina\u00e7\u00f5es nervosas em \u00e1reas, pontos e regi\u00f5es dos p\u00e9s.\u00a0Ela baseia-se no principio de que existem \u00e1reas, ou pontos reflexos nos p\u00e9s e nas m\u00e3os que correspondem a cada \u00f3rg\u00e3o, gl\u00e2ndula e estrutura no corpo. Ao trabalhar nesses reflexos, \u00e9 reduzida a tens\u00e3o em todo o corpo.<\/p>\n<p>\u201cO tratamento s\u00f3 ter\u00e1 resultado satisfat\u00f3rio, se o paciente estiver consciente de sua participa\u00e7\u00e3o e colabora\u00e7\u00e3o.<br \/>\nDevemos trabalhar as condi\u00e7\u00f5es de desequil\u00edbrio. No caso de doen\u00e7as especificas, podemos trabalhar a partir de diagn\u00f3stico m\u00e9dico. Qualquer dist\u00farbio apresentado pelo paciente, serve como sinal de alerta. Um desequil\u00edbrio pode apresentar-se como um ponto de alerta para uma aten\u00e7\u00e3o ao sistema energ\u00e9tico\u201d, explica Jos\u00e9 Hamilton.<\/p>\n<p><strong>Benef\u00edcios da Reflexologia Podal<\/strong><br \/>\n&#8211; Relaxamento<br \/>\n&#8211; Redu\u00e7\u00e3o de tens\u00e3o<br \/>\n&#8211; Melhora da irriga\u00e7\u00e3o sangu\u00ednea<br \/>\n&#8211; Restabelece a harmonia entre todas as fun\u00e7\u00f5es do corpo combatendo o estresse<\/p>\n<p><strong>Contra-indica\u00e7\u00f5es<\/strong><br \/>\n&#8211; Doen\u00e7as infecciosas<br \/>\n&#8211; Inflama\u00e7\u00f5es: sistema linf\u00e1tico e nervoso<br \/>\n&#8211; Casos que haja indica\u00e7\u00e3o de cirurgia<br \/>\n&#8211; Gravidez de risco<br \/>\n&#8211; Osteoporose ou descalcifica\u00e7\u00e3o resultantes de acidentes e tumores<br \/>\n&#8211; Casos de depress\u00e3o cr\u00f4nica avan\u00e7ada<br \/>\n&#8211; Pacientes que usam medica\u00e7\u00e3o pesada para problemas psicol\u00f3gicos.<\/p>\n<p><strong>Conte\u00fado program\u00e1tico do curso<\/strong><br \/>\n&#8211; Abordagem e apresenta\u00e7\u00e3o das \u00e1reas reflexas do corpo, relacionadas a tratamentos de acordo com a patologia;<br \/>\n&#8211; Apresenta\u00e7\u00e3o e Zonas reflexas e mapas;<br \/>\n&#8211; Aspectos Org\u00e2nicos e Emocionais relacionados \u00e0 \u00e1rea da coluna vertebral;<br \/>\n&#8211; Diagnose pela voz;<br \/>\n&#8211; Exame corporal direcionado aos p\u00e9s;<br \/>\n&#8211; Estrutura \u00d3sseas dos p\u00e9s;<br \/>\n&#8211; Meridianos;<br \/>\n&#8211; Tratamentos e contra-indica\u00e7\u00f5es;<br \/>\n&#8211; Sequ\u00eancias e pr\u00e1ticas direcionadas ao tratamento;<br \/>\n&#8211; Apostila e Grava\u00e7\u00e3o de v\u00eddeo durante o curso;<br \/>\n&#8211; Pr\u00e1tica de calatonia(toques e polaridades, para um relaxamento profundo);<br \/>\n&#8211; Pr\u00e1tica de auto massagem;<br \/>\n<em>Obs: O aluno poder\u00e1 levar um parente ou amigo para atendimento no \u00faltimo dia do curso.<\/em><\/p>\n<p>Jos\u00e9 Hamilton de Souza \u00e9 terapeuta Hol\u00edstico e Master Reiki, formado pela Humaniversidade Hol\u00edstica-SP). Tem Forma\u00e7\u00e3o Internacional em Acupuntura pela escola de medicina chinesa EBRAMEC-SP); \u00e9 terapeuta Floral (Healingherbs Ltd England); Possui forma\u00e7\u00e3o em Massoterapia Ayurv\u00e9dica. Realiza atendimentos com: Shiatsu, Massagem Ayurv\u00e9dica, Bambuterapia, Cromoterapia, Auriculoterapia, Florais, Reflexologia podal e Quick Massage (Empresas e eventos). \u00c9 fundador da empresa\u00a0<a href=\"http:\/\/portalfloresnoar.com\/floresnoar\/agenda-pe-curso-de-reflexologia-podal-dias-24-e-259-no-recife\/www.namkhamassoterapia.com\" target=\"_blank\">Namkhamassoterapia<\/a>.<\/p>\n<p>Saiba mais sobre os atendimentos oferecidos por Jos\u00e9 Hamilton\u00a0<a href=\"http:\/\/portalfloresnoar.com\/floresnoar\/massoterapeuta-jose-hamilton-oferece-sessoes-de-shiatsu-massagem-ayurvedica-reflexologia-podal-e-bambuterapia\/\" target=\"_blank\">AQUI<\/a>!<\/p>\n<p>SERVI\u00c7O<br \/>\n<strong>Curso de Reflexologia Podal<\/strong><br \/>\nDATA\/HOR\u00c1RIO<br \/>\n11\/2\/2017 (s\u00e1bado), das 8h \u00e0s 17h<br \/>\n12\/2\/2017 (domingo), das 8h \u00e0s 12h<\/p>\n<p>VALOR<br \/>\nR$ 300,00<\/p>\n<p>LOCAL<br \/>\nRua Joaquim Nabuco, 409, 1\u00b0\u00a0andar do Derby Center, Recife\/PE<\/p>\n<p><em>Vagas limitadas!<\/em><\/p>\n<p><strong>Fones:<\/strong>\u00a09 9946.7025 (Tim\/Zap) | 9 9306.5384 (Claro)|9 83212542 (Oi)<br \/>\n<strong>E-mail:<\/strong>\u00a0hamiltonsouza9@yahoo.com.br<br \/>\n<strong>Site:<\/strong>\u00a0<a href=\"http:\/\/www.namkhamassoterapia.com\/\" target=\"_blank\">www.namkhamassoterapia.com<\/a><\/p>\n","protected":false},"excerpt":{"rendered":"<p>O massoterapeuta Jos\u00e9 Hamilton de Souza facilita nos dias 11 e 12 de fevereiro de 2017, no Recife, o Curso de Reflexologia Podal. A Reflexologia Podal \u00e9 uma terapia complementar com fundamento de anatomia e fisiologia humana que previne e trata dos dist\u00farbios org\u00e2nicos e desequil\u00edbrio emocional atrav\u00e9s de est\u00edmulos por press\u00f5es em pontos espec\u00edficos [&hellip;]<\/p>\n","protected":false},"author":1,"featured_media":27654,"comment_status":"open","ping_status":"open","sticky":false,"template":"","format":"standard","meta":{"om_disable_all_campaigns":false,"_monsterinsights_skip_tracking":false,"_monsterinsights_sitenote_active":false,"_monsterinsights_sitenote_note":"","_monsterinsights_sitenote_category":0,"footnotes":""},"categories":[8,214],"tags":[167,360,134],"acf":[],"publishpress_future_action":{"enabled":false,"date":"1969-12-31 21:00:00","action":"","terms":[],"taxonomy":"","browser_timezone_offset":0},"_links":{"self":[{"href":"https:\/\/portalfloresnoar.com\/floresnoar\/wp-json\/wp\/v2\/posts\/27653"}],"collection":[{"href":"https:\/\/portalfloresnoar.com\/floresnoar\/wp-json\/wp\/v2\/posts"}],"about":[{"href":"https:\/\/portalfloresnoar.com\/floresnoar\/wp-json\/wp\/v2\/types\/post"}],"author":[{"embeddable":true,"href":"https:\/\/portalfloresnoar.com\/floresnoar\/wp-json\/wp\/v2\/users\/1"}],"replies":[{"embeddable":true,"href":"https:\/\/portalfloresnoar.com\/floresnoar\/wp-json\/wp\/v2\/comments?post=27653"}],"version-history":[{"count":0,"href":"https:\/\/portalfloresnoar.com\/floresnoar\/wp-json\/wp\/v2\/posts\/27653\/revisions"}],"wp:featuredmedia":[{"embeddable":true,"href":"https:\/\/portalfloresnoar.com\/floresnoar\/wp-json\/wp\/v2\/media\/27654"}],"wp:attachment":[{"href":"https:\/\/portalfloresnoar.com\/floresnoar\/wp-json\/wp\/v2\/media?parent=27653"}],"wp:term":[{"taxonomy":"category","embeddable":true,"href":"https:\/\/portalfloresnoar.com\/floresnoar\/wp-json\/wp\/v2\/categories?post=27653"},{"taxonomy":"post_tag","embeddable":true,"href":"https:\/\/portalfloresnoar.com\/floresnoar\/wp-json\/wp\/v2\/tags?post=27653"}],"curies":[{"name":"wp","href":"https:\/\/api.w.org\/{rel}","templated":true}]}}