

{"id":27548,"date":"2017-01-02T13:00:23","date_gmt":"2017-01-02T16:00:23","guid":{"rendered":"http:\/\/portalfloresnoar.com\/floresnoar\/?p=27548"},"modified":"2017-01-27T12:45:44","modified_gmt":"2017-01-27T15:45:44","slug":"agenda-pe-retiro-detox-da-alma-dias-28-e-29-de-janeiro-na-praia-dos-carneiros-pe","status":"publish","type":"post","link":"https:\/\/portalfloresnoar.com\/floresnoar\/agenda-pe-retiro-detox-da-alma-dias-28-e-29-de-janeiro-na-praia-dos-carneiros-pe\/","title":{"rendered":"[AGENDA PE] Master Retiro Detox da Alma dias 28 e 29 de janeiro na Praia dos Carneiros (PE)"},"content":{"rendered":"<p><img decoding=\"async\" loading=\"lazy\" class=\"aligncenter size-full wp-image-27551\" alt=\"retiro-detox-da-alma-pernambuco\" src=\"http:\/\/portalfloresnoar.com\/floresnoar\/wp-content\/uploads\/2017\/01\/retiro-detox-da-alma-pernambuco.png\" width=\"630\" height=\"693\" srcset=\"https:\/\/portalfloresnoar.com\/floresnoar\/wp-content\/uploads\/2017\/01\/retiro-detox-da-alma-pernambuco.png 630w, https:\/\/portalfloresnoar.com\/floresnoar\/wp-content\/uploads\/2017\/01\/retiro-detox-da-alma-pernambuco-272x300.png 272w\" sizes=\"(max-width: 630px) 100vw, 630px\" \/><\/p>\n<p>Nos dias 28 e 29 de janeiro de 2017 ser\u00e1 realizado, na paradis\u00edaca Praia dos Carneiros, em Pernambuco, o <a href=\"http:\/\/leadlovers.com\/519ca9a\/retiro-detox-da-alma\/retirodetoxdaalma\" target=\"_blank\">Master Retiro Detox da Alma<\/a>. Ser\u00e3o dois dias de transforma\u00e7\u00e3o e conex\u00e3o,\u00a0com sess\u00f5es de Coaching de Vida e de Carreira, Constela\u00e7\u00e3o Familiar, Thetahealing, medita\u00e7\u00f5es, mantras, viv\u00eancias na natureza, exerc\u00edcios de respira\u00e7\u00e3o e consci\u00eancia corporal, roda de conta\u00e7\u00e3o de hist\u00f3rias, Acupuntura Emocional sem Agulhas (EFT), viv\u00eancias arteterap\u00eauticas e alimenta\u00e7\u00e3o saud\u00e1vel, entre outras a\u00e7\u00f5es.<\/p>\n<p>O Master Retiro Detox da Alma \u00e9 idealizado e coordenado pela mentora Holo-sist\u00eamica e Lifestyle Master Coach <strong>Magdalene Negromonte<\/strong>. Al\u00e9m de Magdalene, comp\u00f5em a equipe:<br \/>\n<strong>Bodhi Alok<\/strong> &#8211; terapeuta Corporal<br \/>\n<strong>Concei\u00e7\u00e3o Nascimento<\/strong> &#8211; Massoterapeuta, Mestra Reiki e Consteladora Familiar<br \/>\n<strong>M\u00f4nica Acciolly<\/strong> &#8211; Master Coach e Psic\u00f3loga<\/p>\n<p><strong>OBJETIVOS DO RETIRO:<\/strong><br \/>\n* Amplia\u00e7\u00e3o da Sabedoria Interior<br \/>\n* Expans\u00e3o do Amor Incondicional<br \/>\n* Fortalecimento da Espiritualidade<br \/>\n* Ativa\u00e7\u00e3o do Padr\u00e3o Mental de Abund\u00e2ncia<br \/>\n* Desintoxica\u00e7\u00e3o do corpo.<\/p>\n<p><strong>P\u00daBLICO-ALVO:<\/strong><br \/>\n* Pessoas que estejam em busca de expandir a consci\u00eancia e o amor;<br \/>\n* Pessoas que desejem ter mais clareza sobre sua miss\u00e3o e prop\u00f3sito de vida;<br \/>\n* Pessoas que queiram vivenciar dias de despertar interno com plenitude, leveza, alegria, paz, relaxamento, criatividade, espiritualidade e alimenta\u00e7\u00e3o saud\u00e1vel.<br \/>\n* Pessoas em busca de mais significado na carreira profissional e amplia\u00e7\u00e3o de talentos;<br \/>\n* Pessoas que desejem limpar cren\u00e7as limitantes sobre Prosperidade, Amor, Autoestima, Sa\u00fade,<br \/>\n* Pessoas que desejem expandir o poder pessoal, o brilho espiritual e a capacidade de amar e perdoar;<br \/>\n* Pessoas em busca de Maestria Pessoal, Intelig\u00eancia Emocional e Sabedoria.<\/p>\n<p><strong>ALIMENTA\u00c7\u00c3O<\/strong><br \/>\nToda a alimenta\u00e7\u00e3o do retiro ser\u00e1 vegetariana, baseada em alimentos org\u00e2nicos, integrais e funcionais, Sucos Detox e Leites Vegetais.<\/p>\n<p><strong>HOSPEDAGEM<\/strong><br \/>\nO Retiro ser\u00e1 realizado em uma pousada familiar, localizada na paradis\u00edaca Praia dos Carneiros<br \/>\n* Alojamento em quartos (Quartos com ar condicionado. Alojamentos femininos e masculinos duplos e qu\u00e1druplos).<br \/>\n* Camping (Ideal para voc\u00ea quer de dormir na \u00e1rea externa da casa, em camping, rede ou saco de dormir).<\/p>\n<p><strong>INSCRI\u00c7\u00c3O<\/strong><br \/>\nValores, inscri\u00e7\u00f5es e informa\u00e7\u00f5es detalhadas\u00a0<strong><a href=\"https:\/\/leadlovers.com\/519ca9a\/retiro-detox-da-alma\/retirodetoxdaalma\" target=\"_blank\">AQUI<\/a><\/strong>!<\/p>\n<p><strong>B\u00d4NUS<\/strong><br \/>\nOs inscritos no retiro receber\u00e3o tamb\u00e9m tr\u00eas b\u00f4nus, que somam R$ 850,00 (1 Sess\u00e3o de Reiki + 1 Sess\u00e3o de Massagem Ayurv\u00e9dica + 1 Sess\u00e3o de Mentoria Holo-sist\u00eamica online)<\/p>\n<p><strong>DATA\/ HOR\u00c1RIO<\/strong><br \/>\nO retiro ser\u00e1 realizado \u00a0nos dias <strong>28 e 29 de janeiro de 2017<\/strong><br \/>\n<strong>Check-In:<\/strong> dia 27\/01\/17 das 16h \u00e0s 20h<br \/>\n<strong>Check-out:<\/strong> at\u00e9 \u00e0s 9h do dia 30\/01\/17<\/p>\n<p>MAIS INFORMA\u00c7\u00d5ES<br \/>\n<strong>P\u00e1gina oficinal do retiro:<\/strong> https:\/\/leadlovers.com\/519ca9a\/retiro-detox-da-alma\/retirodetoxdaalma<br \/>\n<strong>Email:<\/strong>\u00a0retiro.detoxdaalma@gmail.com<br \/>\n<strong>Fone\/ Whatsapp:<\/strong> TIM (81) 99931.8775 \/OI (81)98526.2727<\/p>\n<p><strong>P\u00e1gina no Facebook:<\/strong>\u00a0<a href=\"https:\/\/web.facebook.com\/RetiroDetoxDaAlma\" target=\"_blank\">https:\/\/web.facebook.com\/RetiroDetoxDaAlma<\/a><\/p>\n<p><em>Veja tamb\u00e9m artigo escrito pela idealizadora e coordenadora do Retiro Detox da Alma, Magdalene Negromonte:<\/em>\u00a0<a href=\"https:\/\/www.linkedin.com\/pulse\/meu-presente-de-ano-novo-para-voc%C3%AA-magdalene-negromonte?trk=pulse_spock-articles\" target=\"_blank\">https:\/\/www.linkedin.com\/pulse\/meu-presente-de-ano-novo-para-voc%C3%AA-magdalene-negromonte?trk=pulse_spock-articles<\/a><\/p>\n","protected":false},"excerpt":{"rendered":"<p>Nos dias 28 e 29 de janeiro de 2017 ser\u00e1 realizado, na paradis\u00edaca Praia dos Carneiros, em Pernambuco, o Master Retiro Detox da Alma. Ser\u00e3o dois dias de transforma\u00e7\u00e3o e conex\u00e3o,\u00a0com sess\u00f5es de Coaching de Vida e de Carreira, Constela\u00e7\u00e3o Familiar, Thetahealing, medita\u00e7\u00f5es, mantras, viv\u00eancias na natureza, exerc\u00edcios de respira\u00e7\u00e3o e consci\u00eancia corporal, roda de [&hellip;]<\/p>\n","protected":false},"author":1,"featured_media":27608,"comment_status":"open","ping_status":"open","sticky":false,"template":"","format":"standard","meta":{"om_disable_all_campaigns":false,"_monsterinsights_skip_tracking":false,"_monsterinsights_sitenote_active":false,"_monsterinsights_sitenote_note":"","_monsterinsights_sitenote_category":0,"footnotes":""},"categories":[8,214],"tags":[295,396],"acf":[],"publishpress_future_action":{"enabled":false,"date":"1969-12-31 21:00:00","action":"","terms":[],"taxonomy":"","browser_timezone_offset":0},"_links":{"self":[{"href":"https:\/\/portalfloresnoar.com\/floresnoar\/wp-json\/wp\/v2\/posts\/27548"}],"collection":[{"href":"https:\/\/portalfloresnoar.com\/floresnoar\/wp-json\/wp\/v2\/posts"}],"about":[{"href":"https:\/\/portalfloresnoar.com\/floresnoar\/wp-json\/wp\/v2\/types\/post"}],"author":[{"embeddable":true,"href":"https:\/\/portalfloresnoar.com\/floresnoar\/wp-json\/wp\/v2\/users\/1"}],"replies":[{"embeddable":true,"href":"https:\/\/portalfloresnoar.com\/floresnoar\/wp-json\/wp\/v2\/comments?post=27548"}],"version-history":[{"count":0,"href":"https:\/\/portalfloresnoar.com\/floresnoar\/wp-json\/wp\/v2\/posts\/27548\/revisions"}],"wp:featuredmedia":[{"embeddable":true,"href":"https:\/\/portalfloresnoar.com\/floresnoar\/wp-json\/wp\/v2\/media\/27608"}],"wp:attachment":[{"href":"https:\/\/portalfloresnoar.com\/floresnoar\/wp-json\/wp\/v2\/media?parent=27548"}],"wp:term":[{"taxonomy":"category","embeddable":true,"href":"https:\/\/portalfloresnoar.com\/floresnoar\/wp-json\/wp\/v2\/categories?post=27548"},{"taxonomy":"post_tag","embeddable":true,"href":"https:\/\/portalfloresnoar.com\/floresnoar\/wp-json\/wp\/v2\/tags?post=27548"}],"curies":[{"name":"wp","href":"https:\/\/api.w.org\/{rel}","templated":true}]}}