

{"id":27533,"date":"2017-01-03T14:22:30","date_gmt":"2017-01-03T17:22:30","guid":{"rendered":"http:\/\/portalfloresnoar.com\/floresnoar\/?p=27533"},"modified":"2017-01-03T14:22:30","modified_gmt":"2017-01-03T17:22:30","slug":"agenda-pe-constelacao-familiar-sistemica-com-fatima-nunes-dia-211-no-espaco-gerar","status":"publish","type":"post","link":"https:\/\/portalfloresnoar.com\/floresnoar\/agenda-pe-constelacao-familiar-sistemica-com-fatima-nunes-dia-211-no-espaco-gerar\/","title":{"rendered":"[AGENDA PE] Constela\u00e7\u00e3o Familiar Sist\u00eamica com F\u00e1tima Nunes, dia 21\/1, no Espa\u00e7o Gerar"},"content":{"rendered":"<p><img decoding=\"async\" loading=\"lazy\" class=\"aligncenter size-full wp-image-27534\" alt=\"projeto-constelar-2017\" src=\"http:\/\/portalfloresnoar.com\/floresnoar\/wp-content\/uploads\/2017\/01\/projeto-constelar-2017.jpg\" width=\"700\" height=\"580\" srcset=\"https:\/\/portalfloresnoar.com\/floresnoar\/wp-content\/uploads\/2017\/01\/projeto-constelar-2017.jpg 700w, https:\/\/portalfloresnoar.com\/floresnoar\/wp-content\/uploads\/2017\/01\/projeto-constelar-2017-300x248.jpg 300w\" sizes=\"(max-width: 700px) 100vw, 700px\" \/><\/p>\n<p>A terapeuta e consteladora Sist\u00eamica Familiar F\u00e1tima Nunes realiza no dia 21 de janeiro de 2017, das 9h \u00e0s 12h, no Espa\u00e7o Gerar, encontro de\u00a0Constela\u00e7\u00e3o Familiar Sist\u00eamica.<\/p>\n<p>F\u00e1tima Nunes \u00e9 consteladora Sist\u00eamica Familiar, formada pelo Constelar \u2013 Instituto de Pr\u00e1ticas Sist\u00eamicas do Brasil, e\u00a0mestre em Reiki no Sistema Usui\/Tibetano.<\/p>\n<p>Valor para constelar: R$ 260,00<br \/>\nValor para participar do grupo, especialmente neste m\u00eas de janeiro: R$ 20,00.<\/p>\n<p>Interessados em serem constelados devem entrar em contato com F\u00e1tima Nunes, com anteced\u00eancia, atrav\u00e9s dos telefones: (81)\u00a09 9631.8668\/ 98841.8711.<\/p>\n<p><strong>Local:<\/strong>\u00a0Espa\u00e7o Gerar \u2013 Rua Jorge de Albuquerque, 103, Casa Forte, Recife-PE. Fone: (81) 3268.1749.<\/p>\n","protected":false},"excerpt":{"rendered":"<p>A terapeuta e consteladora Sist\u00eamica Familiar F\u00e1tima Nunes realiza no dia 21 de janeiro de 2017, das 9h \u00e0s 12h, no Espa\u00e7o Gerar, encontro de\u00a0Constela\u00e7\u00e3o Familiar Sist\u00eamica. F\u00e1tima Nunes \u00e9 consteladora Sist\u00eamica Familiar, formada pelo Constelar \u2013 Instituto de Pr\u00e1ticas Sist\u00eamicas do Brasil, e\u00a0mestre em Reiki no Sistema Usui\/Tibetano. Valor para constelar: R$ 260,00 Valor [&hellip;]<\/p>\n","protected":false},"author":1,"featured_media":27535,"comment_status":"open","ping_status":"open","sticky":false,"template":"","format":"standard","meta":{"om_disable_all_campaigns":false,"_monsterinsights_skip_tracking":false,"_monsterinsights_sitenote_active":false,"_monsterinsights_sitenote_note":"","_monsterinsights_sitenote_category":0,"footnotes":""},"categories":[8,224,214],"tags":[302,389],"acf":[],"publishpress_future_action":{"enabled":false,"date":"1969-12-31 21:00:00","action":"","terms":[],"taxonomy":"","browser_timezone_offset":0},"_links":{"self":[{"href":"https:\/\/portalfloresnoar.com\/floresnoar\/wp-json\/wp\/v2\/posts\/27533"}],"collection":[{"href":"https:\/\/portalfloresnoar.com\/floresnoar\/wp-json\/wp\/v2\/posts"}],"about":[{"href":"https:\/\/portalfloresnoar.com\/floresnoar\/wp-json\/wp\/v2\/types\/post"}],"author":[{"embeddable":true,"href":"https:\/\/portalfloresnoar.com\/floresnoar\/wp-json\/wp\/v2\/users\/1"}],"replies":[{"embeddable":true,"href":"https:\/\/portalfloresnoar.com\/floresnoar\/wp-json\/wp\/v2\/comments?post=27533"}],"version-history":[{"count":0,"href":"https:\/\/portalfloresnoar.com\/floresnoar\/wp-json\/wp\/v2\/posts\/27533\/revisions"}],"wp:featuredmedia":[{"embeddable":true,"href":"https:\/\/portalfloresnoar.com\/floresnoar\/wp-json\/wp\/v2\/media\/27535"}],"wp:attachment":[{"href":"https:\/\/portalfloresnoar.com\/floresnoar\/wp-json\/wp\/v2\/media?parent=27533"}],"wp:term":[{"taxonomy":"category","embeddable":true,"href":"https:\/\/portalfloresnoar.com\/floresnoar\/wp-json\/wp\/v2\/categories?post=27533"},{"taxonomy":"post_tag","embeddable":true,"href":"https:\/\/portalfloresnoar.com\/floresnoar\/wp-json\/wp\/v2\/tags?post=27533"}],"curies":[{"name":"wp","href":"https:\/\/api.w.org\/{rel}","templated":true}]}}