

{"id":27528,"date":"2017-01-01T13:07:00","date_gmt":"2017-01-01T16:07:00","guid":{"rendered":"http:\/\/portalfloresnoar.com\/floresnoar\/?p=27528"},"modified":"2017-01-05T13:55:03","modified_gmt":"2017-01-05T16:55:03","slug":"agenda-pe-um-coletivo-realiza-instalacao-no-museu-murillo-la-greca-mostra-fica-em-cartaz-de-1101-a-0402","status":"publish","type":"post","link":"https:\/\/portalfloresnoar.com\/floresnoar\/agenda-pe-um-coletivo-realiza-instalacao-no-museu-murillo-la-greca-mostra-fica-em-cartaz-de-1101-a-0402\/","title":{"rendered":"[AGENDA PE] UM Coletivo realiza instala\u00e7\u00e3o no Museu Murillo La Greca. Mostra fica em cartaz de 11\/01 a 04\/02!"},"content":{"rendered":"<figure id=\"attachment_27529\" aria-describedby=\"caption-attachment-27529\" style=\"width: 720px\" class=\"wp-caption aligncenter\"><img decoding=\"async\" loading=\"lazy\" class=\"size-full wp-image-27529\" alt=\"um-coletivo\" src=\"http:\/\/portalfloresnoar.com\/floresnoar\/wp-content\/uploads\/2017\/01\/Um-Coletivo.jpg\" width=\"720\" height=\"399\" srcset=\"https:\/\/portalfloresnoar.com\/floresnoar\/wp-content\/uploads\/2017\/01\/Um-Coletivo.jpg 720w, https:\/\/portalfloresnoar.com\/floresnoar\/wp-content\/uploads\/2017\/01\/Um-Coletivo-300x166.jpg 300w, https:\/\/portalfloresnoar.com\/floresnoar\/wp-content\/uploads\/2017\/01\/Um-Coletivo-672x372.jpg 672w\" sizes=\"(max-width: 720px) 100vw, 720px\" \/><figcaption id=\"caption-attachment-27529\" class=\"wp-caption-text\">Foto: Divulga\u00e7\u00e3o\/ Um Coletivo<\/figcaption><\/figure>\n<p>Dando continuidade \u00e0s pesquisas sobre som, movimento e nota\u00e7\u00f5es, o UM Coletivo abre, pr\u00f3xima ter\u00e7a-feira (10), a instala\u00e7\u00e3o Arrodeio no museu Murillo La Greca, \u00e0s 18h. Na ocasi\u00e3o, tamb\u00e9m ser\u00e1 lan\u00e7ado um dossi\u00ea a respeito do processo, com textos e ensaios escritos pelos integrantes do grupo. As a\u00e7\u00f5es fazem parte do projeto Pesquisa sobre Som, Corpo e Nota\u00e7\u00f5es, financiada pelo Funcultura Independente 2014-2015. Durante o evento, tamb\u00e9m haver\u00e1 uma s\u00e9rie de performances e apresenta\u00e7\u00f5es de artistas convidados.<\/p>\n<p>A pesquisa, feita para tensionar as rela\u00e7\u00f5es entre som, corpo e movimento e desenvolver um sistema de nota\u00e7\u00f5es para m\u00fasicos e dan\u00e7arinos, aconteceu ao longo deste ano por meio de encontros entre os integrantes e contou com colabora\u00e7\u00e3o do Pachka, duo de m\u00fasica focado em experimenta\u00e7\u00f5es de di\u00e1logos art\u00edsticos. O coletivo ministrou, durante o processo, quatro oficinas gratuitas e ainda vai apresentar um espet\u00e1culo, atualmente em montagem, como contrapartida do projeto.<\/p>\n<p>ARRODEIO \u2013 Para a instala\u00e7\u00e3o, mais que propor uma discuss\u00e3o did\u00e1tica ou pedag\u00f3gica da pesquisa, o UM Coletivo pretende retomar quest\u00f5es que surgiram ao longo do processo. \u201cMais que explanar, queremos discutir algumas inquieta\u00e7\u00f5es do processo por meio de propostas sensoriais\u201d, comentou Daniel de Andrade Lima, diretor e integrante do grupo.<\/p>\n<p>A instala\u00e7\u00e3o prop\u00f5e retomar mem\u00f3rias de afeto e deslocamento do processo criativo da pesquisa. Por meio de sensa\u00e7\u00f5es sinest\u00e9sicas, o UM Coletivo retoma o di\u00e1logo entre som e corpo, m\u00fasica e dan\u00e7a. O termo \u201cArrodeio\u201d \u00e9 uma refer\u00eancia a uma onda senoidal que vai de frequ\u00eancias muito graves a frequ\u00eancias muito agudas utilizada em muitas das din\u00e2micas vivenciadas pelo grupo; refere-se tamb\u00e9m aos ciclos que se concluem e se abrem insistentemente.<\/p>\n<p>Fazem parte de Arrodeio sons, objetos e v\u00eddeos. \u201cQuanto ao som, queremos pens\u00e1-lo como algo presencial, f\u00edsico e tamb\u00e9m como possibilidade de produ\u00e7\u00e3o de sentido, como algo a ser experienciado a partir da cultura\u201d, comentou o diretor art\u00edstico. Tamb\u00e9m faz parte da instala\u00e7\u00e3o uma proje\u00e7\u00e3o com 14 minutos de produ\u00e7\u00f5es imag\u00e9ticas, que v\u00e3o desde imagens ic\u00f4nicas, como pinturas da tradi\u00e7\u00e3o art\u00edstica, at\u00e9 desenhos animados infantis. \u201cS\u00e3o v\u00eddeos que surgiram por quest\u00f5es afetivas ou mesmo por causar inc\u00f4modo, escolhidos a partir de sensa\u00e7\u00f5es e discuss\u00f5es surgidas no processo de pesquisa, pensados por trazerem quest\u00f5es interessantes diante dos outros est\u00edmulos presentes na obra\u201d, apontou Daniel.<\/p>\n<p>DOSSI\u00ca \u2013 O Dossi\u00ea, composto por textos dos integrantes do coletivo e do duo Pachka, discute a pesquisa ocorrida ao longo do ano. De car\u00e1ter mais experiencial e vivencial, os textos abarcam, de diferentes formas, o processo da pesquisa \u2013 realizada por meio de encontros e discuss\u00f5es de te\u00f3ricos do som e do corpo, como Laban, Dalcroze, Schafer e Thereza Rocha e apresenta as possibilidades de nota\u00e7\u00f5es poss\u00edveis, pensadas pelo grupo. Tamb\u00e9m comp\u00f5em o dossi\u00ea ensaios escritos por cada um dos integrantes, a respeito de pontos espec\u00edficos do projeto.<\/p>\n<p><em><strong> Sobre o UM Coletivo<\/strong><\/em><br \/>\nNo come\u00e7o de 2014, o UM Coletivo surgiu a partir de uma vontade de investigar os poss\u00edveis di\u00e1logos entre dan\u00e7a e m\u00fasica. Ainda de forma bastante intuitiva e sem muito rigor acad\u00eamico, oito bailarinos\/performers e dois m\u00fasicos passaram a se encontrar semanalmente para experimentar seus corpos e instrumentos a partir da proposi\u00e7\u00e3o de algumas din\u00e2micas. Dessas viv\u00eancias, surgiu um produto est\u00e9tico num formato de interven\u00e7\u00e3o a que se deu o nome de \u201cConcerto para Corpos Vari\u00e1veis\u201d, que foi apresentado no Atelier Arte da Terra e tamb\u00e9m na UFPE, no Hall do CAC, durante a Semana da M\u00fasica 2014, evento promovido pelo Departamento de M\u00fasica da mesma Universidade.<\/p>\n<p>Ap\u00f3s essa primeira experi\u00eancia, o grupo decidiu tomar mais um passo no caminho para o amadurecimento, tanto artisticamente quanto metodologicamente, e come\u00e7ou a tra\u00e7ar o que seria a segunda etapa da pesquisa sobre som e movimento j\u00e1 iniciada. Em 2015, o grupo apresentou a performance Calor, no Atelier Arte da Terra. Em 2016, o UM Coletivo tamb\u00e9m apresentou o espet\u00e1culo Estou Farto de Semideuses, no Edf. Texas, e participou de diversos eventos, realizando performances, rodas de di\u00e1logo e oficinas.<\/p>\n<p>SERVI\u00c7O<br \/>\n<strong>Instala\u00e7\u00e3o Arrodeio + lan\u00e7amendo do dossi\u00ea do UM Coletivo<\/strong><br \/>\nLocal: Museu Murillo La Greca &#8211; Rua Leonardo Bezerra Cavalcanti, 366, Parnamirim<br \/>\nAbertura: 10\/01, \u00e0s 18h<br \/>\nExposi\u00e7\u00e3o: 11\/01 a 04\/02<br \/>\nHor\u00e1rio de visita\u00e7\u00e3o: Ter\u00e7a a sexta-feira, das 09 \u00e0s 12h e das 14 \u00e0s 17h<br \/>\nS\u00e1bados 14 \u00e0s 18h<\/p>\n<p>AGENDAMENTOS DE VISITAS<br \/>\nEmail:\u00a0educativommlg@gmail.com<br \/>\nTelefone: (81) 3355-3126<\/p>\n","protected":false},"excerpt":{"rendered":"<p>Dando continuidade \u00e0s pesquisas sobre som, movimento e nota\u00e7\u00f5es, o UM Coletivo abre, pr\u00f3xima ter\u00e7a-feira (10), a instala\u00e7\u00e3o Arrodeio no museu Murillo La Greca, \u00e0s 18h. Na ocasi\u00e3o, tamb\u00e9m ser\u00e1 lan\u00e7ado um dossi\u00ea a respeito do processo, com textos e ensaios escritos pelos integrantes do grupo. As a\u00e7\u00f5es fazem parte do projeto Pesquisa sobre Som, [&hellip;]<\/p>\n","protected":false},"author":1,"featured_media":27530,"comment_status":"open","ping_status":"open","sticky":false,"template":"","format":"standard","meta":{"om_disable_all_campaigns":false,"_monsterinsights_skip_tracking":false,"_monsterinsights_sitenote_active":false,"_monsterinsights_sitenote_note":"","_monsterinsights_sitenote_category":0,"footnotes":""},"categories":[8,214],"tags":[332],"acf":[],"publishpress_future_action":{"enabled":false,"date":"1969-12-31 21:00:00","action":"","terms":[],"taxonomy":"","browser_timezone_offset":0},"_links":{"self":[{"href":"https:\/\/portalfloresnoar.com\/floresnoar\/wp-json\/wp\/v2\/posts\/27528"}],"collection":[{"href":"https:\/\/portalfloresnoar.com\/floresnoar\/wp-json\/wp\/v2\/posts"}],"about":[{"href":"https:\/\/portalfloresnoar.com\/floresnoar\/wp-json\/wp\/v2\/types\/post"}],"author":[{"embeddable":true,"href":"https:\/\/portalfloresnoar.com\/floresnoar\/wp-json\/wp\/v2\/users\/1"}],"replies":[{"embeddable":true,"href":"https:\/\/portalfloresnoar.com\/floresnoar\/wp-json\/wp\/v2\/comments?post=27528"}],"version-history":[{"count":0,"href":"https:\/\/portalfloresnoar.com\/floresnoar\/wp-json\/wp\/v2\/posts\/27528\/revisions"}],"wp:featuredmedia":[{"embeddable":true,"href":"https:\/\/portalfloresnoar.com\/floresnoar\/wp-json\/wp\/v2\/media\/27530"}],"wp:attachment":[{"href":"https:\/\/portalfloresnoar.com\/floresnoar\/wp-json\/wp\/v2\/media?parent=27528"}],"wp:term":[{"taxonomy":"category","embeddable":true,"href":"https:\/\/portalfloresnoar.com\/floresnoar\/wp-json\/wp\/v2\/categories?post=27528"},{"taxonomy":"post_tag","embeddable":true,"href":"https:\/\/portalfloresnoar.com\/floresnoar\/wp-json\/wp\/v2\/tags?post=27528"}],"curies":[{"name":"wp","href":"https:\/\/api.w.org\/{rel}","templated":true}]}}