

{"id":27498,"date":"2024-11-15T05:09:44","date_gmt":"2024-11-15T08:09:44","guid":{"rendered":"http:\/\/portalfloresnoar.com\/floresnoar\/?p=27498"},"modified":"2024-11-15T17:38:55","modified_gmt":"2024-11-15T20:38:55","slug":"oracao-de-libertacao-gratidao-inclusao-e-luz-aos-ancestrais-e-a-todo-o-sistema-familiar","status":"publish","type":"post","link":"https:\/\/portalfloresnoar.com\/floresnoar\/oracao-de-libertacao-gratidao-inclusao-e-luz-aos-ancestrais-e-a-todo-o-sistema-familiar\/","title":{"rendered":"Ora\u00e7\u00e3o de Liberta\u00e7\u00e3o &#8211; Gratid\u00e3o, Inclus\u00e3o e Luz aos Ancestrais e a todo o sistema familiar"},"content":{"rendered":"<p>&#8220;Gratid\u00e3o queridos pais, av\u00f3s e demais ancestrais por terem tecido o meu caminho.<br \/>\nImensa gratid\u00e3o pela imensid\u00e3o dos seus sonhos que, de alguma forma, s\u00e3o hoje a minha realidade.<br \/>\nA partir deste ponto e com muito amor, dou luz \u00e0 tristeza que houve nas gera\u00e7\u00f5es passadas, dou luz \u00e0 raiva, \u00e0s partidas prematuras, aos nomes n\u00e3o ditos, aos destinos tr\u00e1gicos.<br \/>\nDou luz \u00e0 flecha que cortou caminhos e tornou a cal\u00e7ada mais f\u00e1cil para n\u00f3s.<br \/>\nDou luz \u00e0 alegria, \u00e0s hist\u00f3rias repetidas v\u00e1rias vezes.<br \/>\nDou luz ao n\u00e3o dito e aos segredos de fam\u00edlia.<br \/>\nDou luz \u00e0s hist\u00f3rias de viol\u00eancia e ruptura entre casais, pais e filhos e entre irm\u00e3os e que seja o tempo e o amor que volte a unir.<br \/>\nDou luz a todas as mem\u00f3rias de limita\u00e7\u00e3o e pobreza, a todas as cren\u00e7as desestruturantes e negativas que permeiem o meu sistema familiar.<br \/>\nAqui e agora semeio uma nova esperan\u00e7a, alegria, uni\u00e3o, prosperidade, entrega, equil\u00edbrio, ousadia, f\u00e9, for\u00e7a, supera\u00e7\u00e3o, amor, amor e amor.<br \/>\nQue todas as gera\u00e7\u00f5es passadas e futuras sejam agora, neste instante, cobertas com um arco-\u00edris de luzes que curem e restaurem o corpo, a alma e todos os relacionamentos.<br \/>\nQue a for\u00e7a e a b\u00ean\u00e7\u00e3o de cada gera\u00e7\u00e3o alcance sempre e inunde a gera\u00e7\u00e3o seguinte.<br \/>\nAssim seja.<br \/>\nAssim \u00e9!&#8221;<\/p>\n<p><em>(Fonte: desconhecida)<\/em><\/p>\n","protected":false},"excerpt":{"rendered":"<p>&#8220;Gratid\u00e3o queridos pais, av\u00f3s e demais ancestrais por terem tecido o meu caminho. Imensa gratid\u00e3o pela imensid\u00e3o dos seus sonhos que, de alguma forma, s\u00e3o hoje a minha realidade. A partir deste ponto e com muito amor, dou luz \u00e0 tristeza que houve nas gera\u00e7\u00f5es passadas, dou luz \u00e0 raiva, \u00e0s partidas prematuras, aos nomes [&hellip;]<\/p>\n","protected":false},"author":1,"featured_media":27499,"comment_status":"open","ping_status":"open","sticky":false,"template":"","format":"standard","meta":{"om_disable_all_campaigns":false,"_monsterinsights_skip_tracking":false,"_monsterinsights_sitenote_active":false,"_monsterinsights_sitenote_note":"","_monsterinsights_sitenote_category":0,"footnotes":""},"categories":[13],"tags":[172,138,129],"acf":[],"publishpress_future_action":{"enabled":false,"date":"1969-12-31 21:00:00","action":"","terms":[],"taxonomy":"","browser_timezone_offset":0},"_links":{"self":[{"href":"https:\/\/portalfloresnoar.com\/floresnoar\/wp-json\/wp\/v2\/posts\/27498"}],"collection":[{"href":"https:\/\/portalfloresnoar.com\/floresnoar\/wp-json\/wp\/v2\/posts"}],"about":[{"href":"https:\/\/portalfloresnoar.com\/floresnoar\/wp-json\/wp\/v2\/types\/post"}],"author":[{"embeddable":true,"href":"https:\/\/portalfloresnoar.com\/floresnoar\/wp-json\/wp\/v2\/users\/1"}],"replies":[{"embeddable":true,"href":"https:\/\/portalfloresnoar.com\/floresnoar\/wp-json\/wp\/v2\/comments?post=27498"}],"version-history":[{"count":1,"href":"https:\/\/portalfloresnoar.com\/floresnoar\/wp-json\/wp\/v2\/posts\/27498\/revisions"}],"predecessor-version":[{"id":45134,"href":"https:\/\/portalfloresnoar.com\/floresnoar\/wp-json\/wp\/v2\/posts\/27498\/revisions\/45134"}],"wp:featuredmedia":[{"embeddable":true,"href":"https:\/\/portalfloresnoar.com\/floresnoar\/wp-json\/wp\/v2\/media\/27499"}],"wp:attachment":[{"href":"https:\/\/portalfloresnoar.com\/floresnoar\/wp-json\/wp\/v2\/media?parent=27498"}],"wp:term":[{"taxonomy":"category","embeddable":true,"href":"https:\/\/portalfloresnoar.com\/floresnoar\/wp-json\/wp\/v2\/categories?post=27498"},{"taxonomy":"post_tag","embeddable":true,"href":"https:\/\/portalfloresnoar.com\/floresnoar\/wp-json\/wp\/v2\/tags?post=27498"}],"curies":[{"name":"wp","href":"https:\/\/api.w.org\/{rel}","templated":true}]}}