

{"id":27476,"date":"2016-11-05T13:10:24","date_gmt":"2016-11-05T16:10:24","guid":{"rendered":"http:\/\/portalfloresnoar.com\/floresnoar\/?p=27476"},"modified":"2017-01-20T13:43:57","modified_gmt":"2017-01-20T16:43:57","slug":"agenda-pe-curso-de-essencias-florais-do-pacifico-tem-inicio-no-dia-20-de-janeiro-no-recife","status":"publish","type":"post","link":"https:\/\/portalfloresnoar.com\/floresnoar\/agenda-pe-curso-de-essencias-florais-do-pacifico-tem-inicio-no-dia-20-de-janeiro-no-recife\/","title":{"rendered":"[AGENDA PE] Curso de Ess\u00eancias Florais do Pac\u00edfico tem in\u00edcio no dia 20 de janeiro no Recife"},"content":{"rendered":"<p><img decoding=\"async\" loading=\"lazy\" class=\"aligncenter size-full wp-image-27479\" alt=\"curso-florais-do-pacifico\" src=\"http:\/\/portalfloresnoar.com\/floresnoar\/wp-content\/uploads\/2016\/12\/curso-florais-do-pacifico.jpg\" width=\"640\" height=\"218\" srcset=\"https:\/\/portalfloresnoar.com\/floresnoar\/wp-content\/uploads\/2016\/12\/curso-florais-do-pacifico.jpg 640w, https:\/\/portalfloresnoar.com\/floresnoar\/wp-content\/uploads\/2016\/12\/curso-florais-do-pacifico-300x102.jpg 300w\" sizes=\"(max-width: 640px) 100vw, 640px\" \/><\/p>\n<p>A m\u00e9dica homeopata e terapeuta Floral Tereza Guimar\u00e3es realiza a partir de janeiro de 2017, no Recife, o Curso de Ess\u00eancias Florais do Pac\u00edfico. A forma\u00e7\u00e3o tem carga hor\u00e1ria de 60 horas e faz parte do <em>Programa de Certifica\u00e7\u00e3o Internacional em Terapia Floral pela Pacific Essences<\/em>, que apresenta as Ess\u00eancias do Pac\u00edfico e os conceitos b\u00e1sicos da MTC &#8211; Medicina Tradicional Chinesa.<\/p>\n<p>O primeiro m\u00f3dulo do curso acontece nos dias 20 e 21 de janeiro de 2017. Os encontros ser\u00e3o\u00a0quinzenais em m\u00f3dulos independentes, certificados pela produtora Sabina Pettitt da Pacific Essences , Victoria BC, Canad\u00e1.<\/p>\n<p>De acordo com Tereza Cristina Guimar\u00e3es, as Ess\u00eancias Vibracionais da Pacific Essences s\u00e3o origin\u00e1rias do oeste do Canad\u00e1, onde h\u00e1 \u00e1reas ainda pouco tocadas pelo homem. &#8220;S\u00e3o rem\u00e9dios vibracionais advindos dos reinos das plantas, do mar e dos minerais, cujos efeitos podem dar suporte vital ao sistema energ\u00e9tico humano e podem abranger todos os aspectos do ser: f\u00edsico, emocional, mental, e espiritual, promovendo harmonia e equil\u00edbrio.&#8221;<\/p>\n<p>O sistema ancora-se na Tradicional Medicina Chinesa, e tem suas flores, gemas, seres do mar e algas catalogados de acordo com o ciclo Shen dos 5 elementos: metal, \u00e1gua, madeira, fogo e terra. Cada um desses elementos est\u00e1 relacionado a org\u00e3os e fun\u00e7\u00f5es do corpo, aos quais s\u00e3o atribu\u00eddos significados de natureza f\u00edsica e psicol\u00f3gica.<\/p>\n<p>Tereza explica que as ess\u00eancias restauram a harmonia dos padr\u00f5es vibrat\u00f3rios e s\u00e3o uma ferramenta preciosa para aqueles envolvidos com a cura e a auto-transforma\u00e7\u00e3o, trabalhando tanto com as faculdades do consciente quanto com as do inconsciente e, ao mesmo tempo, dando suporte individualizado \u00e0s respostas diversas de cada indiv\u00edduo.<\/p>\n<figure id=\"attachment_27477\" aria-describedby=\"caption-attachment-27477\" style=\"width: 168px\" class=\"wp-caption alignright\"><img decoding=\"async\" loading=\"lazy\" class=\" wp-image-27477  \" alt=\"sabina-pettitt-florais-pacifico\" src=\"http:\/\/portalfloresnoar.com\/floresnoar\/wp-content\/uploads\/2016\/12\/sabina-pettitt-florais-pacifico.jpg\" width=\"168\" height=\"202\" srcset=\"https:\/\/portalfloresnoar.com\/floresnoar\/wp-content\/uploads\/2016\/12\/sabina-pettitt-florais-pacifico.jpg 300w, https:\/\/portalfloresnoar.com\/floresnoar\/wp-content\/uploads\/2016\/12\/sabina-pettitt-florais-pacifico-249x300.jpg 249w\" sizes=\"(max-width: 168px) 100vw, 168px\" \/><figcaption id=\"caption-attachment-27477\" class=\"wp-caption-text\">Sabina Pettitt, criadora das Ess\u00eancias do Pac\u00edfico<\/figcaption><\/figure>\n<p>De acordo com a produtora da Pacific Essences, Sabina Pettitt, a terapia das ess\u00eancias \u00e9 baseada em dois princ\u00edpios:<br \/>\n1. O corpo humano tem a habilidade inata de curar a si mesmo.<br \/>\n2. As ess\u00eancias t\u00eam o poder de ativar esse processo natural.<\/p>\n<p>CONTE\u00daDO PROGRAM\u00c1TICO<br \/>\n&#8211; A rela\u00e7\u00e3o entre as ess\u00eancias do Pacifico e os meridianos da Medicina Chinesa. Saber definir as ess\u00eancias a serem utilizadas atrav\u00e9s do teste muscular da Kinesiologia;<br \/>\n&#8211; Aprendizado em profundidade das ess\u00eancias florais, marinhas e gemas que comp\u00f5em o sistema;<br \/>\n&#8211; M\u00e9todo de preparo das ess\u00eancias florais;<br \/>\n&#8211; Autoconhecimento atrav\u00e9s da observa\u00e7\u00e3o do gestual e padr\u00e3o de atua\u00e7\u00e3o das ess\u00eancias.<\/p>\n<figure id=\"attachment_27478\" aria-describedby=\"caption-attachment-27478\" style=\"width: 204px\" class=\"wp-caption alignleft\"><img decoding=\"async\" loading=\"lazy\" class=\"wp-image-27478 \" alt=\"tereza-guimaraes-florais\" src=\"http:\/\/portalfloresnoar.com\/floresnoar\/wp-content\/uploads\/2016\/12\/tereza-guimaraes-florais.jpg\" width=\"204\" height=\"204\" srcset=\"https:\/\/portalfloresnoar.com\/floresnoar\/wp-content\/uploads\/2016\/12\/tereza-guimaraes-florais.jpg 364w, https:\/\/portalfloresnoar.com\/floresnoar\/wp-content\/uploads\/2016\/12\/tereza-guimaraes-florais-150x150.jpg 150w, https:\/\/portalfloresnoar.com\/floresnoar\/wp-content\/uploads\/2016\/12\/tereza-guimaraes-florais-300x300.jpg 300w, https:\/\/portalfloresnoar.com\/floresnoar\/wp-content\/uploads\/2016\/12\/tereza-guimaraes-florais-100x100.jpg 100w\" sizes=\"(max-width: 204px) 100vw, 204px\" \/><figcaption id=\"caption-attachment-27478\" class=\"wp-caption-text\">Tereza Guimar\u00e3es ministrar\u00e1 o curso no Recife<\/figcaption><\/figure>\n<p>&nbsp;<\/p>\n<p style=\"text-align: left;\">FACILITADORA<br \/>\n<strong><\/strong><\/p>\n<p style=\"text-align: left;\"><strong>Tereza Cristina Guimar\u00e3es<\/strong> \u00e9 medica homeopata, practitioner e professora autorizada nas ess\u00eancia florais da California (FES) e do Pacifico (Pacific Essences), al\u00e9m de Kinesiologista pela escola de Kinesiologia avan\u00e7ada de Portugal.<\/p>\n<p>&nbsp;<\/p>\n<p>&nbsp;<\/p>\n<p>SERVI\u00c7O<br \/>\n<strong>Curso de Ess\u00eancias Florais do Pac\u00edfico<\/strong><\/p>\n<p><strong>Datas:<\/strong><br \/>\n20 e 21 de janeiro de 2017<br \/>\n3 e 4 de fevereiro\u00a0de 2017<br \/>\n17 e 18 de fevereiro\u00a0de 2017<br \/>\n10 e 11 de mar\u00e7o\u00a0de 2017<br \/>\n24 e 25 de mar\u00e7o\u00a0de 2017<\/p>\n<p><strong>Hor\u00e1rio<\/strong>:<br \/>\nSextas-feiras de 16h \u00e0s 20h<br \/>\nS\u00e1bados de 9h \u00e0s 18h<\/p>\n<p><strong>Local: <\/strong>CENTRO LOGOS\u00a0&#8211; Rua Desembargador Edmundo Jord\u00e3o 262 &#8211; Tamarineira, Recife, PE<\/p>\n<p><strong>Investimento:<\/strong> R$ 400,00 por m\u00f3dulo (este valor poder\u00e1 ser parcelado em at\u00e9 5 vezes)<\/p>\n<p>INSCRI\u00c7\u00d5ES e MAIS INFORMA\u00c7\u00d5ES<br \/>\n<strong>Email:<\/strong> terezaguimaraescursos@gmail.com | terezaguimaraess@yahoo.com.br<br \/>\n<strong>Fones:<\/strong> Centro Logos (81) 3097.8880\/(81) 98605.4473<br \/>\n<strong>Site:<\/strong> <a href=\"http:\/\/terezaguimaraess.wix.com\/tereza-guimaraes\" target=\"_blank\">terezaguimaraess.wix.com\/tereza-guimaraes<\/a><\/p>\n<p><strong>Saiba mais sobre os Florais do Pac\u00edfico:<\/strong> <a href=\"http:\/\/www.essenciasflorais.com.br\/\" target=\"_blank\">http:\/\/www.essenciasflorais.com.br\/<\/a><\/p>\n","protected":false},"excerpt":{"rendered":"<p>A m\u00e9dica homeopata e terapeuta Floral Tereza Guimar\u00e3es realiza a partir de janeiro de 2017, no Recife, o Curso de Ess\u00eancias Florais do Pac\u00edfico. A forma\u00e7\u00e3o tem carga hor\u00e1ria de 60 horas e faz parte do Programa de Certifica\u00e7\u00e3o Internacional em Terapia Floral pela Pacific Essences, que apresenta as Ess\u00eancias do Pac\u00edfico e os conceitos [&hellip;]<\/p>\n","protected":false},"author":1,"featured_media":27480,"comment_status":"open","ping_status":"open","sticky":false,"template":"","format":"standard","meta":{"om_disable_all_campaigns":false,"_monsterinsights_skip_tracking":false,"_monsterinsights_sitenote_active":false,"_monsterinsights_sitenote_note":"","_monsterinsights_sitenote_category":0,"footnotes":""},"categories":[8,224,214],"tags":[167,70],"acf":[],"publishpress_future_action":{"enabled":false,"date":"1969-12-31 21:00:00","action":"","terms":[],"taxonomy":"","browser_timezone_offset":0},"_links":{"self":[{"href":"https:\/\/portalfloresnoar.com\/floresnoar\/wp-json\/wp\/v2\/posts\/27476"}],"collection":[{"href":"https:\/\/portalfloresnoar.com\/floresnoar\/wp-json\/wp\/v2\/posts"}],"about":[{"href":"https:\/\/portalfloresnoar.com\/floresnoar\/wp-json\/wp\/v2\/types\/post"}],"author":[{"embeddable":true,"href":"https:\/\/portalfloresnoar.com\/floresnoar\/wp-json\/wp\/v2\/users\/1"}],"replies":[{"embeddable":true,"href":"https:\/\/portalfloresnoar.com\/floresnoar\/wp-json\/wp\/v2\/comments?post=27476"}],"version-history":[{"count":0,"href":"https:\/\/portalfloresnoar.com\/floresnoar\/wp-json\/wp\/v2\/posts\/27476\/revisions"}],"wp:featuredmedia":[{"embeddable":true,"href":"https:\/\/portalfloresnoar.com\/floresnoar\/wp-json\/wp\/v2\/media\/27480"}],"wp:attachment":[{"href":"https:\/\/portalfloresnoar.com\/floresnoar\/wp-json\/wp\/v2\/media?parent=27476"}],"wp:term":[{"taxonomy":"category","embeddable":true,"href":"https:\/\/portalfloresnoar.com\/floresnoar\/wp-json\/wp\/v2\/categories?post=27476"},{"taxonomy":"post_tag","embeddable":true,"href":"https:\/\/portalfloresnoar.com\/floresnoar\/wp-json\/wp\/v2\/tags?post=27476"}],"curies":[{"name":"wp","href":"https:\/\/api.w.org\/{rel}","templated":true}]}}