

{"id":27457,"date":"2016-12-30T18:32:20","date_gmt":"2016-12-30T21:32:20","guid":{"rendered":"http:\/\/portalfloresnoar.com\/floresnoar\/?p=27457"},"modified":"2017-09-08T12:25:45","modified_gmt":"2017-09-08T15:25:45","slug":"editorial-em-2017-desejamos-que-nossos-leitores-mergulhem-cada-vez-mais-no-autoconhecimento-e-na-auto-responsabilidade","status":"publish","type":"post","link":"https:\/\/portalfloresnoar.com\/floresnoar\/editorial-em-2017-desejamos-que-nossos-leitores-mergulhem-cada-vez-mais-no-autoconhecimento-e-na-auto-responsabilidade\/","title":{"rendered":"[EDITORIAL] Em 2017, desejamos a tod@s mais autoconhecimento e auto-responsabilidade!"},"content":{"rendered":"<pre>| Por Lu Rabelo |<\/pre>\n<figure id=\"attachment_27459\" aria-describedby=\"caption-attachment-27459\" style=\"width: 272px\" class=\"wp-caption alignleft\"><img decoding=\"async\" loading=\"lazy\" class=\"wp-image-27459 \" src=\"http:\/\/portalfloresnoar.com\/floresnoar\/wp-content\/uploads\/2016\/12\/old_path_A-Estrela.jpg\" alt=\"old_path_a-estrela\" width=\"272\" height=\"500\" srcset=\"https:\/\/portalfloresnoar.com\/floresnoar\/wp-content\/uploads\/2016\/12\/old_path_A-Estrela.jpg 388w, https:\/\/portalfloresnoar.com\/floresnoar\/wp-content\/uploads\/2016\/12\/old_path_A-Estrela-163x300.jpg 163w\" sizes=\"(max-width: 272px) 100vw, 272px\" \/><figcaption id=\"caption-attachment-27459\" class=\"wp-caption-text\">A Estrela (Tarot Old Path)<\/figcaption><\/figure>\n<p style=\"text-align: left;\">Eita 2016 doido!<br \/>\nComo \u00e9 que pode estar acontecendo tudo que est\u00e1 acontecendo neste Brasil, nesta Terra?!<br \/>\nMuitos seres humanos ao contr\u00e1rio.<br \/>\nMuito retrocesso!<\/p>\n<p>Mas foi tamb\u00e9m um ano de muita revela\u00e7\u00e3o. As sombras se mostrando de forma expl\u00edcita. O mundo precisando mais e mais de Cura, em todos os sentidos.<\/p>\n<p>E 2017? O que vir\u00e1 com este novo ciclo? O que cada um de n\u00f3s est\u00e1 fazendo para mudar?<\/p>\n<p>A sensa\u00e7\u00e3o n\u00edtida que tenho \u00e9 que n\u00e3o d\u00e1 mais pra encobrir com v\u00e9us nossas fraquezas e sim encar\u00e1-las e transformar o que precisa ser transformado. Est\u00e1 claro que o sistema em que vivemos n\u00e3o respeita a Natureza, n\u00e3o \u00e9 regido pelo Amor. A mudan\u00e7a precisa ser grande!<\/p>\n<p>N\u00f3s do Flores no Ar continuaremos firmes divulgando e fortalecendo os valores nos quais acreditamos, valores estes, sim, guiados pelo Amor e pelo respeito \u00e0 Natureza.<\/p>\n<p>Desejamos que nossos leitores mergulhem cada vez mais no autoconhecimento e sejam auto-respons\u00e1veis por todos os seus passos, todas as suas escolhas.<\/p>\n<p>Ao come\u00e7ar a escrever este editorial de Ano Novo, visitei o <span style=\"text-decoration: underline;\"><a href=\"http:\/\/portalfloresnoar.com\/floresnoar\/2017-um-ano-de-muitos-significados\/\" target=\"_blank\" rel=\"noopener\">artigo da nossa colunista de Tarot, Sabrina Carvalho<\/a><\/span>, onde ela faz uma singular reflex\u00e3o sobre os arcanos regentes de 2017, destacando A Estrela, que indica que \u201ca sa\u00edda \u00e9 pela esperan\u00e7a, pela alimenta\u00e7\u00e3o dos sonhos, da beleza, da intui\u00e7\u00e3o que leva \u00e0 transforma\u00e7\u00e3o\u2026\u201d<\/p>\n<p>Lembrei ent\u00e3o de um poema que escrevi h\u00e1 algum tempo sobre este Arcano. Dedico os versos abaixo a tod@s os parceir@s e leitores do Flores no Ar. Que em 2017 A Estrela reine em nossas vidas!<\/p>\n<p><strong>A ESTRELA<\/strong><\/p>\n<p><strong>A Estrela no c\u00e9u apareceu<\/strong><br \/>\n<strong> Era noite na curva do caminho<\/strong><br \/>\n<strong> A entrega chegou devagarinho<\/strong><br \/>\n<strong> As vontades ao Cosmo ofereceu<\/strong><br \/>\n<strong> Esperan\u00e7a na Terra floresceu<\/strong><br \/>\n<strong> Lumiando a trilha aben\u00e7oada<\/strong><br \/>\n<strong> Integrando as vias da jornada<\/strong><br \/>\n<strong> Fecundando a semente, a ess\u00eancia&#8230;<\/strong><br \/>\n<strong> Confian\u00e7a acredita em paci\u00eancia<\/strong><br \/>\n<strong> Silencia, escutando a passarada.<\/strong><\/p>\n<p><strong>E do canto que vem da Natureza<\/strong><br \/>\n<strong> Brota Amor, brota F\u00e9 e Liberdade<\/strong><br \/>\n<strong> Perpetua-se a Ancestralidade<\/strong><br \/>\n<strong> Crescem sonhos nutridos de pureza<\/strong><br \/>\n<strong> Brilham dons, assumidos com inteireza<\/strong><br \/>\n<strong> Sombra e luz se comungam no viver<\/strong><br \/>\n<strong> Morte e vida acolhidas pelo ser<\/strong><br \/>\n<strong> Plenitude plantando inspira\u00e7\u00e3o<\/strong><br \/>\n<strong> Harmonia do todo em cria\u00e7\u00e3o<\/strong><br \/>\n<strong> Fortaleza no novo renascer.<\/strong><\/p>\n<p><strong>\u00c9 chegado o momento de seguir<\/strong><br \/>\n<strong> Com leveza e mais percep\u00e7\u00e3o<\/strong><br \/>\n<strong> O intuito da vida, a miss\u00e3o<\/strong><br \/>\n<strong> Aceitando o que tiver de vir.<\/strong><br \/>\n<strong> Crer no nobre poder de intuir<\/strong><br \/>\n<strong> Com coragem ver a realidade<\/strong><br \/>\n<strong> Desnudar-se das vestes da vaidade<\/strong><br \/>\n<strong> E pelada dan\u00e7ar agradecida<\/strong><br \/>\n<strong> Celebrar a libido e a lida<\/strong><br \/>\n<strong> N\u2019Alquimia infinita da verdade<\/strong><\/p>\n<p><strong>Arco-\u00edris entoa a exist\u00eancia<\/strong><br \/>\n<strong> Fogo e \u00e1gua unidos a criar<\/strong><br \/>\n<strong> C\u00e1 na Terra o ser rodopiar<\/strong><br \/>\n<strong> Na magia da luz na inconsci\u00eancia<\/strong><br \/>\n<strong> Na grandeza do que \u00e9 consci\u00eancia<\/strong><br \/>\n<strong> Na nudez de uma anuncia\u00e7\u00e3o<\/strong><br \/>\n<strong> Devolvendo ao barro a emo\u00e7\u00e3o<\/strong><br \/>\n<strong> Recolhendo o que tem de serventia<\/strong><br \/>\n<strong> A estrela interna \u00e9 a guia<\/strong><br \/>\n<strong> Artes\u00e3 dentro da Constela\u00e7\u00e3o.<\/strong><\/p>\n<p><em>Lu Rabelo<\/em><\/p>\n<pre>*<a href=\"https:\/\/www.facebook.com\/cantodelu7\/\" target=\"_blank\" rel=\"noopener\">Lu Rabelo<\/a> \u00e9 cantadeira, arteterapeuta e editora do Portal Flores no Ar<\/pre>\n","protected":false},"excerpt":{"rendered":"<p>| Por Lu Rabelo | Eita 2016 doido! Como \u00e9 que pode estar acontecendo tudo que est\u00e1 acontecendo neste Brasil, nesta Terra?! Muitos seres humanos ao contr\u00e1rio. Muito retrocesso! Mas foi tamb\u00e9m um ano de muita revela\u00e7\u00e3o. As sombras se mostrando de forma expl\u00edcita. O mundo precisando mais e mais de Cura, em todos os [&hellip;]<\/p>\n","protected":false},"author":1,"featured_media":27458,"comment_status":"open","ping_status":"open","sticky":false,"template":"","format":"standard","meta":{"om_disable_all_campaigns":false,"_monsterinsights_skip_tracking":false,"_monsterinsights_sitenote_active":false,"_monsterinsights_sitenote_note":"","_monsterinsights_sitenote_category":0,"footnotes":""},"categories":[220],"tags":[388,368],"acf":[],"publishpress_future_action":{"enabled":false,"date":"1969-12-31 21:00:00","action":"","terms":[],"taxonomy":"","browser_timezone_offset":0},"_links":{"self":[{"href":"https:\/\/portalfloresnoar.com\/floresnoar\/wp-json\/wp\/v2\/posts\/27457"}],"collection":[{"href":"https:\/\/portalfloresnoar.com\/floresnoar\/wp-json\/wp\/v2\/posts"}],"about":[{"href":"https:\/\/portalfloresnoar.com\/floresnoar\/wp-json\/wp\/v2\/types\/post"}],"author":[{"embeddable":true,"href":"https:\/\/portalfloresnoar.com\/floresnoar\/wp-json\/wp\/v2\/users\/1"}],"replies":[{"embeddable":true,"href":"https:\/\/portalfloresnoar.com\/floresnoar\/wp-json\/wp\/v2\/comments?post=27457"}],"version-history":[{"count":0,"href":"https:\/\/portalfloresnoar.com\/floresnoar\/wp-json\/wp\/v2\/posts\/27457\/revisions"}],"wp:featuredmedia":[{"embeddable":true,"href":"https:\/\/portalfloresnoar.com\/floresnoar\/wp-json\/wp\/v2\/media\/27458"}],"wp:attachment":[{"href":"https:\/\/portalfloresnoar.com\/floresnoar\/wp-json\/wp\/v2\/media?parent=27457"}],"wp:term":[{"taxonomy":"category","embeddable":true,"href":"https:\/\/portalfloresnoar.com\/floresnoar\/wp-json\/wp\/v2\/categories?post=27457"},{"taxonomy":"post_tag","embeddable":true,"href":"https:\/\/portalfloresnoar.com\/floresnoar\/wp-json\/wp\/v2\/tags?post=27457"}],"curies":[{"name":"wp","href":"https:\/\/api.w.org\/{rel}","templated":true}]}}