

{"id":27413,"date":"2016-12-27T18:21:29","date_gmt":"2016-12-27T21:21:29","guid":{"rendered":"http:\/\/portalfloresnoar.com\/floresnoar\/?p=27413"},"modified":"2017-01-04T14:02:25","modified_gmt":"2017-01-04T17:02:25","slug":"agenda-pe-grupo-de-autoconhecimento-com-contelacao-familiar-a-partir-de-11-de-janeiro-no-recife","status":"publish","type":"post","link":"https:\/\/portalfloresnoar.com\/floresnoar\/agenda-pe-grupo-de-autoconhecimento-com-contelacao-familiar-a-partir-de-11-de-janeiro-no-recife\/","title":{"rendered":"[AGENDA PE] Grupo de Autoconhecimento com Constela\u00e7\u00e3o Familiar a partir de 11 de janeiro no Recife"},"content":{"rendered":"<p><img decoding=\"async\" loading=\"lazy\" class=\"aligncenter size-full wp-image-27415\" alt=\"grupo-constelacao-familiar\" src=\"http:\/\/portalfloresnoar.com\/floresnoar\/wp-content\/uploads\/2016\/12\/grupo-constelacao-familiar.jpg\" width=\"700\" height=\"933\" srcset=\"https:\/\/portalfloresnoar.com\/floresnoar\/wp-content\/uploads\/2016\/12\/grupo-constelacao-familiar.jpg 700w, https:\/\/portalfloresnoar.com\/floresnoar\/wp-content\/uploads\/2016\/12\/grupo-constelacao-familiar-225x300.jpg 225w\" sizes=\"(max-width: 700px) 100vw, 700px\" \/><\/p>\n<p>Est\u00e3o abertas as inscri\u00e7\u00f5es para o Grupo de Autoconhecimento com Constela\u00e7\u00e3o Familiar, com a terapeuta Carla de Paula Campos. Os encontros ser\u00e3o realizados em quatro quartas-feiras, \u00e0s 14h30, a partir do dia 11 de janeiro de 2017.<\/p>\n<p>&#8220;A Constela\u00e7\u00e3o Familiar Sist\u00eamica nos ajuda a encontrar o nosso caminho, aquele que pertence \u00e0 nossa alma, mas que, \u00e0s vezes, se confunde com o destino de outros familiares, tirando-nos do nosso centro de for\u00e7a e, ao mesmo tempo, de leveza. Muitas pessoas se perguntam o que est\u00e1 por tr\u00e1s desse trabalho que \u00e9 muito forte, mas \u00e0s vezes parece t\u00e3o misterioso. No grupo de autoconhecimento, \u00e9 poss\u00edvel conhecer um pouco dessa \u2018consci\u00eancia superior\u2019 que est\u00e1 presente nas constela\u00e7\u00f5es e experimentar essa energia no pr\u00f3prio corpo, observando a pr\u00f3pria hist\u00f3ria com carinho e compaix\u00e3o&#8221;,\u00a0declara Carla de Paula, facilitadora do grupo.<\/p>\n<p>De acordo com Carla, o grupo trabalhar\u00e1 exerc\u00edcios de constela\u00e7\u00e3o em grupos menores. &#8220;As d\u00favidas, os sentimentos e os ensinamentos para o chamado \u2018equil\u00edbrio sist\u00eamico\u2019 s\u00e3o partilhados entre um exerc\u00edcio e outro.&#8221;<\/p>\n<p>O grupo deve caminhar junto por 4 encontros, crescendo coletivamente, mas h\u00e1 op\u00e7\u00f5es de participa\u00e7\u00e3o individual em encontros isolados com valores diferenciados. A inscri\u00e7\u00e3o \u00e9 individual e deve ser feita previamente, as vagas s\u00e3o limitadas.<\/p>\n<p><strong>1\u00ba Encontro (11\/01): A Consci\u00eancia do Eu, do grupo, da alma<\/strong><br \/>\n&#8211; Ancestralidade<br \/>\n&#8211; O dom da vida<\/p>\n<p><strong>2\u00ba Encontro (18\/01): Dar e receber, somos seres sociais<\/strong><br \/>\n&#8211; O equil\u00edbrio nas rela\u00e7\u00f5es<br \/>\n&#8211; O dom da ajuda<\/p>\n<p><strong>3\u00ba Encontro (25\/01): Os relacionamentos \u00edntimos<\/strong><br \/>\n&#8211; Amor, Sexualidade, Sensualidade<br \/>\n&#8211; Masculino e Feminino<\/p>\n<p><strong>4\u00ba Encontro (01\/02): O caminho, as oportunidades, a prosperidade<\/strong><br \/>\n&#8211; O livre caminhar<br \/>\n&#8211; Expans\u00e3o e retraimento dos planos<br \/>\n&#8211; A prosperidade<\/p>\n<p><strong>Data:<\/strong> Quartas-feiras, a partir de 11\/01\/17<br \/>\n<strong>Hora:<\/strong> 14h30<br \/>\n<strong>Local:<\/strong> sConstTear \u2013 Rua Nicar\u00e1gua, 85, sala 2d2, Espinheiro, Recife\u00a0(na rua do \u201cMedical\u201d da Agamenon Magalh\u00e3es)<br \/>\n<strong>Contribui\u00e7\u00e3o total 4 encontros:<\/strong> R$ 80<br \/>\n<strong>Facilitadora:<\/strong> Carla de Paula Campos \u2013 Forma\u00e7\u00e3o: Instituto Constelar\/PE<\/p>\n<p><strong>Informa\u00e7\u00f5es e inscri\u00e7\u00f5es:<\/strong><br \/>\ncarladepaulacampos@gmail.com<br \/>\n99655.0212 (Tim e Whatsapp)<br \/>\nFacebook: <a href=\"https:\/\/www.facebook.com\/CSX-Sconsttear-1066800696729898\/?fref=ts\" target=\"_blank\">https:\/\/www.facebook.com\/CSX-Sconsttear-1066800696729898\/?fref=ts<\/a><\/p>\n","protected":false},"excerpt":{"rendered":"<p>Est\u00e3o abertas as inscri\u00e7\u00f5es para o Grupo de Autoconhecimento com Constela\u00e7\u00e3o Familiar, com a terapeuta Carla de Paula Campos. Os encontros ser\u00e3o realizados em quatro quartas-feiras, \u00e0s 14h30, a partir do dia 11 de janeiro de 2017. &#8220;A Constela\u00e7\u00e3o Familiar Sist\u00eamica nos ajuda a encontrar o nosso caminho, aquele que pertence \u00e0 nossa alma, mas [&hellip;]<\/p>\n","protected":false},"author":1,"featured_media":27414,"comment_status":"open","ping_status":"open","sticky":false,"template":"","format":"standard","meta":{"om_disable_all_campaigns":false,"_monsterinsights_skip_tracking":false,"_monsterinsights_sitenote_active":false,"_monsterinsights_sitenote_note":"","_monsterinsights_sitenote_category":0,"footnotes":""},"categories":[8,214],"tags":[151,302,389],"acf":[],"publishpress_future_action":{"enabled":false,"date":"1969-12-31 21:00:00","action":"","terms":[],"taxonomy":"","browser_timezone_offset":0},"_links":{"self":[{"href":"https:\/\/portalfloresnoar.com\/floresnoar\/wp-json\/wp\/v2\/posts\/27413"}],"collection":[{"href":"https:\/\/portalfloresnoar.com\/floresnoar\/wp-json\/wp\/v2\/posts"}],"about":[{"href":"https:\/\/portalfloresnoar.com\/floresnoar\/wp-json\/wp\/v2\/types\/post"}],"author":[{"embeddable":true,"href":"https:\/\/portalfloresnoar.com\/floresnoar\/wp-json\/wp\/v2\/users\/1"}],"replies":[{"embeddable":true,"href":"https:\/\/portalfloresnoar.com\/floresnoar\/wp-json\/wp\/v2\/comments?post=27413"}],"version-history":[{"count":0,"href":"https:\/\/portalfloresnoar.com\/floresnoar\/wp-json\/wp\/v2\/posts\/27413\/revisions"}],"wp:featuredmedia":[{"embeddable":true,"href":"https:\/\/portalfloresnoar.com\/floresnoar\/wp-json\/wp\/v2\/media\/27414"}],"wp:attachment":[{"href":"https:\/\/portalfloresnoar.com\/floresnoar\/wp-json\/wp\/v2\/media?parent=27413"}],"wp:term":[{"taxonomy":"category","embeddable":true,"href":"https:\/\/portalfloresnoar.com\/floresnoar\/wp-json\/wp\/v2\/categories?post=27413"},{"taxonomy":"post_tag","embeddable":true,"href":"https:\/\/portalfloresnoar.com\/floresnoar\/wp-json\/wp\/v2\/tags?post=27413"}],"curies":[{"name":"wp","href":"https:\/\/api.w.org\/{rel}","templated":true}]}}