

{"id":273,"date":"2011-05-18T20:41:00","date_gmt":"2011-05-18T23:41:00","guid":{"rendered":"http:\/\/portalfloresnoar.hospedagemdesites.ws\/floresnoar\/?p=273"},"modified":"2013-01-23T12:07:55","modified_gmt":"2013-01-23T15:07:55","slug":"o-que-e-bom-para-o-coracao-e-bom-para-todo-o-nosso-ser","status":"publish","type":"post","link":"https:\/\/portalfloresnoar.com\/floresnoar\/o-que-e-bom-para-o-coracao-e-bom-para-todo-o-nosso-ser\/","title":{"rendered":"&#8216; O que \u00e9 bom para o cora\u00e7\u00e3o \u00e9 bom para todo o nosso ser&#8217;"},"content":{"rendered":"<p><span style=\"font-style: italic;\"><span style=\"color: #cc0000; font-weight: bold;\">Por Bento de Albuquerque*<\/span><\/span><br \/>\n<span style=\"font-size: x-small;\">bentocristal@gmail.com<\/span><\/p>\n<pre>\"Tua LUZ vem para me guiar\r\n Vibra\u00e7\u00e3o que vem para curar\r\n Das doen\u00e7as eu vou me livrar\r\n Deus \u00e9 a Luz que me faz enxegar\r\n O caminho para atravessar\r\n Tenho f\u00e9 de me harmonizar\r\n Para a Luz poder me dominar...\"<\/pre>\n<p>Essa \u00e9 uma m\u00fasica, que continua, e \u00e9 de inspira\u00e7\u00e3o celestial, ofertada para esse ser que escreve, por uma grande amiga e dirigente do Centro Livre Divina Luz em Bras\u00edlia.<\/p>\n<p>E hoje, olhando o p\u00f4r do sol aqui na cidade dos cristais-Alto Para\u00edso de Goi\u00e1s- que estava totalmente rosa, me inspirou a continuar a falar sobre esses belos esp\u00e9cimes da terra e do espa\u00e7o.<\/p>\n<p>No artigo anterior falei sobre o quartzo rosa, que me apareceu na inf\u00e2ncia e que eu gostava muito e que depois desapareceu na adolesc\u00eancia.<\/p>\n<p>Bom, aconteceu! Na semana passada estava eu na casa de uma amiga irm\u00e3 em Bras\u00edlia e conversando com ela e falando do curso de cristais que ministrei a\u00ed em Recife e do artigo que escrevi para esse Blog&#8230;olhei para uma estante cheia de livros e vi um ENORME cristal de quartzo rosa. Achei lindo e perguntei para ela: Que lindo, de onde veio esse cristal? Resposta: \u00c9 seu, voc\u00ea deixou aqui h\u00e1 muitos anos!!!!<\/p>\n<p>Quase cai, ou seja, quase voei de felicidade e de emo\u00e7\u00e3o.<\/p>\n<p>N\u00f3s nos reencontramos ap\u00f3s tantos anos. E agora ele est\u00e1 aqui comigo em Alto Para\u00edso num belo jardim e eu estou me banhando com sua frequ\u00eancia de Amor e meditando com ele e com um quartzo verde. Duas pedras por excel\u00eancia do chakra do cora\u00e7\u00e3o.<\/p>\n<p>Muitas m\u00e1goas, tristezas, medos e tremores est\u00e3o reaparecendo de forma suave e estou conseguindo nessa imensid\u00e3o do planalto central, respirar as informa\u00e7\u00f5es e purificar meu ser.<br \/>\nO quartzo verde \u00e9 uma pedra de cura, da sa\u00fade. Restabelece as energias do corpo e auxilia na circula\u00e7\u00e3o, seja f\u00edsica, mental, emocional e espiritual. A luz verde refresca e junto com o quartzo rosa, cura e abre as portas para o mestre: O CORA\u00c7\u00c3O!<\/p>\n<p>O que \u00e9 bom para o cora\u00e7\u00e3o \u00e9 bom para todo nosso ser.<\/p>\n<p>Nesse momento de grandes transforma\u00e7\u00f5es por que passa o planeta e todoas os que aqui habitam, que os cristais sejam um dos nossos ajudantes e que coloquem Luz na nossa consci\u00eancia para sermos o que j\u00e1 somos e esquecemos: SERES DE LUZ EM DESENVOLVIMENTO AQUI NA TERRA. Seres, que estamos aqui nesse jardim divino, experienciando a cria\u00e7\u00e3o e r\u00e1pido voltarmos a celebrar e dan\u00e7ar a vida.<\/p>\n<p>Ao entrar em estado calmo, durante sua pr\u00e1tica meditativa, coloque o cristal de quartzo rosa e verde no centro de seu peito e respire a Luz rosa e verde para dentro do chakra do cora\u00e7\u00e3o, por uns 15 minutos di\u00e1rios. Guarde-os depois no seu altar particular ou num saquinho de algod\u00e3o. Quando voc\u00ea for tomar banho de mar ou cachoeira, ou rio&#8230;leve-os, lave-os e sinta a felicidade possuir seu cora\u00e7\u00e3o.<\/p>\n<p>Sauda\u00e7\u00f5es cristalinas!<\/p>\n<p><span style=\"font-size: 78%;\"><span style=\"font-style: italic;\">* Bento de Albuquerque \u00e9 Massoterapeuta e estudioso dos cristais.<\/span><\/span><\/p>\n<p>Leia tamb\u00e9m: <a href=\"http:\/\/portalfloresnoar.com\/floresnoar\/cristais-lanternas-divinas\/\" target=\"_blank\">&#8216;Cristais: Lanternas divinas&#8217;<\/a><\/p>\n","protected":false},"excerpt":{"rendered":"<p>Por Bento de Albuquerque* bentocristal@gmail.com &#8220;Tua LUZ vem para me guiar Vibra\u00e7\u00e3o que vem para curar Das doen\u00e7as eu vou me livrar Deus \u00e9 a Luz que me faz enxegar O caminho para atravessar Tenho f\u00e9 de me harmonizar Para a Luz poder me dominar&#8230;&#8221; Essa \u00e9 uma m\u00fasica, que continua, e \u00e9 de inspira\u00e7\u00e3o [&hellip;]<\/p>\n","protected":false},"author":1,"featured_media":6028,"comment_status":"open","ping_status":"open","sticky":false,"template":"","format":"standard","meta":{"om_disable_all_campaigns":false,"_monsterinsights_skip_tracking":false,"_monsterinsights_sitenote_active":false,"_monsterinsights_sitenote_note":"","_monsterinsights_sitenote_category":0,"footnotes":""},"categories":[10],"tags":[29],"acf":[],"publishpress_future_action":{"enabled":false,"date":"1969-12-31 21:00:00","action":"","terms":[],"taxonomy":"","browser_timezone_offset":0},"_links":{"self":[{"href":"https:\/\/portalfloresnoar.com\/floresnoar\/wp-json\/wp\/v2\/posts\/273"}],"collection":[{"href":"https:\/\/portalfloresnoar.com\/floresnoar\/wp-json\/wp\/v2\/posts"}],"about":[{"href":"https:\/\/portalfloresnoar.com\/floresnoar\/wp-json\/wp\/v2\/types\/post"}],"author":[{"embeddable":true,"href":"https:\/\/portalfloresnoar.com\/floresnoar\/wp-json\/wp\/v2\/users\/1"}],"replies":[{"embeddable":true,"href":"https:\/\/portalfloresnoar.com\/floresnoar\/wp-json\/wp\/v2\/comments?post=273"}],"version-history":[{"count":0,"href":"https:\/\/portalfloresnoar.com\/floresnoar\/wp-json\/wp\/v2\/posts\/273\/revisions"}],"wp:featuredmedia":[{"embeddable":true,"href":"https:\/\/portalfloresnoar.com\/floresnoar\/wp-json\/wp\/v2\/media\/6028"}],"wp:attachment":[{"href":"https:\/\/portalfloresnoar.com\/floresnoar\/wp-json\/wp\/v2\/media?parent=273"}],"wp:term":[{"taxonomy":"category","embeddable":true,"href":"https:\/\/portalfloresnoar.com\/floresnoar\/wp-json\/wp\/v2\/categories?post=273"},{"taxonomy":"post_tag","embeddable":true,"href":"https:\/\/portalfloresnoar.com\/floresnoar\/wp-json\/wp\/v2\/tags?post=273"}],"curies":[{"name":"wp","href":"https:\/\/api.w.org\/{rel}","templated":true}]}}