

{"id":27262,"date":"2017-01-02T05:40:27","date_gmt":"2017-01-02T08:40:27","guid":{"rendered":"http:\/\/portalfloresnoar.com\/floresnoar\/?p=27262"},"modified":"2017-01-12T10:11:55","modified_gmt":"2017-01-12T13:11:55","slug":"agenda-pe-colonia-de-ferias-na-casa-vival-de-9-a-27-de-janeiro","status":"publish","type":"post","link":"https:\/\/portalfloresnoar.com\/floresnoar\/agenda-pe-colonia-de-ferias-na-casa-vival-de-9-a-27-de-janeiro\/","title":{"rendered":"[AGENDA PE] Col\u00f4nia de F\u00e9rias na Casa Vival at\u00e9 27 de janeiro"},"content":{"rendered":"<p><img decoding=\"async\" loading=\"lazy\" class=\"aligncenter size-full wp-image-27274\" alt=\"ferias-na-casa-vival\" src=\"http:\/\/portalfloresnoar.com\/floresnoar\/wp-content\/uploads\/2016\/12\/ferias-na-casa-vival.jpg\" width=\"700\" height=\"904\" srcset=\"https:\/\/portalfloresnoar.com\/floresnoar\/wp-content\/uploads\/2016\/12\/ferias-na-casa-vival.jpg 700w, https:\/\/portalfloresnoar.com\/floresnoar\/wp-content\/uploads\/2016\/12\/ferias-na-casa-vival-232x300.jpg 232w\" sizes=\"(max-width: 700px) 100vw, 700px\" \/><\/p>\n<p>A Casa Vival promove de 9 a 27 de janeiro de 2017 uma Col\u00f4nia de F\u00e9rias, com atividades de artes pl\u00e1sticas, m\u00fasica, dan\u00e7a, artes c\u00eanicas, yoga, medita\u00e7\u00e3o, culin\u00e1ria vegana, permacultura\u00a0e muita brincadeira. As viv\u00eancias acontecem das 8h30 \u00e0s 12h30 e\u00a0s\u00e3o voltadas para crian\u00e7as de 5 a 12 anos.<\/p>\n<p>&#8220;A Col\u00f4nia de f\u00e9rias da Casa Vival vem com uma proposta pedag\u00f3gica fundamentada na Psicologia Positiva e na Teoria da Intelig\u00eancia Emocional, possibilitando a crian\u00e7as de 5 a 12 anos vivenciarem um m\u00eas muito m\u00e1gico&#8221;, declara Ver\u00f4nica Tavares, coordenadora da Casa Vival.<\/p>\n<p>Todo o trabalho da col\u00f4nia de f\u00e9rias ser\u00e1 baseado nas atividades e concep\u00e7\u00e3o de educa\u00e7\u00e3o de Jos\u00e9 Pacheco e de sua experi\u00eancia na Escola da Ponte. O eixo norteador das atividades ser\u00e1 a elei\u00e7\u00e3o coletiva de uma tem\u00e1tica para cria\u00e7\u00e3o e execu\u00e7\u00e3o do projeto de f\u00e9rias. A partir dessa escolha, todos, docentes e crian\u00e7as, trabalhar\u00e3o na defini\u00e7\u00e3o das atividades pedag\u00f3gicas, brincadeiras, brinquedos, experi\u00eancias etc.&#8221;<\/p>\n<p>A col\u00f4nia de f\u00e9rias contar\u00e1 com profissionais na \u00e1rea de psicologia, teatro, pedagogia, dan\u00e7a, m\u00fasica, artes, linguagem e biologia, que estar\u00e3o dispon\u00edveis para realizar v\u00e1rias atividades, tais como: constru\u00e7\u00e3o de brinquedos antigos, jogos e brincadeiras populares &#8211; pular corda, academia\/amarelinha, bola de gude, e de outros pa\u00edses e culturas &#8211; t\u00e9cnicas de pinturas em camisas, escrita, leitura, releitura, conta\u00e7\u00e3o e reconto de est\u00f3rias, jogos e din\u00e2micas de grupo, dan\u00e7as populares &#8211; frevo, ciranda, maracatu &#8211; , express\u00e3o corporal, constru\u00e7\u00e3o de brinquedos para parques infantis com material aproveitado da natureza, constru\u00e7\u00e3o de hortas e canteiros, experi\u00eancia culin\u00e1ria, medita\u00e7\u00e3o sonora, musicaliza\u00e7\u00e3o, viv\u00eancia em yoga, dentre v\u00e1rias outras atividades poss\u00edveis de cria\u00e7\u00e3o pela imagina\u00e7\u00e3o infantil. Tudo a partir do projeto que ser\u00e1 constru\u00eddo em conjunto com as crian\u00e7as.<\/p>\n<p>SUPER PROMO\u00c7\u00c3O DE NATAL!!!<br \/>\nDESCONTOS NAS INSCRI\u00c7\u00d5ES REALIZADAS AT\u00c9 27\/12\/2016<br \/>\n<strong>Valores at\u00e9 o dia 27\/12\/2016<\/strong><br \/>\n1 semana \u00a0R$ 210,00<br \/>\n2 semanas \u00a0R$ 390,00<br \/>\n3 semanas R$ 550,00<\/p>\n<p><strong>Valores at\u00e9 o dia 3\/1\/2017<\/strong><br \/>\n1 semana R$ 210,00<br \/>\n2 semanas R$ 390,00<br \/>\n3 semanas R$ 550,00<\/p>\n<p><strong>Valores ap\u00f3s o dia 3\/1\/2017:<\/strong><br \/>\n1 semana R$ 250,00<br \/>\n2 semanas R$ 460,00<br \/>\n3 semanas R$ 650,00<\/p>\n<p>Nesses valores est\u00e3o inclusos: o lanche, uma op\u00e7\u00e3o de alimenta\u00e7\u00e3o natural e saud\u00e1vel (sem prote\u00edna animal); um voucher para os pais participarem de uma sess\u00e3o em grupo de coaching sobre relacionamento familiar; uma viv\u00eancia em constela\u00e7\u00e3o familiar sist\u00eamica.<\/p>\n<p><strong>Idade:<\/strong> 05 a 12 anos<br \/>\n<strong>Data:<\/strong> De 09 a 27\/01\/17<br \/>\n<strong>Hor\u00e1rio:<\/strong> 8h30 \u00e0s 12h30<br \/>\n<strong>Local:<\/strong>\u00a0Casa Vival \u2013 Rua Santo \u00c2ngelo, 107 \u2013 Aldeia \u2013 Camaragibe<\/p>\n<p><strong>Pr\u00e9-inscri\u00e7\u00e3o:<\/strong><br \/>\n<a href=\"https:\/\/goo.gl\/forms\/MwlcyQTf0FAFl6jc2\" target=\"_blank\">https:\/\/goo.gl\/forms\/MwlcyQTf0FAFl6jc2<\/a><\/p>\n<p><strong>Evento no facebook:\u00a0<\/strong><a href=\"https:\/\/www.facebook.com\/events\/441664602889226\/\" target=\"_blank\">https:\/\/www.facebook.com\/events\/441664602889226\/<\/a><\/p>\n<p><strong>Mais Informa\u00e7\u00f5es:<\/strong> 81. 99928-7297\/ 99292-6027<\/p>\n<p><em>Obs: A op\u00e7\u00e3o de condu\u00e7\u00e3o para os bairros do Recife ser\u00e1 viabilizada a partir de seis crian\u00e7as em cada \u00e1rea da cidade \u2013 zona norte e\/ou zona sul.<\/em><\/p>\n","protected":false},"excerpt":{"rendered":"<p>A Casa Vival promove de 9 a 27 de janeiro de 2017 uma Col\u00f4nia de F\u00e9rias, com atividades de artes pl\u00e1sticas, m\u00fasica, dan\u00e7a, artes c\u00eanicas, yoga, medita\u00e7\u00e3o, culin\u00e1ria vegana, permacultura\u00a0e muita brincadeira. As viv\u00eancias acontecem das 8h30 \u00e0s 12h30 e\u00a0s\u00e3o voltadas para crian\u00e7as de 5 a 12 anos. &#8220;A Col\u00f4nia de f\u00e9rias da Casa Vival [&hellip;]<\/p>\n","protected":false},"author":1,"featured_media":27264,"comment_status":"open","ping_status":"open","sticky":false,"template":"","format":"standard","meta":{"om_disable_all_campaigns":false,"_monsterinsights_skip_tracking":false,"_monsterinsights_sitenote_active":false,"_monsterinsights_sitenote_note":"","_monsterinsights_sitenote_category":0,"footnotes":""},"categories":[8,224,214],"tags":[223,340,328],"acf":[],"publishpress_future_action":{"enabled":false,"date":"1969-12-31 21:00:00","action":"","terms":[],"taxonomy":"","browser_timezone_offset":0},"_links":{"self":[{"href":"https:\/\/portalfloresnoar.com\/floresnoar\/wp-json\/wp\/v2\/posts\/27262"}],"collection":[{"href":"https:\/\/portalfloresnoar.com\/floresnoar\/wp-json\/wp\/v2\/posts"}],"about":[{"href":"https:\/\/portalfloresnoar.com\/floresnoar\/wp-json\/wp\/v2\/types\/post"}],"author":[{"embeddable":true,"href":"https:\/\/portalfloresnoar.com\/floresnoar\/wp-json\/wp\/v2\/users\/1"}],"replies":[{"embeddable":true,"href":"https:\/\/portalfloresnoar.com\/floresnoar\/wp-json\/wp\/v2\/comments?post=27262"}],"version-history":[{"count":0,"href":"https:\/\/portalfloresnoar.com\/floresnoar\/wp-json\/wp\/v2\/posts\/27262\/revisions"}],"wp:featuredmedia":[{"embeddable":true,"href":"https:\/\/portalfloresnoar.com\/floresnoar\/wp-json\/wp\/v2\/media\/27264"}],"wp:attachment":[{"href":"https:\/\/portalfloresnoar.com\/floresnoar\/wp-json\/wp\/v2\/media?parent=27262"}],"wp:term":[{"taxonomy":"category","embeddable":true,"href":"https:\/\/portalfloresnoar.com\/floresnoar\/wp-json\/wp\/v2\/categories?post=27262"},{"taxonomy":"post_tag","embeddable":true,"href":"https:\/\/portalfloresnoar.com\/floresnoar\/wp-json\/wp\/v2\/tags?post=27262"}],"curies":[{"name":"wp","href":"https:\/\/api.w.org\/{rel}","templated":true}]}}