

{"id":27196,"date":"2016-11-08T07:00:01","date_gmt":"2016-11-08T10:00:01","guid":{"rendered":"http:\/\/portalfloresnoar.com\/floresnoar\/?p=27196"},"modified":"2016-12-17T11:09:41","modified_gmt":"2016-12-17T14:09:41","slug":"agenda-pe-encontros-biodanca-deeksha-e-rito-de-passagem-dia-1712-na-chacara-esmeralda","status":"publish","type":"post","link":"https:\/\/portalfloresnoar.com\/floresnoar\/agenda-pe-encontros-biodanca-deeksha-e-rito-de-passagem-dia-1712-na-chacara-esmeralda\/","title":{"rendered":"[AGENDA PE] Encontros, Biodan\u00e7a, Deeksha e Rito de Passagem dia 17\/12 na Ch\u00e1cara Esmeralda"},"content":{"rendered":"<p><img decoding=\"async\" loading=\"lazy\" class=\"wp-image-20644 aligncenter\" alt=\"biodan\u00e7a aldeia\" src=\"http:\/\/portalfloresnoar.com\/floresnoar\/wp-content\/uploads\/2015\/04\/biodan\u00e7a-aldeia.jpg\" width=\"595\" height=\"303\" srcset=\"https:\/\/portalfloresnoar.com\/floresnoar\/wp-content\/uploads\/2015\/04\/biodan\u00e7a-aldeia.jpg 1068w, https:\/\/portalfloresnoar.com\/floresnoar\/wp-content\/uploads\/2015\/04\/biodan\u00e7a-aldeia-300x152.jpg 300w, https:\/\/portalfloresnoar.com\/floresnoar\/wp-content\/uploads\/2015\/04\/biodan\u00e7a-aldeia-1024x520.jpg 1024w\" sizes=\"(max-width: 595px) 100vw, 595px\" \/><\/p>\n<p>O Espa\u00e7o Lapis Lazuli promove em dezembro um dia de celebra\u00e7\u00e3o e encontros, com Roda de Biodan\u00e7a, Deeksha, Ritual de Passagem de 2016 para 2017 e almo\u00e7o fraterno. Ser\u00e1 no dia 17\/12, das 10h \u00e0s 17h, na Ch\u00e1cara esmeralda, em Aldeia.<\/p>\n<p>PROGRAMA\u00c7\u00c3O<br \/>\n* Roda de Biodan\u00e7a \u2013 A dan\u00e7a da vida, com O facilitador Roberto Pagano<br \/>\n* Almo\u00e7o fraterno \u2013 compartilhando o alimento<br \/>\n* Deeksha \u2013 &#8216;A Ben\u00e7\u00e3o da Unidade&#8217;, com a Deeksha Giver Aura Maximiliano<br \/>\n* Rito de Passagem \u2013 Celebra\u00e7\u00e3o de agradecimento pelo ano de 2016 e abertura energ\u00e9tica para 2017, com a terapeuta Goretti Melo<\/p>\n<p><strong>Dia:<\/strong> 17\/12\/2016<br \/>\n<strong>Hor\u00e1rio:<\/strong> das 10h \u00e0s 17h<br \/>\n<strong>Local:<\/strong> Ch\u00e1cara Esmeralda \u2013 Estrada de Aldeia km 8,2 \u2013 Aldeia\/PE (<a href=\"https:\/\/goo.gl\/maps\/wpPJFvzhjcx\" target=\"_blank\">https:\/\/goo.gl\/maps\/wpPJFvzhjcx<\/a>)<br \/>\n<strong>Contribui\u00e7\u00e3o:<\/strong> R$ 50,00 + prato saud\u00e1vel e gostoso para o almo\u00e7o fraterno<\/p>\n<p><strong>Informa\u00e7\u00f5es e inscri\u00e7\u00f5es com Goretti:<\/strong><br \/>\nZAP (81) 98855-6581 &#8211; (81) 3033-1289 &#8211; lazulirecife@gmail.com<\/p>\n<p><strong>Evento no Facebook:<\/strong><a href=\" https:\/\/www.facebook.com\/events\/1719786311672765\/\" target=\"_blank\">\u00a0https:\/\/www.facebook.com\/events\/1719786311672765\/<\/a><\/p>\n<p><strong>Para saber mais sobre os trabalhos do Lapis Lazuli, acesse:<\/strong><br \/>\n<a href=\"http:\/\/lapislazuli-recife.blogspot.com.br\/\" target=\"_blank\">http:\/\/lapislazuli-recife.blogspot.com.br\/<\/a><br \/>\n<a href=\"http:\/\/www.facebook.com\/espacolapislazuli\" target=\"_blank\">www.facebook.com\/espacolapislazuli<\/a><\/p>\n","protected":false},"excerpt":{"rendered":"<p>O Espa\u00e7o Lapis Lazuli promove em dezembro um dia de celebra\u00e7\u00e3o e encontros, com Roda de Biodan\u00e7a, Deeksha, Ritual de Passagem de 2016 para 2017 e almo\u00e7o fraterno. Ser\u00e1 no dia 17\/12, das 10h \u00e0s 17h, na Ch\u00e1cara esmeralda, em Aldeia. PROGRAMA\u00c7\u00c3O * Roda de Biodan\u00e7a \u2013 A dan\u00e7a da vida, com O facilitador Roberto [&hellip;]<\/p>\n","protected":false},"author":1,"featured_media":21243,"comment_status":"open","ping_status":"open","sticky":false,"template":"","format":"standard","meta":{"om_disable_all_campaigns":false,"_monsterinsights_skip_tracking":false,"_monsterinsights_sitenote_active":false,"_monsterinsights_sitenote_note":"","_monsterinsights_sitenote_category":0,"footnotes":""},"categories":[8,214],"tags":[66,295],"acf":[],"publishpress_future_action":{"enabled":false,"date":"1969-12-31 21:00:00","action":"","terms":[],"taxonomy":"","browser_timezone_offset":0},"_links":{"self":[{"href":"https:\/\/portalfloresnoar.com\/floresnoar\/wp-json\/wp\/v2\/posts\/27196"}],"collection":[{"href":"https:\/\/portalfloresnoar.com\/floresnoar\/wp-json\/wp\/v2\/posts"}],"about":[{"href":"https:\/\/portalfloresnoar.com\/floresnoar\/wp-json\/wp\/v2\/types\/post"}],"author":[{"embeddable":true,"href":"https:\/\/portalfloresnoar.com\/floresnoar\/wp-json\/wp\/v2\/users\/1"}],"replies":[{"embeddable":true,"href":"https:\/\/portalfloresnoar.com\/floresnoar\/wp-json\/wp\/v2\/comments?post=27196"}],"version-history":[{"count":0,"href":"https:\/\/portalfloresnoar.com\/floresnoar\/wp-json\/wp\/v2\/posts\/27196\/revisions"}],"wp:featuredmedia":[{"embeddable":true,"href":"https:\/\/portalfloresnoar.com\/floresnoar\/wp-json\/wp\/v2\/media\/21243"}],"wp:attachment":[{"href":"https:\/\/portalfloresnoar.com\/floresnoar\/wp-json\/wp\/v2\/media?parent=27196"}],"wp:term":[{"taxonomy":"category","embeddable":true,"href":"https:\/\/portalfloresnoar.com\/floresnoar\/wp-json\/wp\/v2\/categories?post=27196"},{"taxonomy":"post_tag","embeddable":true,"href":"https:\/\/portalfloresnoar.com\/floresnoar\/wp-json\/wp\/v2\/tags?post=27196"}],"curies":[{"name":"wp","href":"https:\/\/api.w.org\/{rel}","templated":true}]}}