

{"id":27171,"date":"2016-12-01T11:06:13","date_gmt":"2016-12-01T14:06:13","guid":{"rendered":"http:\/\/portalfloresnoar.com\/floresnoar\/?p=27171"},"modified":"2016-12-01T11:06:13","modified_gmt":"2016-12-01T14:06:13","slug":"agenda-pe-exposicao-da-grafica-lenta-fica-em-cartaz-ate-2312-na-maumau","status":"publish","type":"post","link":"https:\/\/portalfloresnoar.com\/floresnoar\/agenda-pe-exposicao-da-grafica-lenta-fica-em-cartaz-ate-2312-na-maumau\/","title":{"rendered":"[AGENDA PE] Exposi\u00e7\u00e3o da Gr\u00e1fica Lenta fica em cartaz at\u00e9 23\/12 na Maumau"},"content":{"rendered":"<p><img decoding=\"async\" loading=\"lazy\" class=\" wp-image-27173 alignleft\" alt=\"brotaria\" src=\"http:\/\/portalfloresnoar.com\/floresnoar\/wp-content\/uploads\/2016\/12\/brotaria.jpg\" width=\"288\" height=\"288\" srcset=\"https:\/\/portalfloresnoar.com\/floresnoar\/wp-content\/uploads\/2016\/12\/brotaria.jpg 360w, https:\/\/portalfloresnoar.com\/floresnoar\/wp-content\/uploads\/2016\/12\/brotaria-150x150.jpg 150w, https:\/\/portalfloresnoar.com\/floresnoar\/wp-content\/uploads\/2016\/12\/brotaria-300x300.jpg 300w, https:\/\/portalfloresnoar.com\/floresnoar\/wp-content\/uploads\/2016\/12\/brotaria-100x100.jpg 100w\" sizes=\"(max-width: 288px) 100vw, 288px\" \/><br \/>\nEst\u00e1 em cartaz, at\u00e9 o dia 23 de dezembro de 2016, na Maumau Galeria, no Espinheiro, a exposi\u00e7\u00e3o Gr\u00e1fica Lenta, com pe\u00e7as criadas a partir de quatro oficinas de gravura para aplica\u00e7\u00e3o em diferentes suportes. Com apoio do Funcultura, foram realizadas oficinas de Carimbos Tipogr\u00e1ficos, Estamparia Experimental, Gifs Ordin\u00e1rios e Gravadores de R\u00f3tulos. Durante tr\u00eas meses, artistas de diferentes gera\u00e7\u00f5es, compartilharam suas t\u00e9cnicas e cria\u00e7\u00f5es, em agrad\u00e1veis encontros no quintal da Maumau.\u00a0<img decoding=\"async\" loading=\"lazy\" class=\"alignright\" alt=\"grafical-lenta-estampas\" src=\"http:\/\/portalfloresnoar.com\/floresnoar\/wp-content\/uploads\/2016\/12\/grafical-lenta-estampas.jpg\" width=\"258\" height=\"258\" \/><\/p>\n<p>Rinaldo Silva, Mauricio Castro, Regina Carvalho, Jos\u00e9 Paulo, Joelson Gomes s\u00e3o alguns dos artistas \u201cda velha guarda\u201d que compartilharam as viv\u00eancias com Bia Melo, Joana Liberal, Moacyr Campelo, Rodrigo Cabral, Greg\u00f3rio Vieira, Simone Mendes e muitos outros. Cerca de 30 artistas preencheram quintal e varandas com estampas e cores: bolsas, vestidos, len\u00e7os, camisas\u2026 Uma infinidade de produtos! Feitos um a um.<\/p>\n<p>Somada a essa diversa produ\u00e7\u00e3o, a Gr\u00e1fica Lenta convidou ainda quatro estilistas: Andrea Monteiro, Beto Normal, Ingrid Mata e Leila Bastos. Al\u00e9m de lindos encontros, essa parceria gerou uma \u2018cole\u00e7\u00e3o\u2019 de modelos e estampas \u00fanicas. S\u00e3o pe\u00e7as singulares todas estampadas \u00e0 m\u00e3o.<\/p>\n<p><strong>Exposi\u00e7\u00e3o Gr\u00e1fica Lenta<\/strong><br \/>\nEm cartaz at\u00e9 23\/12\/2016<br \/>\nHor\u00e1rio: ter\u00e7as, quintas, s\u00e1bados e domingos, das 14h \u00e0s 19h<br \/>\nLocal: Maumau &#8211; Rua Nicar\u00e1gua, 173, Espinheiro, Recife\/PE<br \/>\n+ Informa\u00e7\u00f5es: (81) 32217900 | 98661.7559<\/p>\n<p>&nbsp;<\/p>\n","protected":false},"excerpt":{"rendered":"<p>Est\u00e1 em cartaz, at\u00e9 o dia 23 de dezembro de 2016, na Maumau Galeria, no Espinheiro, a exposi\u00e7\u00e3o Gr\u00e1fica Lenta, com pe\u00e7as criadas a partir de quatro oficinas de gravura para aplica\u00e7\u00e3o em diferentes suportes. Com apoio do Funcultura, foram realizadas oficinas de Carimbos Tipogr\u00e1ficos, Estamparia Experimental, Gifs Ordin\u00e1rios e Gravadores de R\u00f3tulos. Durante tr\u00eas [&hellip;]<\/p>\n","protected":false},"author":1,"featured_media":27175,"comment_status":"open","ping_status":"open","sticky":false,"template":"","format":"standard","meta":{"om_disable_all_campaigns":false,"_monsterinsights_skip_tracking":false,"_monsterinsights_sitenote_active":false,"_monsterinsights_sitenote_note":"","_monsterinsights_sitenote_category":0,"footnotes":""},"categories":[8,224,214],"tags":[332,382],"acf":[],"publishpress_future_action":{"enabled":false,"date":"1969-12-31 21:00:00","action":"","terms":[],"taxonomy":"","browser_timezone_offset":0},"_links":{"self":[{"href":"https:\/\/portalfloresnoar.com\/floresnoar\/wp-json\/wp\/v2\/posts\/27171"}],"collection":[{"href":"https:\/\/portalfloresnoar.com\/floresnoar\/wp-json\/wp\/v2\/posts"}],"about":[{"href":"https:\/\/portalfloresnoar.com\/floresnoar\/wp-json\/wp\/v2\/types\/post"}],"author":[{"embeddable":true,"href":"https:\/\/portalfloresnoar.com\/floresnoar\/wp-json\/wp\/v2\/users\/1"}],"replies":[{"embeddable":true,"href":"https:\/\/portalfloresnoar.com\/floresnoar\/wp-json\/wp\/v2\/comments?post=27171"}],"version-history":[{"count":0,"href":"https:\/\/portalfloresnoar.com\/floresnoar\/wp-json\/wp\/v2\/posts\/27171\/revisions"}],"wp:featuredmedia":[{"embeddable":true,"href":"https:\/\/portalfloresnoar.com\/floresnoar\/wp-json\/wp\/v2\/media\/27175"}],"wp:attachment":[{"href":"https:\/\/portalfloresnoar.com\/floresnoar\/wp-json\/wp\/v2\/media?parent=27171"}],"wp:term":[{"taxonomy":"category","embeddable":true,"href":"https:\/\/portalfloresnoar.com\/floresnoar\/wp-json\/wp\/v2\/categories?post=27171"},{"taxonomy":"post_tag","embeddable":true,"href":"https:\/\/portalfloresnoar.com\/floresnoar\/wp-json\/wp\/v2\/tags?post=27171"}],"curies":[{"name":"wp","href":"https:\/\/api.w.org\/{rel}","templated":true}]}}