

{"id":27160,"date":"2016-11-25T11:14:01","date_gmt":"2016-11-25T14:14:01","guid":{"rendered":"http:\/\/portalfloresnoar.com\/floresnoar\/?p=27160"},"modified":"2016-11-30T21:26:44","modified_gmt":"2016-12-01T00:26:44","slug":"agenda-pe-lancamento-do-cd-historias-que-andei-do-mestre-galo-preto-nesta-quinta-feira-no-teatro-santa-izabel","status":"publish","type":"post","link":"https:\/\/portalfloresnoar.com\/floresnoar\/agenda-pe-lancamento-do-cd-historias-que-andei-do-mestre-galo-preto-nesta-quinta-feira-no-teatro-santa-izabel\/","title":{"rendered":"[AGENDA PE] Lan\u00e7amento do CD &#8216;Hist\u00f3rias que Andei&#8217;, do Mestre Galo Preto, nesta quinta-feira no Teatro Santa Izabel"},"content":{"rendered":"<p><img decoding=\"async\" loading=\"lazy\" class=\" wp-image-27162 alignleft\" alt=\"galo-preto\" src=\"http:\/\/portalfloresnoar.com\/floresnoar\/wp-content\/uploads\/2016\/11\/galo-preto.jpg\" width=\"347\" height=\"298\" srcset=\"https:\/\/portalfloresnoar.com\/floresnoar\/wp-content\/uploads\/2016\/11\/galo-preto.jpg 496w, https:\/\/portalfloresnoar.com\/floresnoar\/wp-content\/uploads\/2016\/11\/galo-preto-300x257.jpg 300w\" sizes=\"(max-width: 347px) 100vw, 347px\" \/>O Teatro de Santa Isabel abre suas portas, no dia 1\u00b0 de dezembro, para uma grande festa da cultura popular. \u00c9 neste dia que o Mestre Galo Preto, um dos maiores representantes da tradi\u00e7\u00e3o do coco, reconhecido como Patrim\u00f4nio Vivo de Pernambuco &#8211; lan\u00e7ar\u00e1 seu primeiro disco autoral, intitulado &#8216;Hist\u00f3rias que Andei&#8217;. O CD traz a arte e sabedoria musical do mestre que registra seu trabalho, pela primeira vez, aos 82 anos &#8211; mais de 70 de carreira.<\/p>\n<p>Patrocinado pelo programa Rumos Ita\u00fa Cultural, &#8216;Hist\u00f3rias que Andei&#8217; conta com 12 faixas que trazem o aut\u00eantico coco pernambucano com arranjos exclusivos de pandeiros, sanfona e o tradicional coco de trava l\u00edngua. Para o disco, Galo Preto cercou-se de uma equipe de m\u00fasicos e t\u00e9cnicos da nova gera\u00e7\u00e3o que somaram \u00e0 experi\u00eancia do mestre toda sua jovialidade. O resultado \u00e9 um trabalho que ilustra a tradi\u00e7\u00e3o de forma contempor\u00e2nea e atual. O CD imortaliza a obra do Mestre Galo Preto deixando para esta e futuras gera\u00e7\u00f5es sua arte e ensinamentos.<\/p>\n<p><strong>Lan\u00e7amento do CD &#8216;Hist\u00f3rias que Andei&#8217;, do Mestre Galo Preto<\/strong><br \/>\n<strong>Data\/ Hora:<\/strong> 1\u00b0 de Dezembro, \u00e0s 19h<br \/>\n<strong>Local:<\/strong> Teatro de Santa Isabel \u00b4(Pra\u00e7a da Rep\u00fablica, s\/n &#8211; Santo Ant\u00f4nio)<br \/>\n<strong>Entrada:<\/strong> GRATUITO<\/p>\n<p><strong>Evento no Facebook:\u00a0<\/strong><a href=\"https:\/\/www.facebook.com\/events\/353488131665122\/\" target=\"_blank\">https:\/\/www.facebook.com\/events\/353488131665122\/<\/a><\/p>\n","protected":false},"excerpt":{"rendered":"<p>O Teatro de Santa Isabel abre suas portas, no dia 1\u00b0 de dezembro, para uma grande festa da cultura popular. \u00c9 neste dia que o Mestre Galo Preto, um dos maiores representantes da tradi\u00e7\u00e3o do coco, reconhecido como Patrim\u00f4nio Vivo de Pernambuco &#8211; lan\u00e7ar\u00e1 seu primeiro disco autoral, intitulado &#8216;Hist\u00f3rias que Andei&#8217;. O CD traz [&hellip;]<\/p>\n","protected":false},"author":1,"featured_media":27163,"comment_status":"open","ping_status":"open","sticky":false,"template":"","format":"standard","meta":{"om_disable_all_campaigns":false,"_monsterinsights_skip_tracking":false,"_monsterinsights_sitenote_active":false,"_monsterinsights_sitenote_note":"","_monsterinsights_sitenote_category":0,"footnotes":""},"categories":[8,214],"tags":[125],"acf":[],"publishpress_future_action":{"enabled":false,"date":"1969-12-31 21:00:00","action":"","terms":[],"taxonomy":"","browser_timezone_offset":0},"_links":{"self":[{"href":"https:\/\/portalfloresnoar.com\/floresnoar\/wp-json\/wp\/v2\/posts\/27160"}],"collection":[{"href":"https:\/\/portalfloresnoar.com\/floresnoar\/wp-json\/wp\/v2\/posts"}],"about":[{"href":"https:\/\/portalfloresnoar.com\/floresnoar\/wp-json\/wp\/v2\/types\/post"}],"author":[{"embeddable":true,"href":"https:\/\/portalfloresnoar.com\/floresnoar\/wp-json\/wp\/v2\/users\/1"}],"replies":[{"embeddable":true,"href":"https:\/\/portalfloresnoar.com\/floresnoar\/wp-json\/wp\/v2\/comments?post=27160"}],"version-history":[{"count":0,"href":"https:\/\/portalfloresnoar.com\/floresnoar\/wp-json\/wp\/v2\/posts\/27160\/revisions"}],"wp:featuredmedia":[{"embeddable":true,"href":"https:\/\/portalfloresnoar.com\/floresnoar\/wp-json\/wp\/v2\/media\/27163"}],"wp:attachment":[{"href":"https:\/\/portalfloresnoar.com\/floresnoar\/wp-json\/wp\/v2\/media?parent=27160"}],"wp:term":[{"taxonomy":"category","embeddable":true,"href":"https:\/\/portalfloresnoar.com\/floresnoar\/wp-json\/wp\/v2\/categories?post=27160"},{"taxonomy":"post_tag","embeddable":true,"href":"https:\/\/portalfloresnoar.com\/floresnoar\/wp-json\/wp\/v2\/tags?post=27160"}],"curies":[{"name":"wp","href":"https:\/\/api.w.org\/{rel}","templated":true}]}}