

{"id":271,"date":"2011-11-12T11:21:00","date_gmt":"2011-11-12T14:21:00","guid":{"rendered":"http:\/\/portalfloresnoar.hospedagemdesites.ws\/floresnoar\/?p=271"},"modified":"2012-06-24T11:30:13","modified_gmt":"2012-06-24T14:30:13","slug":"a-ilusao-de-uma-economia-verde","status":"publish","type":"post","link":"https:\/\/portalfloresnoar.com\/floresnoar\/a-ilusao-de-uma-economia-verde\/","title":{"rendered":"A ilus\u00e3o de uma economia verde"},"content":{"rendered":"<p><em>por Leonardo Boff<\/em><br \/>\n(artigo copiado do blog do autor &#8211;\u00a0<a href=\"http:\/\/leonardoboff.wordpress.com\/\">http:\/\/leonardoboff.wordpress.com<\/a>)<\/p>\n<p>Tudo o que fizermos para proteger o planeta vivo que \u00e9 a Terra contra fatores que a tiraram de seu equil\u00edbrio e provocaram, em conseq\u00fc\u00eancia, o aquecimento global \u00e9 v\u00e1lido e deve ser apoiado. Na verdade, a express\u00e3o \u201caquecimento global\u201desconde fen\u00f4menos como: secas prolongadas que dizimam safras de gr\u00e3os, grandes inunda\u00e7\u00f5es e vendavais, falta de \u00e1gua, eros\u00e3o dos solos, fome, degrada\u00e7\u00e3o daqueles 15 entre os 24 servi\u00e7os, elencados pela Avalia\u00e7\u00e3o Ecossist\u00eamica da Terra (ONU), respons\u00e1veis pela sustentabilidade do planeta(\u00e1gua, energia, solos, sementes, fibras etc).<!--more--><\/p>\n<p>A quest\u00e3o central nem \u00e9 salvar a Terra. Ela se salva a si mesma e, se for preciso, nos expulsando de seu seio. Mas como nos salvamos a n\u00f3s mesmos e a nossa civiliza\u00e7\u00e3o? Esta \u00e9 real quest\u00e3o que a maioria d\u00e1 de ombros,especialmente os que tratam da macroeconomia.<\/p>\n<p>A produ\u00e7\u00e3o de baixo de carbono, os produtos org\u00e2nicos, energia solar e e\u00f3lica, a diminui\u00e7\u00e3o, o mais poss\u00edvel, de interven\u00e7\u00e3o nos ritmos da natureza, a busca da reposi\u00e7\u00e3o dos bens utilizados, a reciclagem, tudo que vem sob o nome de economia verde s\u00e3o os processos mais buscados e difundidos. E \u00e9 recomend\u00e1vel que esse modo de produzir se imponha.<\/p>\n<p>Mesmo assim n\u00e3o devemos nos iludir e perder o sentido critico. Fala-se de economia verde para evitar a quest\u00e3o da sustentabilidade que se encontra em oposi\u00e7\u00e3o ao atual modo de produ\u00e7\u00e3o e consumo. Mas no fundo, trata-se de medidas dentro do mesmo paradigma de domina\u00e7\u00e3o da natureza. N\u00e3o existe o verde e o n\u00e3o verde. Todos os produtos contem nas v\u00e1rias fases de sua produ\u00e7\u00e3o, elementos t\u00f3xicos, danosos \u00e0 sa\u00fade da Terra e da sociedade. Hoje pelo m\u00e9todo da An\u00e1lise do Ciclo de Vida podemos exibir e monitorar as complexas inter-rela\u00e7\u00f5es entre as v\u00e1rias etapas, da extra\u00e7\u00e3o, do transporte, da produ\u00e7\u00e3o, do uso e do descarte de cada produto e seus impactos ambientais. Ai fica claro que o pretendido verde n\u00e3o \u00e9 t\u00e3o verde assim. O verde representa apenas uma etapa de todo um processo. A produ\u00e7\u00e3o nunca \u00e9 de todo ecoamig\u00e1vel.<\/p>\n<p>Tomemos como exemplo o etanol, dado como energia limpa e alternativa \u00e0 energia f\u00f3ssil e suja do petr\u00f3leo. Ele \u00e9 limpo somente na boca da bomba de abastecimento. Todo o processo de sua produ\u00e7\u00e3o \u00e9 altamente poluidor: os agrot\u00f3xicos aplicados ao solo, as queimadas, o transporte com grandes caminh\u00f5es que emitem gases, as emiss\u00f5es das f\u00e1bricas, os efluentes l\u00edquidos e o baga\u00e7o. Os pesticidas eliminam bact\u00e9rias e expulsam as minhocas que s\u00e3o fundamentais para a regenera\u00e7\u00e3o os solos; elas s\u00f3 voltam depois de cinco anos.<\/p>\n<p>Para garantirmos uma produ\u00e7\u00e3o, necess\u00e1ria \u00e0 vida, que n\u00e3o estresse e degrade a natureza, precisamos mais do que a busca do verde. A crise \u00e9 conceptual e n\u00e3o econ\u00f4mica. A rela\u00e7\u00e3o para com a Terra tem que mudar. Somos parte de Gaia e por nossa atua\u00e7\u00e3o cuidadosa a tornamos mais consciente e com mais chance de assegurar sua vitalidade.<\/p>\n<p>Para nos salvar n\u00e3o vejo outro caminho sen\u00e3o aquele apontado pela Carta da Terra:\u201do destino comum nos conclama a buscar um novo come\u00e7o; isto requer uma mudan\u00e7a na mente e no cora\u00e7\u00e3o; demanda um novo sentido de interdepend\u00eancia global e de responsabilidade universal\u201d(final).<\/p>\n<p>Mudan\u00e7a de mente significa um novo conceito de Terra como Gaia. Ela n\u00e3o nos pertence, mas ao conjunto dos ecossistemas que servem \u00e0 totalidade da vida, regulando sua base biof\u00edsica e os climas. Ela criou toda a comunidade de vida e n\u00e3o apenas n\u00f3s. N\u00f3s somos sua por\u00e7\u00e3o consciente e respons\u00e1vel. O trabalho mais pesado \u00e9 feito pelos nossos parceiros invis\u00edveis, verdadeiro proletariado natural, os microorganismos, as bact\u00e9rias e fungos que s\u00e3o bilh\u00f5es em cada culherada de ch\u00e3o. S\u00e3o eles que sustentam efetivamente a vida j\u00e1 h\u00e1 3,8 bilh\u00f5es de anos. Nossa rela\u00e7\u00e3o para com a Terra deve ser como aquela com nossas m\u00e3es: de respeito e gratid\u00e3o. Devemos devolver, agradecidos, o que ela nos d\u00e1 e manter sua capacidade vital.<\/p>\n<p>Mudan\u00e7a de cora\u00e7\u00e3o significa que al\u00e9m da raz\u00e3o instrumental com a qual organizamos a produ\u00e7\u00e3o, precisamos da raz\u00e3o cordial e sens\u00edvel que se expressa pelo amor \u00e0 Terra e pelo respeito a cada ser da cria\u00e7\u00e3o porque \u00e9 nosso companheiro na comunidade de vida e pelo sentimento de reciprocidade, de interdepend\u00eancia e de cuidado, pois essa \u00e9 nossa miss\u00e3o.<\/p>\n<p>Sem essa convers\u00e3o n\u00e3o sairemos da miopia de uma economia verde.S\u00f3 novas mentes e novos cora\u00e7\u00f5es gestar\u00e3o outro futuro.<\/p>\n","protected":false},"excerpt":{"rendered":"<p>por Leonardo Boff (artigo copiado do blog do autor &#8211;\u00a0http:\/\/leonardoboff.wordpress.com) Tudo o que fizermos para proteger o planeta vivo que \u00e9 a Terra contra fatores que a tiraram de seu equil\u00edbrio e provocaram, em conseq\u00fc\u00eancia, o aquecimento global \u00e9 v\u00e1lido e deve ser apoiado. Na verdade, a express\u00e3o \u201caquecimento global\u201desconde fen\u00f4menos como: secas prolongadas que [&hellip;]<\/p>\n","protected":false},"author":1,"featured_media":0,"comment_status":"open","ping_status":"open","sticky":false,"template":"","format":"standard","meta":{"om_disable_all_campaigns":false,"_monsterinsights_skip_tracking":false,"_monsterinsights_sitenote_active":false,"_monsterinsights_sitenote_note":"","_monsterinsights_sitenote_category":0,"footnotes":""},"categories":[10],"tags":[26],"acf":[],"publishpress_future_action":{"enabled":false,"date":"1969-12-31 21:00:00","action":"","terms":[],"taxonomy":"","browser_timezone_offset":0},"_links":{"self":[{"href":"https:\/\/portalfloresnoar.com\/floresnoar\/wp-json\/wp\/v2\/posts\/271"}],"collection":[{"href":"https:\/\/portalfloresnoar.com\/floresnoar\/wp-json\/wp\/v2\/posts"}],"about":[{"href":"https:\/\/portalfloresnoar.com\/floresnoar\/wp-json\/wp\/v2\/types\/post"}],"author":[{"embeddable":true,"href":"https:\/\/portalfloresnoar.com\/floresnoar\/wp-json\/wp\/v2\/users\/1"}],"replies":[{"embeddable":true,"href":"https:\/\/portalfloresnoar.com\/floresnoar\/wp-json\/wp\/v2\/comments?post=271"}],"version-history":[{"count":0,"href":"https:\/\/portalfloresnoar.com\/floresnoar\/wp-json\/wp\/v2\/posts\/271\/revisions"}],"wp:attachment":[{"href":"https:\/\/portalfloresnoar.com\/floresnoar\/wp-json\/wp\/v2\/media?parent=271"}],"wp:term":[{"taxonomy":"category","embeddable":true,"href":"https:\/\/portalfloresnoar.com\/floresnoar\/wp-json\/wp\/v2\/categories?post=271"},{"taxonomy":"post_tag","embeddable":true,"href":"https:\/\/portalfloresnoar.com\/floresnoar\/wp-json\/wp\/v2\/tags?post=271"}],"curies":[{"name":"wp","href":"https:\/\/api.w.org\/{rel}","templated":true}]}}